{"id":60967,"date":"2026-08-25T01:00:34","date_gmt":"2026-08-25T04:00:34","guid":{"rendered":"https:\/\/blogdojuniorcavalcanti.com.br\/?p=60967"},"modified":"2026-08-24T17:40:16","modified_gmt":"2026-08-24T20:40:16","slug":"patos-e-certificada-como-cidade-arvore-do-mundo-e-entra-para-lista-com-52-municipios-brasileiros","status":"publish","type":"post","link":"https:\/\/blogdojuniorcavalcanti.com.br\/index.php\/2026\/08\/25\/patos-e-certificada-como-cidade-arvore-do-mundo-e-entra-para-lista-com-52-municipios-brasileiros\/","title":{"rendered":"Patos \u00e9 certificada como Cidade \u00c1rvore do Mundo e entra para lista com 52 munic\u00edpios brasileiros"},"content":{"rendered":"<p style=\"text-align: justify;\"><span style=\"font-size: 14pt; font-family: arial, helvetica, sans-serif;\">A cidade de Patos, no Sert\u00e3o da Para\u00edba, foi certificada como Cidade \u00c1rvore do Mundo durante o 2\u00ba Simp\u00f3sio das Cidades Brasileiras \u2013 \u00c1rvores do Mundo, realizado em Cubat\u00e3o, S\u00e3o Paulo. Com o reconhecimento, o munic\u00edpio passa a integrar uma lista que re\u00fane 52 cidades brasileiras.<\/span><\/p>\n<p style=\"text-align: justify;\"><span style=\"font-size: 14pt; font-family: arial, helvetica, sans-serif;\">A certifica\u00e7\u00e3o \u00e9 concedida pelo programa Tree Cities of the World, da Arbor Day Foundation, em parceria com a Sociedade Brasileira de Arboriza\u00e7\u00e3o Urbana (SBAU), e reconhece cidades que desenvolvem a\u00e7\u00f5es de arboriza\u00e7\u00e3o urbana, sustentabilidade e preserva\u00e7\u00e3o ambiental.<\/span><\/p>\n<p style=\"text-align: justify;\"><span style=\"font-size: 14pt; font-family: arial, helvetica, sans-serif;\">Durante o simp\u00f3sio, a Prefeitura de Patos apresentou iniciativas realizadas no munic\u00edpio relacionadas \u00e0 arboriza\u00e7\u00e3o urbana e ao desenvolvimento sustent\u00e1vel. O prefeito, o Professor Jacob Souto, e o secret\u00e1rio municipal de Meio Ambiente e Desenvolvimento Sustent\u00e1vel, Alex Wagner, participaram das atividades.<\/span><\/p>\n<p style=\"text-align: justify;\"><span style=\"font-size: 14pt; font-family: arial, helvetica, sans-serif;\">Segundo o secret\u00e1rio, o reconhecimento representa o resultado de um trabalho que vem sendo desenvolvido no munic\u00edpio e que deve ser ampliado. Ele tamb\u00e9m destacou a import\u00e2ncia das discuss\u00f5es sobre arboriza\u00e7\u00e3o urbana e justi\u00e7a clim\u00e1tica.<\/span><\/p>\n<p style=\"text-align: justify;\"><span style=\"font-size: 14pt; font-family: arial, helvetica, sans-serif;\">Com a certifica\u00e7\u00e3o de Patos, a Para\u00edba passa a ter oito munic\u00edpios reconhecidos pelo programa. Al\u00e9m da cidade sertaneja, fazem parte da lista Jo\u00e3o Pessoa, Cabedelo, Campina Grande, Cuit\u00e9, Santa Rita e S\u00e3o Bento.<\/span><\/p>\n","protected":false},"excerpt":{"rendered":"<p>A cidade de Patos, no Sert&atilde;o da Para&iacute;ba, foi certificada como Cidade &Aacute;rvore do Mundo durante o 2&ordm; Simp&oacute;sio das Cidades Brasileiras &ndash; &Aacute;rvores do Mundo, realizado em Cubat&atilde;o, S&atilde;o Paulo. Com o reconhecimento, o munic&iacute;pio passa a integrar uma lista que re&uacute;ne 52 cidades brasileiras. A certifica&ccedil;&atilde;o &eacute; concedida pelo programa Tree Cities of the World, da Arbor Day Foundation, em parceria com a Sociedade Brasileira de Arboriza&ccedil;&atilde;o Urbana (SBAU), e reconhece cidades que desenvolvem a&ccedil;&otilde;es de arboriza&ccedil;&atilde;o urbana, sustentabilidade e preserva&ccedil;&atilde;o ambiental. Durante o simp&oacute;sio, a Prefeitura de Patos apresentou iniciativas realizadas no munic&iacute;pio relacionadas &agrave; arboriza&ccedil;&atilde;o urbana &#8230; <\/p>\n<p class=\"read-more-container\"><a title=\"Patos \u00e9 certificada como Cidade \u00c1rvore do Mundo e entra para lista com 52 munic\u00edpios brasileiros\" class=\"read-more button\" href=\"https:\/\/blogdojuniorcavalcanti.com.br\/index.php\/2026\/08\/25\/patos-e-certificada-como-cidade-arvore-do-mundo-e-entra-para-lista-com-52-municipios-brasileiros\/#more-60967\" aria-label=\"More on Patos \u00e9 certificada como Cidade \u00c1rvore do Mundo e entra para lista com 52 munic\u00edpios brasileiros\">Leia mais<\/a><\/p>\n","protected":false},"author":2,"featured_media":60968,"comment_status":"open","ping_status":"open","sticky":false,"template":"","format":"standard","meta":{"footnotes":""},"categories":[37],"tags":[],"class_list":["post-60967","post","type-post","status-publish","format-standard","has-post-thumbnail","hentry","category-cidades","resize-featured-image"],"_links":{"self":[{"href":"https:\/\/blogdojuniorcavalcanti.com.br\/index.php\/wp-json\/wp\/v2\/posts\/60967","targetHints":{"allow":["GET"]}}],"collection":[{"href":"https:\/\/blogdojuniorcavalcanti.com.br\/index.php\/wp-json\/wp\/v2\/posts"}],"about":[{"href":"https:\/\/blogdojuniorcavalcanti.com.br\/index.php\/wp-json\/wp\/v2\/types\/post"}],"author":[{"embeddable":true,"href":"https:\/\/blogdojuniorcavalcanti.com.br\/index.php\/wp-json\/wp\/v2\/users\/2"}],"replies":[{"embeddable":true,"href":"https:\/\/blogdojuniorcavalcanti.com.br\/index.php\/wp-json\/wp\/v2\/comments?post=60967"}],"version-history":[{"count":1,"href":"https:\/\/blogdojuniorcavalcanti.com.br\/index.php\/wp-json\/wp\/v2\/posts\/60967\/revisions"}],"predecessor-version":[{"id":60969,"href":"https:\/\/blogdojuniorcavalcanti.com.br\/index.php\/wp-json\/wp\/v2\/posts\/60967\/revisions\/60969"}],"wp:featuredmedia":[{"embeddable":true,"href":"https:\/\/blogdojuniorcavalcanti.com.br\/index.php\/wp-json\/wp\/v2\/media\/60968"}],"wp:attachment":[{"href":"https:\/\/blogdojuniorcavalcanti.com.br\/index.php\/wp-json\/wp\/v2\/media?parent=60967"}],"wp:term":[{"taxonomy":"category","embeddable":true,"href":"https:\/\/blogdojuniorcavalcanti.com.br\/index.php\/wp-json\/wp\/v2\/categories?post=60967"},{"taxonomy":"post_tag","embeddable":true,"href":"https:\/\/blogdojuniorcavalcanti.com.br\/index.php\/wp-json\/wp\/v2\/tags?post=60967"}],"curies":[{"name":"wp","href":"https:\/\/api.w.org\/{rel}","templated":true}]}}