{"id":61118,"date":"2026-08-27T08:23:19","date_gmt":"2026-08-27T11:23:19","guid":{"rendered":"https:\/\/blogdojuniorcavalcanti.com.br\/?p=61118"},"modified":"2026-08-27T08:23:19","modified_gmt":"2026-08-27T11:23:19","slug":"homem-ameaca-matar-ex-companheira-envia-foto-com-peixeira-e-videos-intimos-antes-de-voltar-a-casa-em-serra-talhada","status":"publish","type":"post","link":"https:\/\/blogdojuniorcavalcanti.com.br\/index.php\/2026\/08\/27\/homem-ameaca-matar-ex-companheira-envia-foto-com-peixeira-e-videos-intimos-antes-de-voltar-a-casa-em-serra-talhada\/","title":{"rendered":"Homem amea\u00e7a matar ex-companheira, envia foto com peixeira e v\u00eddeos \u00edntimos antes de voltar \u00e0 casa em Serra Talhada"},"content":{"rendered":"<p class=\"isSelectedEnd\" style=\"text-align: justify;\"><span style=\"font-size: 14pt; font-family: arial, helvetica, sans-serif;\">Um homem foi detido em flagrante pela Pol\u00edcia Militar ap\u00f3s, segundo relato da v\u00edtima, amea\u00e7ar de morte a ex-companheira e retornar \u00e0 resid\u00eancia dela portando uma faca tipo peixeira. O caso ocorreu nesta quarta-feira (26), na Rua 11, no bairro Cohab, em Serra Talhada.<\/span><\/p>\n<p class=\"isSelectedEnd\" style=\"text-align: justify;\"><span style=\"font-size: 14pt; font-family: arial, helvetica, sans-serif;\">De acordo com informa\u00e7\u00f5es do 14\u00ba BPM, a ocorr\u00eancia come\u00e7ou durante a madrugada, quando o ex-companheiro teria ido at\u00e9 a resid\u00eancia da mulher e passado a amea\u00e7\u00e1-la de morte. Mesmo ap\u00f3s ser orientado a retornar para casa, ele teria voltado ao im\u00f3vel pela manh\u00e3, repetindo as amea\u00e7as e proferindo ofensas contra a v\u00edtima.<\/span><\/p>\n<p class=\"isSelectedEnd\" style=\"text-align: justify;\"><span style=\"font-size: 14pt; font-family: arial, helvetica, sans-serif;\">Ainda segundo o relato registrado pela Pol\u00edcia Militar, o homem teria enviado \u00e0 filha menor de idade da solicitante, por meio de aplicativo de mensagens, uma fotografia na qual aparecia com uma faca tipo peixeira presa \u00e0 cintura. Na mensagem, segundo a ocorr\u00eancia, teria afirmado que iria matar a ex-companheira e o ex-padrasto.<\/span><\/p>\n<p class=\"isSelectedEnd\" style=\"text-align: justify;\"><span style=\"font-size: 14pt; font-family: arial, helvetica, sans-serif;\">A v\u00edtima tamb\u00e9m relatou aos policiais que o homem teria encaminhado v\u00eddeos \u00edntimos dela, al\u00e9m de diversos \u00e1udios contendo novas amea\u00e7as.<\/span><\/p>\n<p class=\"isSelectedEnd\" style=\"text-align: justify;\"><span style=\"font-size: 14pt; font-family: arial, helvetica, sans-serif;\">Por volta das 12h51, o suspeito teria retornado novamente \u00e0 resid\u00eancia, desta vez portando a arma branca, e reiterado as amea\u00e7as contra a ex-companheira e outro homem que estava no local.<\/span><\/p>\n<p class=\"isSelectedEnd\" style=\"text-align: justify;\"><span style=\"font-size: 14pt; font-family: arial, helvetica, sans-serif;\">Diante das informa\u00e7\u00f5es, policiais militares realizaram a abordagem do suspeito. Durante a a\u00e7\u00e3o, a equipe localizou a faca escondida sob uma pedra, nas proximidades de onde ele foi abordado.<\/span><\/p>\n<p class=\"isSelectedEnd\" style=\"text-align: justify;\"><span style=\"font-size: 14pt; font-family: arial, helvetica, sans-serif;\">Os envolvidos e a arma apreendida foram encaminhados \u00e0 Delegacia de Pol\u00edcia Civil de Serra Talhada, onde foram adotadas as provid\u00eancias cab\u00edveis. Conforme o 14\u00ba BPM, a ocorr\u00eancia resultou em flagrante.<\/span><\/p>\n<p style=\"text-align: justify;\"><span style=\"font-size: 14pt; font-family: arial, helvetica, sans-serif;\">A ocorr\u00eancia foi registrada, entre outras tipifica\u00e7\u00f5es, com refer\u00eancia ao artigo 19 da Lei de Contraven\u00e7\u00f5es Penais (Lei n\u00ba 3.688\/1941), relacionado ao porte de arma fora de casa ou de depend\u00eancia desta, al\u00e9m de registro de difama\u00e7\u00e3o no contexto de viol\u00eancia dom\u00e9stica\/familiar, conforme a classifica\u00e7\u00e3o informada pela Pol\u00edcia Militar.<\/span><\/p>\n","protected":false},"excerpt":{"rendered":"<p>Um homem foi detido em flagrante pela Pol&iacute;cia Militar ap&oacute;s, segundo relato da v&iacute;tima, amea&ccedil;ar de morte a ex-companheira e retornar &agrave; resid&ecirc;ncia dela portando uma faca tipo peixeira. O caso ocorreu nesta quarta-feira (26), na Rua 11, no bairro Cohab, em Serra Talhada. De acordo com informa&ccedil;&otilde;es do 14&ordm; BPM, a ocorr&ecirc;ncia come&ccedil;ou durante a madrugada, quando o ex-companheiro teria ido at&eacute; a resid&ecirc;ncia da mulher e passado a amea&ccedil;&aacute;-la de morte. Mesmo ap&oacute;s ser orientado a retornar para casa, ele teria voltado ao im&oacute;vel pela manh&atilde;, repetindo as amea&ccedil;as e proferindo ofensas contra a v&iacute;tima. Ainda segundo o &#8230; <\/p>\n<p class=\"read-more-container\"><a title=\"Homem amea\u00e7a matar ex-companheira, envia foto com peixeira e v\u00eddeos \u00edntimos antes de voltar \u00e0 casa em Serra Talhada\" class=\"read-more button\" href=\"https:\/\/blogdojuniorcavalcanti.com.br\/index.php\/2026\/08\/27\/homem-ameaca-matar-ex-companheira-envia-foto-com-peixeira-e-videos-intimos-antes-de-voltar-a-casa-em-serra-talhada\/#more-61118\" aria-label=\"More on Homem amea\u00e7a matar ex-companheira, envia foto com peixeira e v\u00eddeos \u00edntimos antes de voltar \u00e0 casa em Serra Talhada\">Leia mais<\/a><\/p>\n","protected":false},"author":2,"featured_media":61119,"comment_status":"open","ping_status":"open","sticky":false,"template":"","format":"standard","meta":{"footnotes":""},"categories":[29],"tags":[],"class_list":["post-61118","post","type-post","status-publish","format-standard","has-post-thumbnail","hentry","category-policial","resize-featured-image"],"_links":{"self":[{"href":"https:\/\/blogdojuniorcavalcanti.com.br\/index.php\/wp-json\/wp\/v2\/posts\/61118","targetHints":{"allow":["GET"]}}],"collection":[{"href":"https:\/\/blogdojuniorcavalcanti.com.br\/index.php\/wp-json\/wp\/v2\/posts"}],"about":[{"href":"https:\/\/blogdojuniorcavalcanti.com.br\/index.php\/wp-json\/wp\/v2\/types\/post"}],"author":[{"embeddable":true,"href":"https:\/\/blogdojuniorcavalcanti.com.br\/index.php\/wp-json\/wp\/v2\/users\/2"}],"replies":[{"embeddable":true,"href":"https:\/\/blogdojuniorcavalcanti.com.br\/index.php\/wp-json\/wp\/v2\/comments?post=61118"}],"version-history":[{"count":1,"href":"https:\/\/blogdojuniorcavalcanti.com.br\/index.php\/wp-json\/wp\/v2\/posts\/61118\/revisions"}],"predecessor-version":[{"id":61120,"href":"https:\/\/blogdojuniorcavalcanti.com.br\/index.php\/wp-json\/wp\/v2\/posts\/61118\/revisions\/61120"}],"wp:featuredmedia":[{"embeddable":true,"href":"https:\/\/blogdojuniorcavalcanti.com.br\/index.php\/wp-json\/wp\/v2\/media\/61119"}],"wp:attachment":[{"href":"https:\/\/blogdojuniorcavalcanti.com.br\/index.php\/wp-json\/wp\/v2\/media?parent=61118"}],"wp:term":[{"taxonomy":"category","embeddable":true,"href":"https:\/\/blogdojuniorcavalcanti.com.br\/index.php\/wp-json\/wp\/v2\/categories?post=61118"},{"taxonomy":"post_tag","embeddable":true,"href":"https:\/\/blogdojuniorcavalcanti.com.br\/index.php\/wp-json\/wp\/v2\/tags?post=61118"}],"curies":[{"name":"wp","href":"https:\/\/api.w.org\/{rel}","templated":true}]}}