{"id":61124,"date":"2026-08-27T08:25:36","date_gmt":"2026-08-27T11:25:36","guid":{"rendered":"https:\/\/blogdojuniorcavalcanti.com.br\/?p=61124"},"modified":"2026-08-27T08:25:36","modified_gmt":"2026-08-27T11:25:36","slug":"gravida-e-mae-de-4-filhos-morre-apos-veiculo-capotar-em-floresta-no-sertao","status":"publish","type":"post","link":"https:\/\/blogdojuniorcavalcanti.com.br\/index.php\/2026\/08\/27\/gravida-e-mae-de-4-filhos-morre-apos-veiculo-capotar-em-floresta-no-sertao\/","title":{"rendered":"Gr\u00e1vida e m\u00e3e de 4 filhos morre ap\u00f3s ve\u00edculo capotar em Floresta, no Sert\u00e3o"},"content":{"rendered":"<p style=\"text-align: justify;\"><span style=\"font-size: 14pt; font-family: arial, helvetica, sans-serif;\">Um grave acidente de tr\u00e2nsito terminou com a morte de uma mulher gr\u00e1vida na manh\u00e3 desta quarta-feira (26), na estrada da Beira do Rio, na zona rural de\u00a0<strong>Floresta, no Sert\u00e3o de Pernambuco<\/strong>.<\/span><\/p>\n<p style=\"text-align: justify;\"><span style=\"font-size: 14pt; font-family: arial, helvetica, sans-serif;\">Pollyana morreu ainda no local do acidente. Segundo informa\u00e7\u00f5es repassadas \u00e0 reportagem, ela estava gr\u00e1vida e o beb\u00ea tamb\u00e9m n\u00e3o resistiu.<\/span><\/p>\n<p style=\"text-align: justify;\"><span style=\"font-size: 14pt; font-family: arial, helvetica, sans-serif;\">O motorista do ve\u00edculo foi socorrido e levado para o Hospital Municipal de Floresta. Conforme informa\u00e7\u00f5es obtidas pelo Blog do Elvis, ele passa bem e chegou consciente \u00e0 unidade de sa\u00fade.<\/span><\/p>\n<p style=\"text-align: justify;\"><span style=\"font-size: 14pt; font-family: arial, helvetica, sans-serif;\">As circunst\u00e2ncias que provocaram o tombamento ainda n\u00e3o foram esclarecidas. A din\u00e2mica do acidente dever\u00e1 ser apurada pelas autoridades competentes.<\/span><\/p>\n<p style=\"text-align: justify;\"><span style=\"font-size: 14pt; font-family: arial, helvetica, sans-serif;\">A morte de Pollyana causou como\u00e7\u00e3o entre familiares, amigos e moradores da regi\u00e3o. Ela deixa quatro filhos.<\/span><\/p>\n","protected":false},"excerpt":{"rendered":"<p>Um grave acidente de tr&acirc;nsito terminou com a morte de uma mulher gr&aacute;vida na manh&atilde; desta quarta-feira (26), na estrada da Beira do Rio, na zona rural de&nbsp;Floresta, no Sert&atilde;o de Pernambuco. Pollyana morreu ainda no local do acidente. Segundo informa&ccedil;&otilde;es repassadas &agrave; reportagem, ela estava gr&aacute;vida e o beb&ecirc; tamb&eacute;m n&atilde;o resistiu. O motorista do ve&iacute;culo foi socorrido e levado para o Hospital Municipal de Floresta. Conforme informa&ccedil;&otilde;es obtidas pelo Blog do Elvis, ele passa bem e chegou consciente &agrave; unidade de sa&uacute;de. As circunst&acirc;ncias que provocaram o tombamento ainda n&atilde;o foram esclarecidas. A din&acirc;mica do acidente dever&aacute; ser &#8230; <\/p>\n<p class=\"read-more-container\"><a title=\"Gr\u00e1vida e m\u00e3e de 4 filhos morre ap\u00f3s ve\u00edculo capotar em Floresta, no Sert\u00e3o\" class=\"read-more button\" href=\"https:\/\/blogdojuniorcavalcanti.com.br\/index.php\/2026\/08\/27\/gravida-e-mae-de-4-filhos-morre-apos-veiculo-capotar-em-floresta-no-sertao\/#more-61124\" aria-label=\"More on Gr\u00e1vida e m\u00e3e de 4 filhos morre ap\u00f3s ve\u00edculo capotar em Floresta, no Sert\u00e3o\">Leia mais<\/a><\/p>\n","protected":false},"author":2,"featured_media":61125,"comment_status":"open","ping_status":"open","sticky":false,"template":"","format":"standard","meta":{"footnotes":""},"categories":[29],"tags":[],"class_list":["post-61124","post","type-post","status-publish","format-standard","has-post-thumbnail","hentry","category-policial","resize-featured-image"],"_links":{"self":[{"href":"https:\/\/blogdojuniorcavalcanti.com.br\/index.php\/wp-json\/wp\/v2\/posts\/61124","targetHints":{"allow":["GET"]}}],"collection":[{"href":"https:\/\/blogdojuniorcavalcanti.com.br\/index.php\/wp-json\/wp\/v2\/posts"}],"about":[{"href":"https:\/\/blogdojuniorcavalcanti.com.br\/index.php\/wp-json\/wp\/v2\/types\/post"}],"author":[{"embeddable":true,"href":"https:\/\/blogdojuniorcavalcanti.com.br\/index.php\/wp-json\/wp\/v2\/users\/2"}],"replies":[{"embeddable":true,"href":"https:\/\/blogdojuniorcavalcanti.com.br\/index.php\/wp-json\/wp\/v2\/comments?post=61124"}],"version-history":[{"count":1,"href":"https:\/\/blogdojuniorcavalcanti.com.br\/index.php\/wp-json\/wp\/v2\/posts\/61124\/revisions"}],"predecessor-version":[{"id":61126,"href":"https:\/\/blogdojuniorcavalcanti.com.br\/index.php\/wp-json\/wp\/v2\/posts\/61124\/revisions\/61126"}],"wp:featuredmedia":[{"embeddable":true,"href":"https:\/\/blogdojuniorcavalcanti.com.br\/index.php\/wp-json\/wp\/v2\/media\/61125"}],"wp:attachment":[{"href":"https:\/\/blogdojuniorcavalcanti.com.br\/index.php\/wp-json\/wp\/v2\/media?parent=61124"}],"wp:term":[{"taxonomy":"category","embeddable":true,"href":"https:\/\/blogdojuniorcavalcanti.com.br\/index.php\/wp-json\/wp\/v2\/categories?post=61124"},{"taxonomy":"post_tag","embeddable":true,"href":"https:\/\/blogdojuniorcavalcanti.com.br\/index.php\/wp-json\/wp\/v2\/tags?post=61124"}],"curies":[{"name":"wp","href":"https:\/\/api.w.org\/{rel}","templated":true}]}}