{"id":61166,"date":"2026-08-28T01:00:59","date_gmt":"2026-08-28T04:00:59","guid":{"rendered":"https:\/\/blogdojuniorcavalcanti.com.br\/?p=61166"},"modified":"2026-08-27T18:39:37","modified_gmt":"2026-08-27T21:39:37","slug":"por-r-126-mil-empresa-vence-licitacao-para-decoracao-da-festa-de-setembro-2026-em-serra-talhada","status":"publish","type":"post","link":"https:\/\/blogdojuniorcavalcanti.com.br\/index.php\/2026\/08\/28\/por-r-126-mil-empresa-vence-licitacao-para-decoracao-da-festa-de-setembro-2026-em-serra-talhada\/","title":{"rendered":"Por R$ 126 mil, empresa vence licita\u00e7\u00e3o para decora\u00e7\u00e3o da Festa de Setembro 2026 em Serra Talhada"},"content":{"rendered":"<p style=\"text-align: justify;\"><span style=\"font-size: 14pt; font-family: arial, helvetica, sans-serif;\"><em>Blog J\u00fanior Campos<\/em><\/span><\/p>\n<p style=\"text-align: justify;\"><span style=\"font-size: 14pt; font-family: arial, helvetica, sans-serif;\">O governo de Serra Talhada concluiu a fase de lances do Preg\u00e3o Eletr\u00f4nico n\u00ba 007\/2026, definindo a proposta vencedora para a execu\u00e7\u00e3o dos servi\u00e7os de decora\u00e7\u00e3o e ambienta\u00e7\u00e3o da tradicional Festa de Setembro 2026. O contrato foi arrematado pelo valor final de R$ 126.000,00.<\/span><\/p>\n<p style=\"text-align: justify;\"><span style=\"font-size: 14pt; font-family: arial, helvetica, sans-serif;\">A disputa, realizada no formato online com base na Lei Federal n\u00ba 14.133\/2021 (Nova Lei de Licita\u00e7\u00f5es), teve como valor inicial de refer\u00eancia o montante de R$ 128.761,00. A empresa Ana Maria Batista dos Santos \u2013 ME (Realize Empreendimentos e Servi\u00e7os, CNPJ 24.654.099\/0001-03) apresentou a melhor oferta e garantiu a primeira coloca\u00e7\u00e3o, gerando uma redu\u00e7\u00e3o no custo inicialmente previsto pelo munic\u00edpio.<\/span><\/p>\n<p style=\"text-align: justify;\"><span style=\"font-size: 14pt; font-family: arial, helvetica, sans-serif;\"><strong>Disputa apertada<\/strong><\/span><\/p>\n<p style=\"text-align: justify;\"><span style=\"font-size: 14pt; font-family: arial, helvetica, sans-serif;\">Quatro concorrentes participaram do certame eletr\u00f4nico conduzido pelo pregoeiro Modesto Lopes de Barros. A defini\u00e7\u00e3o do vencedor ocorreu ap\u00f3s disputa direta lance a lance:<\/span><\/p>\n<p style=\"text-align: justify;\"><span style=\"font-size: 14pt; font-family: arial, helvetica, sans-serif;\"><strong>1\u00ba Lugar (Vencedora):<\/strong>\u00a0Ana Maria Batista dos Santos \u2013 ME \u2014 R$ 126.000,00<\/span><\/p>\n<p style=\"text-align: justify;\"><span style=\"font-size: 14pt; font-family: arial, helvetica, sans-serif;\"><strong>2\u00ba Lugar:<\/strong>\u00a0Public Empreendimentos e Eventos Ltda \u2014 R$ 126.186,00<\/span><\/p>\n<p style=\"text-align: justify;\"><span style=\"font-size: 14pt; font-family: arial, helvetica, sans-serif;\"><strong>3\u00ba Lugar:<\/strong>\u00a0MRC Servi\u00e7os e Empreendimentos Ltda \u2014 R$ 128.761,00<\/span><\/p>\n<p style=\"text-align: justify;\"><span style=\"font-size: 14pt; font-family: arial, helvetica, sans-serif;\"><strong>4\u00ba Lugar:<\/strong>\u00a0Macedo de Oliveira Eventos, Servi\u00e7os e Loca\u00e7\u00e3o \u2014 R$ 128.761,00<\/span><\/p>\n<p style=\"text-align: justify;\"><span style=\"font-size: 14pt; font-family: arial, helvetica, sans-serif;\">A diferen\u00e7a entre o primeiro e o segundo colocado foi de apenas R$ 186,00, evidenciando o car\u00e1ter competitivo da sess\u00e3o p\u00fablica.<\/span><\/p>\n<p style=\"text-align: justify;\"><span style=\"font-size: 14pt; font-family: arial, helvetica, sans-serif;\"><strong>Pr\u00f3ximas etapas<\/strong><\/span><\/p>\n<p style=\"text-align: justify;\"><span style=\"font-size: 14pt; font-family: arial, helvetica, sans-serif;\">Com o t\u00e9rmino da fase de disputa e os prazos legais de desempate para micro e pequenas empresas, o processo entrou na etapa de negocia\u00e7\u00e3o e verifica\u00e7\u00e3o detalhada da documenta\u00e7\u00e3o de habilita\u00e7\u00e3o, regularidade fiscal e planilhas or\u00e7ament\u00e1rias.<\/span><\/p>\n<p style=\"text-align: justify;\"><span style=\"font-size: 14pt; font-family: arial, helvetica, sans-serif;\">Ap\u00f3s a conclus\u00e3o dessa an\u00e1lise t\u00e9cnica e a devida homologa\u00e7\u00e3o do resultado, a empresa vencedora estar\u00e1 apta a assinar o contrato e iniciar a montagem dos cen\u00e1rios e adere\u00e7os que v\u00e3o transformar as ruas e polos de Serra Talhada para os festejos de setembro.<\/span><\/p>\n","protected":false},"excerpt":{"rendered":"<p>Blog J&uacute;nior Campos O governo de Serra Talhada concluiu a fase de lances do Preg&atilde;o Eletr&ocirc;nico n&ordm; 007\/2026, definindo a proposta vencedora para a execu&ccedil;&atilde;o dos servi&ccedil;os de decora&ccedil;&atilde;o e ambienta&ccedil;&atilde;o da tradicional Festa de Setembro 2026. O contrato foi arrematado pelo valor final de R$ 126.000,00. A disputa, realizada no formato online com base na Lei Federal n&ordm; 14.133\/2021 (Nova Lei de Licita&ccedil;&otilde;es), teve como valor inicial de refer&ecirc;ncia o montante de R$ 128.761,00. A empresa Ana Maria Batista dos Santos &ndash; ME (Realize Empreendimentos e Servi&ccedil;os, CNPJ 24.654.099\/0001-03) apresentou a melhor oferta e garantiu a primeira coloca&ccedil;&atilde;o, gerando &#8230; <\/p>\n<p class=\"read-more-container\"><a title=\"Por R$ 126 mil, empresa vence licita\u00e7\u00e3o para decora\u00e7\u00e3o da Festa de Setembro 2026 em Serra Talhada\" class=\"read-more button\" href=\"https:\/\/blogdojuniorcavalcanti.com.br\/index.php\/2026\/08\/28\/por-r-126-mil-empresa-vence-licitacao-para-decoracao-da-festa-de-setembro-2026-em-serra-talhada\/#more-61166\" aria-label=\"More on Por R$ 126 mil, empresa vence licita\u00e7\u00e3o para decora\u00e7\u00e3o da Festa de Setembro 2026 em Serra Talhada\">Leia mais<\/a><\/p>\n","protected":false},"author":2,"featured_media":61167,"comment_status":"open","ping_status":"open","sticky":false,"template":"","format":"standard","meta":{"footnotes":""},"categories":[38],"tags":[],"class_list":["post-61166","post","type-post","status-publish","format-standard","has-post-thumbnail","hentry","category-pernambuco","resize-featured-image"],"_links":{"self":[{"href":"https:\/\/blogdojuniorcavalcanti.com.br\/index.php\/wp-json\/wp\/v2\/posts\/61166","targetHints":{"allow":["GET"]}}],"collection":[{"href":"https:\/\/blogdojuniorcavalcanti.com.br\/index.php\/wp-json\/wp\/v2\/posts"}],"about":[{"href":"https:\/\/blogdojuniorcavalcanti.com.br\/index.php\/wp-json\/wp\/v2\/types\/post"}],"author":[{"embeddable":true,"href":"https:\/\/blogdojuniorcavalcanti.com.br\/index.php\/wp-json\/wp\/v2\/users\/2"}],"replies":[{"embeddable":true,"href":"https:\/\/blogdojuniorcavalcanti.com.br\/index.php\/wp-json\/wp\/v2\/comments?post=61166"}],"version-history":[{"count":1,"href":"https:\/\/blogdojuniorcavalcanti.com.br\/index.php\/wp-json\/wp\/v2\/posts\/61166\/revisions"}],"predecessor-version":[{"id":61168,"href":"https:\/\/blogdojuniorcavalcanti.com.br\/index.php\/wp-json\/wp\/v2\/posts\/61166\/revisions\/61168"}],"wp:featuredmedia":[{"embeddable":true,"href":"https:\/\/blogdojuniorcavalcanti.com.br\/index.php\/wp-json\/wp\/v2\/media\/61167"}],"wp:attachment":[{"href":"https:\/\/blogdojuniorcavalcanti.com.br\/index.php\/wp-json\/wp\/v2\/media?parent=61166"}],"wp:term":[{"taxonomy":"category","embeddable":true,"href":"https:\/\/blogdojuniorcavalcanti.com.br\/index.php\/wp-json\/wp\/v2\/categories?post=61166"},{"taxonomy":"post_tag","embeddable":true,"href":"https:\/\/blogdojuniorcavalcanti.com.br\/index.php\/wp-json\/wp\/v2\/tags?post=61166"}],"curies":[{"name":"wp","href":"https:\/\/api.w.org\/{rel}","templated":true}]}}