{"id":61200,"date":"2026-08-30T10:40:00","date_gmt":"2026-08-30T13:40:00","guid":{"rendered":"https:\/\/blogdojuniorcavalcanti.com.br\/?p=61200"},"modified":"2026-08-30T10:40:00","modified_gmt":"2026-08-30T13:40:00","slug":"blog-junior-campos-o-ex-prefeito-de-carnaiba-e-candidato-a-deputado-federal-anchieta-patriota-psb-reagiu-as-declaracoes-do-ex-prefeito-de-flores-e-candidato-a-deputado-estadual-marconi-santana-p","status":"publish","type":"post","link":"https:\/\/blogdojuniorcavalcanti.com.br\/index.php\/2026\/08\/30\/blog-junior-campos-o-ex-prefeito-de-carnaiba-e-candidato-a-deputado-federal-anchieta-patriota-psb-reagiu-as-declaracoes-do-ex-prefeito-de-flores-e-candidato-a-deputado-estadual-marconi-santana-p\/","title":{"rendered":"Blog J\u00fanior Campos  O ex-prefeito de Carna\u00edba e candidato a deputado federal, Anchieta Patriota (PSB), reagiu \u00e0s declara\u00e7\u00f5es do ex-prefeito de Flores e candidato a deputado estadual Marconi Santana (PSD) sobre a instala\u00e7\u00e3o da Carreta da Mulher em Carna\u00edba.  Procurado pelo Portal J\u00fanior Campos, Anchieta disse que a Prefeitura de Carna\u00edba n\u00e3o recebeu nenhuma comunica\u00e7\u00e3o formal sobre a instala\u00e7\u00e3o da carreta.  De acordo com Anchieta, o equipamento foi instalado em uma das principais pra\u00e7as da cidade sem que houvesse comunica\u00e7\u00e3o oficial \u00e0 gest\u00e3o. Ele afirmou ainda que a estrutura teria danificado um pequeno trecho da pra\u00e7a nossa Senhora de Lourdes.  O ex-prefeito relatou que guardas municipais estiveram no local e que a situa\u00e7\u00e3o \u201cparece que foi resolvida\u201d. Para Anchieta, o problema poderia ter sido evitado com uma simples comunica\u00e7\u00e3o pr\u00e9via. \u201cNo m\u00ednimo, deveria ter avisado. Foi uma provoca\u00e7\u00e3o.\u201d  A partir da\u00ed, Anchieta elevou o tom das cr\u00edticas a Marconi Santana. \u201cMarconi n\u00e3o cuida da sa\u00fade de Flores\u201d, afirmou Anchieta, de maneira taxativa.  O ex-prefeito de Carna\u00edba disse ainda, que \u201c1.500 pacientes de Flores\u201d foram atendidos pela rede de sa\u00fade de Carna\u00edba no ano passado.  Anchieta questionou, ent\u00e3o, se a Carreta da Mulher conseguiria realizar uma quantidade semelhante de atendimentos. \u201cSer\u00e1 que essa Carreta da Mulher vai atender a mesma quantidade?\u201d  Ainda durante a conversa com o Portal J\u00fanior Campos, Anchieta afirmou que o prefeito de Carna\u00edba, Berg Gomes (PSB), estaria preparando uma nota oficial para responder \u00e0s declara\u00e7\u00f5es de Marconi.  Segundo ele, Marconi Santana ter\u00e1 uma resposta considerada \u201c\u00e0 altura\u201d tanto dele quanto do prefeito. \u201cMarconi vai ter a resposta \u00e0 altura, tanto minha como de Berg.\u201d"},"content":{"rendered":"<p class=\"p1\" style=\"text-align: justify;\"><span style=\"font-size: 14pt; font-family: arial, helvetica, sans-serif;\">O vereador de Afogados da Ingazeira, Z\u00e9 Neg\u00e3o, estaria prestes a romper com Danilo Sim\u00f5es, l\u00edder da oposi\u00e7\u00e3o no munic\u00edpio e candidato a deputado federal, para declarar apoio a Miguel Coelho. A informa\u00e7\u00e3o foi publicada pelo jornalista Nill J\u00fanior, que afirma ter procurado o vereador diante dos rumores que ganharam for\u00e7a nas \u00faltimas horas.<\/span><\/p>\n<p class=\"p1\" style=\"text-align: justify;\"><span style=\"font-size: 14pt; font-family: arial, helvetica, sans-serif;\">Segundo Nill, Z\u00e9 Neg\u00e3o confirmou ter sido procurado pelo ex-senador Fernando Bezerra Coelho para apoiar seu filho, Miguel Coelho. Apesar da conversa, o vereador afirmou que, neste momento, ainda permanece alinhado a Danilo Sim\u00f5es, embora reconhe\u00e7a a exist\u00eancia de diverg\u00eancias.<\/span><\/p>\n<p class=\"p1\" style=\"text-align: justify;\"><span style=\"font-size: 14pt; font-family: arial, helvetica, sans-serif;\">Entre os pontos de insatisfa\u00e7\u00e3o, Z\u00e9 Neg\u00e3o teria reclamado da postura mais reservada de Danilo na campanha, concentrada principalmente entre Afogados da Ingazeira e Recife, o que estaria gerando cobran\u00e7as por parte da base pol\u00edtica.<\/span><\/p>\n<p class=\"p1\" style=\"text-align: justify;\"><span style=\"font-size: 14pt; font-family: arial, helvetica, sans-serif;\">Ainda de acordo com Nill J\u00fanior, Z\u00e9 Neg\u00e3o tamb\u00e9m teria relacionado as diverg\u00eancias ao seu apoio a Marconi Santana. O vereador afirma que esse posicionamento teria provocado epis\u00f3dios como o n\u00e3o convite para um adesiva\u00e7o e o bloqueio de aliados que apoiam Marconi no transporte para a conven\u00e7\u00e3o da governadora Raquel Lyra.<\/span><\/p>\n","protected":false},"excerpt":{"rendered":"<p>O vereador de Afogados da Ingazeira, Z&eacute; Neg&atilde;o, estaria prestes a romper com Danilo Sim&otilde;es, l&iacute;der da oposi&ccedil;&atilde;o no munic&iacute;pio e candidato a deputado federal, para declarar apoio a Miguel Coelho. A informa&ccedil;&atilde;o foi publicada pelo jornalista Nill J&uacute;nior, que afirma ter procurado o vereador diante dos rumores que ganharam for&ccedil;a nas &uacute;ltimas horas. Segundo Nill, Z&eacute; Neg&atilde;o confirmou ter sido procurado pelo ex-senador Fernando Bezerra Coelho para apoiar seu filho, Miguel Coelho. Apesar da conversa, o vereador afirmou que, neste momento, ainda permanece alinhado a Danilo Sim&otilde;es, embora reconhe&ccedil;a a exist&ecirc;ncia de diverg&ecirc;ncias. Entre os pontos de insatisfa&ccedil;&atilde;o, Z&eacute; &#8230; <\/p>\n<p class=\"read-more-container\"><a title=\"Blog J\u00fanior Campos  O ex-prefeito de Carna\u00edba e candidato a deputado federal, Anchieta Patriota (PSB), reagiu \u00e0s declara\u00e7\u00f5es do ex-prefeito de Flores e candidato a deputado estadual Marconi Santana (PSD) sobre a instala\u00e7\u00e3o da Carreta da Mulher em Carna\u00edba.  Procurado pelo Portal J\u00fanior Campos, Anchieta disse que a Prefeitura de Carna\u00edba n\u00e3o recebeu nenhuma comunica\u00e7\u00e3o formal sobre a instala\u00e7\u00e3o da carreta.  De acordo com Anchieta, o equipamento foi instalado em uma das principais pra\u00e7as da cidade sem que houvesse comunica\u00e7\u00e3o oficial \u00e0 gest\u00e3o. Ele afirmou ainda que a estrutura teria danificado um pequeno trecho da pra\u00e7a nossa Senhora de Lourdes.  O ex-prefeito relatou que guardas municipais estiveram no local e que a situa\u00e7\u00e3o \u201cparece que foi resolvida\u201d. Para Anchieta, o problema poderia ter sido evitado com uma simples comunica\u00e7\u00e3o pr\u00e9via. \u201cNo m\u00ednimo, deveria ter avisado. Foi uma provoca\u00e7\u00e3o.\u201d  A partir da\u00ed, Anchieta elevou o tom das cr\u00edticas a Marconi Santana. \u201cMarconi n\u00e3o cuida da sa\u00fade de Flores\u201d, afirmou Anchieta, de maneira taxativa.  O ex-prefeito de Carna\u00edba disse ainda, que \u201c1.500 pacientes de Flores\u201d foram atendidos pela rede de sa\u00fade de Carna\u00edba no ano passado.  Anchieta questionou, ent\u00e3o, se a Carreta da Mulher conseguiria realizar uma quantidade semelhante de atendimentos. \u201cSer\u00e1 que essa Carreta da Mulher vai atender a mesma quantidade?\u201d  Ainda durante a conversa com o Portal J\u00fanior Campos, Anchieta afirmou que o prefeito de Carna\u00edba, Berg Gomes (PSB), estaria preparando uma nota oficial para responder \u00e0s declara\u00e7\u00f5es de Marconi.  Segundo ele, Marconi Santana ter\u00e1 uma resposta considerada \u201c\u00e0 altura\u201d tanto dele quanto do prefeito. \u201cMarconi vai ter a resposta \u00e0 altura, tanto minha como de Berg.\u201d\" class=\"read-more button\" href=\"https:\/\/blogdojuniorcavalcanti.com.br\/index.php\/2026\/08\/30\/blog-junior-campos-o-ex-prefeito-de-carnaiba-e-candidato-a-deputado-federal-anchieta-patriota-psb-reagiu-as-declaracoes-do-ex-prefeito-de-flores-e-candidato-a-deputado-estadual-marconi-santana-p\/#more-61200\" aria-label=\"More on Blog J\u00fanior Campos  O ex-prefeito de Carna\u00edba e candidato a deputado federal, Anchieta Patriota (PSB), reagiu \u00e0s declara\u00e7\u00f5es do ex-prefeito de Flores e candidato a deputado estadual Marconi Santana (PSD) sobre a instala\u00e7\u00e3o da Carreta da Mulher em Carna\u00edba.  Procurado pelo Portal J\u00fanior Campos, Anchieta disse que a Prefeitura de Carna\u00edba n\u00e3o recebeu nenhuma comunica\u00e7\u00e3o formal sobre a instala\u00e7\u00e3o da carreta.  De acordo com Anchieta, o equipamento foi instalado em uma das principais pra\u00e7as da cidade sem que houvesse comunica\u00e7\u00e3o oficial \u00e0 gest\u00e3o. Ele afirmou ainda que a estrutura teria danificado um pequeno trecho da pra\u00e7a nossa Senhora de Lourdes.  O ex-prefeito relatou que guardas municipais estiveram no local e que a situa\u00e7\u00e3o \u201cparece que foi resolvida\u201d. Para Anchieta, o problema poderia ter sido evitado com uma simples comunica\u00e7\u00e3o pr\u00e9via. \u201cNo m\u00ednimo, deveria ter avisado. Foi uma provoca\u00e7\u00e3o.\u201d  A partir da\u00ed, Anchieta elevou o tom das cr\u00edticas a Marconi Santana. \u201cMarconi n\u00e3o cuida da sa\u00fade de Flores\u201d, afirmou Anchieta, de maneira taxativa.  O ex-prefeito de Carna\u00edba disse ainda, que \u201c1.500 pacientes de Flores\u201d foram atendidos pela rede de sa\u00fade de Carna\u00edba no ano passado.  Anchieta questionou, ent\u00e3o, se a Carreta da Mulher conseguiria realizar uma quantidade semelhante de atendimentos. \u201cSer\u00e1 que essa Carreta da Mulher vai atender a mesma quantidade?\u201d  Ainda durante a conversa com o Portal J\u00fanior Campos, Anchieta afirmou que o prefeito de Carna\u00edba, Berg Gomes (PSB), estaria preparando uma nota oficial para responder \u00e0s declara\u00e7\u00f5es de Marconi.  Segundo ele, Marconi Santana ter\u00e1 uma resposta considerada \u201c\u00e0 altura\u201d tanto dele quanto do prefeito. \u201cMarconi vai ter a resposta \u00e0 altura, tanto minha como de Berg.\u201d\">Leia mais<\/a><\/p>\n","protected":false},"author":2,"featured_media":61201,"comment_status":"open","ping_status":"open","sticky":false,"template":"","format":"standard","meta":{"footnotes":""},"categories":[25],"tags":[],"class_list":["post-61200","post","type-post","status-publish","format-standard","has-post-thumbnail","hentry","category-destaque","resize-featured-image"],"_links":{"self":[{"href":"https:\/\/blogdojuniorcavalcanti.com.br\/index.php\/wp-json\/wp\/v2\/posts\/61200","targetHints":{"allow":["GET"]}}],"collection":[{"href":"https:\/\/blogdojuniorcavalcanti.com.br\/index.php\/wp-json\/wp\/v2\/posts"}],"about":[{"href":"https:\/\/blogdojuniorcavalcanti.com.br\/index.php\/wp-json\/wp\/v2\/types\/post"}],"author":[{"embeddable":true,"href":"https:\/\/blogdojuniorcavalcanti.com.br\/index.php\/wp-json\/wp\/v2\/users\/2"}],"replies":[{"embeddable":true,"href":"https:\/\/blogdojuniorcavalcanti.com.br\/index.php\/wp-json\/wp\/v2\/comments?post=61200"}],"version-history":[{"count":1,"href":"https:\/\/blogdojuniorcavalcanti.com.br\/index.php\/wp-json\/wp\/v2\/posts\/61200\/revisions"}],"predecessor-version":[{"id":61202,"href":"https:\/\/blogdojuniorcavalcanti.com.br\/index.php\/wp-json\/wp\/v2\/posts\/61200\/revisions\/61202"}],"wp:featuredmedia":[{"embeddable":true,"href":"https:\/\/blogdojuniorcavalcanti.com.br\/index.php\/wp-json\/wp\/v2\/media\/61201"}],"wp:attachment":[{"href":"https:\/\/blogdojuniorcavalcanti.com.br\/index.php\/wp-json\/wp\/v2\/media?parent=61200"}],"wp:term":[{"taxonomy":"category","embeddable":true,"href":"https:\/\/blogdojuniorcavalcanti.com.br\/index.php\/wp-json\/wp\/v2\/categories?post=61200"},{"taxonomy":"post_tag","embeddable":true,"href":"https:\/\/blogdojuniorcavalcanti.com.br\/index.php\/wp-json\/wp\/v2\/tags?post=61200"}],"curies":[{"name":"wp","href":"https:\/\/api.w.org\/{rel}","templated":true}]}}