{"id":61248,"date":"2026-08-30T11:00:31","date_gmt":"2026-08-30T14:00:31","guid":{"rendered":"https:\/\/blogdojuniorcavalcanti.com.br\/?p=61248"},"modified":"2026-08-30T11:00:31","modified_gmt":"2026-08-30T14:00:31","slug":"homem-perde-o-controle-e-ameaca-matar-irma-com-pauladas-em-st","status":"publish","type":"post","link":"https:\/\/blogdojuniorcavalcanti.com.br\/index.php\/2026\/08\/30\/homem-perde-o-controle-e-ameaca-matar-irma-com-pauladas-em-st\/","title":{"rendered":"Homem perde o controle e amea\u00e7a matar irm\u00e3 com pauladas em ST"},"content":{"rendered":"<p style=\"text-align: justify;\"><span style=\"font-size: 14pt; font-family: arial, helvetica, sans-serif;\">Um homem foi conduzido \u00e0 Delegacia de Pol\u00edcia Civil ap\u00f3s ser acusado de amea\u00e7ar a pr\u00f3pria irm\u00e3 durante uma ocorr\u00eancia de viol\u00eancia dom\u00e9stica, registrada por volta das 17h53 dessa sexta-feira (28), no bairro Vila Bela, em\u00a0<a href=\"https:\/\/faroldenoticias.com.br\/categoria\/serra-talhada\/\">Serra Talhada<\/a>.<\/span><\/p>\n<p style=\"text-align: justify;\"><span style=\"font-size: 14pt; font-family: arial, helvetica, sans-serif;\">Segundo informa\u00e7\u00f5es repassadas pela Pol\u00edcia Militar, equipes do 14\u00ba Batalh\u00e3o foram acionadas pela Central de Opera\u00e7\u00f5es para averiguar uma poss\u00edvel ocorr\u00eancia de viol\u00eancia dom\u00e9stica e familiar.<\/span><\/p>\n<p style=\"text-align: justify;\"><span style=\"font-size: 14pt; font-family: arial, helvetica, sans-serif;\">No local, a v\u00edtima relatou aos policiais que o irm\u00e3o teria chegado \u00e0 resid\u00eancia apresentando sinais de embriaguez. Ainda segundo o relato, ap\u00f3s ser impedido de sair novamente para consumir bebida alco\u00f3lica, o homem teria pegado uma faca do tipo peixeira e passado a amea\u00e7\u00e1-la, afirmando que iria fur\u00e1-la caso ela n\u00e3o permitisse sua sa\u00edda.<\/span><\/p>\n<div class=\"amp-wp-25642fa\" style=\"text-align: justify;\" data-amp-original-style=\"clear:both; margin-top:2em; margin-bottom:2em;\">\n<div class=\"amp-wp-6212941\" data-amp-original-style=\"padding-left:1em; padding-right:1em;\"><\/div>\n<\/div>\n<p style=\"text-align: justify;\"><span style=\"font-size: 14pt; font-family: arial, helvetica, sans-serif;\">A v\u00edtima tamb\u00e9m informou que o irm\u00e3o teria se armado com um peda\u00e7o de madeira e amea\u00e7ado agredi-la com pauladas na cabe\u00e7a caso ela se aproximasse.<\/span><\/p>\n<p style=\"text-align: justify;\"><span style=\"font-size: 14pt; font-family: arial, helvetica, sans-serif;\">Ainda conforme o relato feito aos policiais, o homem faz uso de medica\u00e7\u00e3o controlada e frequenta um grupo de apoio para dependentes de \u00e1lcool no munic\u00edpio.<\/span><\/p>\n<p style=\"text-align: justify;\"><span style=\"font-size: 14pt; font-family: arial, helvetica, sans-serif;\">Diante da situa\u00e7\u00e3o, os envolvidos foram conduzidos e apresentados \u00e0 Delegacia de Pol\u00edcia Civil de Serra Talhada, onde foram adotadas as medidas legais cab\u00edveis.<\/span><\/p>\n","protected":false},"excerpt":{"rendered":"<p>Um homem foi conduzido &agrave; Delegacia de Pol&iacute;cia Civil ap&oacute;s ser acusado de amea&ccedil;ar a pr&oacute;pria irm&atilde; durante uma ocorr&ecirc;ncia de viol&ecirc;ncia dom&eacute;stica, registrada por volta das 17h53 dessa sexta-feira (28), no bairro Vila Bela, em&nbsp;Serra Talhada. Segundo informa&ccedil;&otilde;es repassadas pela Pol&iacute;cia Militar, equipes do 14&ordm; Batalh&atilde;o foram acionadas pela Central de Opera&ccedil;&otilde;es para averiguar uma poss&iacute;vel ocorr&ecirc;ncia de viol&ecirc;ncia dom&eacute;stica e familiar. No local, a v&iacute;tima relatou aos policiais que o irm&atilde;o teria chegado &agrave; resid&ecirc;ncia apresentando sinais de embriaguez. Ainda segundo o relato, ap&oacute;s ser impedido de sair novamente para consumir bebida alco&oacute;lica, o homem teria pegado uma &#8230; <\/p>\n<p class=\"read-more-container\"><a title=\"Homem perde o controle e amea\u00e7a matar irm\u00e3 com pauladas em ST\" class=\"read-more button\" href=\"https:\/\/blogdojuniorcavalcanti.com.br\/index.php\/2026\/08\/30\/homem-perde-o-controle-e-ameaca-matar-irma-com-pauladas-em-st\/#more-61248\" aria-label=\"More on Homem perde o controle e amea\u00e7a matar irm\u00e3 com pauladas em ST\">Leia mais<\/a><\/p>\n","protected":false},"author":2,"featured_media":61249,"comment_status":"open","ping_status":"open","sticky":false,"template":"","format":"standard","meta":{"footnotes":""},"categories":[29],"tags":[],"class_list":["post-61248","post","type-post","status-publish","format-standard","has-post-thumbnail","hentry","category-policial","resize-featured-image"],"_links":{"self":[{"href":"https:\/\/blogdojuniorcavalcanti.com.br\/index.php\/wp-json\/wp\/v2\/posts\/61248","targetHints":{"allow":["GET"]}}],"collection":[{"href":"https:\/\/blogdojuniorcavalcanti.com.br\/index.php\/wp-json\/wp\/v2\/posts"}],"about":[{"href":"https:\/\/blogdojuniorcavalcanti.com.br\/index.php\/wp-json\/wp\/v2\/types\/post"}],"author":[{"embeddable":true,"href":"https:\/\/blogdojuniorcavalcanti.com.br\/index.php\/wp-json\/wp\/v2\/users\/2"}],"replies":[{"embeddable":true,"href":"https:\/\/blogdojuniorcavalcanti.com.br\/index.php\/wp-json\/wp\/v2\/comments?post=61248"}],"version-history":[{"count":2,"href":"https:\/\/blogdojuniorcavalcanti.com.br\/index.php\/wp-json\/wp\/v2\/posts\/61248\/revisions"}],"predecessor-version":[{"id":61251,"href":"https:\/\/blogdojuniorcavalcanti.com.br\/index.php\/wp-json\/wp\/v2\/posts\/61248\/revisions\/61251"}],"wp:featuredmedia":[{"embeddable":true,"href":"https:\/\/blogdojuniorcavalcanti.com.br\/index.php\/wp-json\/wp\/v2\/media\/61249"}],"wp:attachment":[{"href":"https:\/\/blogdojuniorcavalcanti.com.br\/index.php\/wp-json\/wp\/v2\/media?parent=61248"}],"wp:term":[{"taxonomy":"category","embeddable":true,"href":"https:\/\/blogdojuniorcavalcanti.com.br\/index.php\/wp-json\/wp\/v2\/categories?post=61248"},{"taxonomy":"post_tag","embeddable":true,"href":"https:\/\/blogdojuniorcavalcanti.com.br\/index.php\/wp-json\/wp\/v2\/tags?post=61248"}],"curies":[{"name":"wp","href":"https:\/\/api.w.org\/{rel}","templated":true}]}}