{"id":61252,"date":"2026-08-31T08:19:28","date_gmt":"2026-08-31T11:19:28","guid":{"rendered":"https:\/\/blogdojuniorcavalcanti.com.br\/?p=61252"},"modified":"2026-08-31T08:19:28","modified_gmt":"2026-08-31T11:19:28","slug":"ataques-apocrifos-contra-raquel-lyra-provocam-manifestacoes-de-solidariedade","status":"publish","type":"post","link":"https:\/\/blogdojuniorcavalcanti.com.br\/index.php\/2026\/08\/31\/ataques-apocrifos-contra-raquel-lyra-provocam-manifestacoes-de-solidariedade\/","title":{"rendered":"Ataques ap\u00f3crifos contra Raquel Lyra provocam manifesta\u00e7\u00f5es de solidariedade"},"content":{"rendered":"<p class=\"PDq2pG_selectionAnchorContainer\" style=\"text-align: justify;\" data-start=\"84\" data-end=\"185\"><span style=\"font-size: 14pt; font-family: arial, helvetica, sans-serif;\">Aliados e advers\u00e1rios pol\u00edticos repudiaram os cartazes e defenderam a identifica\u00e7\u00e3o dos respons\u00e1veis.<\/span><\/p>\n<p style=\"text-align: justify;\" data-start=\"187\" data-end=\"418\"><span style=\"font-size: 14pt; font-family: arial, helvetica, sans-serif;\">A circula\u00e7\u00e3o de cartazes ap\u00f3crifos contra a governadora e candidata \u00e0 reelei\u00e7\u00e3o Raquel Lyra (PSD) provocou, nesse domingo (30), manifesta\u00e7\u00f5es de solidariedade de candidatos e lideran\u00e7as pol\u00edticas de diferentes grupos em Pernambuco.<\/span><\/p>\n<p style=\"text-align: justify;\" data-start=\"420\" data-end=\"694\"><span style=\"font-size: 14pt; font-family: arial, helvetica, sans-serif;\">Pelo menos tr\u00eas pe\u00e7as foram afixadas em locais p\u00fablicos do Recife e compartilhadas nas redes sociais. Parte do material apresentava acusa\u00e7\u00f5es relacionadas \u00e0 morte do marido da governadora, Fernando Lucena, que sofreu um infarto no dia do primeiro turno das elei\u00e7\u00f5es de 2022.<\/span><\/p>\n<p style=\"text-align: justify;\" data-start=\"696\" data-end=\"847\"><span style=\"font-size: 14pt; font-family: arial, helvetica, sans-serif;\">O candidato ao Senado T\u00falio Gad\u00ealha (PSD), integrante da chapa de Raquel, manifestou apoio \u00e0 governadora durante uma atividade de campanha em Palmares.<\/span><\/p>\n<p style=\"text-align: justify;\" data-start=\"849\" data-end=\"957\"><span style=\"font-size: 14pt; font-family: arial, helvetica, sans-serif;\">\u201cEu gostaria de me solidarizar a voc\u00ea, Raquel. Voc\u00ea vai al\u00e9m disso, \u00e9 um exemplo para Pernambuco\u201d, declarou.<\/span><\/p>\n<p style=\"text-align: justify;\" data-start=\"959\" data-end=\"1108\"><span style=\"font-size: 14pt; font-family: arial, helvetica, sans-serif;\">Eduardo da Fonte (PP), tamb\u00e9m candidato ao Senado na chapa governista, divulgou um v\u00eddeo no qual classificou o epis\u00f3dio como absurdo e irrespons\u00e1vel.<\/span><\/p>\n<p style=\"text-align: justify;\" data-start=\"1110\" data-end=\"1254\"><span style=\"font-size: 14pt; font-family: arial, helvetica, sans-serif;\">\u201cPassaram de todos os limites para ferir a honra, o sentimento e a hist\u00f3ria dela, e n\u00f3s, como pernambucanos, n\u00e3o podemos admitir isso\u201d, afirmou.<\/span><\/p>\n<p style=\"text-align: justify;\" data-start=\"1256\" data-end=\"1467\"><span style=\"font-size: 14pt; font-family: arial, helvetica, sans-serif;\">O senador e candidato \u00e0 reelei\u00e7\u00e3o Humberto Costa (PT), integrante da chapa de Jo\u00e3o Campos (PSB), definiu o epis\u00f3dio como um \u201cataque vil e desumano\u201d e criticou a utiliza\u00e7\u00e3o do anonimato para disseminar acusa\u00e7\u00f5es.<\/span><\/p>\n<p style=\"text-align: justify;\" data-start=\"1469\" data-end=\"1612\"><span style=\"font-size: 14pt; font-family: arial, helvetica, sans-serif;\">\u201cN\u00e3o podemos normalizar que o ambiente propositivo deste per\u00edodo seja substitu\u00eddo por ataques \u00e0 honra, mentiras e discursos de \u00f3dio\u201d, escreveu.<\/span><\/p>\n<p style=\"text-align: justify;\" data-start=\"1614\" data-end=\"1795\"><span style=\"font-size: 14pt; font-family: arial, helvetica, sans-serif;\">A senadora Teresa Leit\u00e3o (PT) tamb\u00e9m se manifestou. Ela considerou inadmiss\u00edvel que a campanha eleitoral seja marcada por ataques e informa\u00e7\u00f5es falsas e defendeu a apura\u00e7\u00e3o do caso.<\/span><\/p>\n<p style=\"text-align: justify;\" data-start=\"1797\" data-end=\"2011\"><span style=\"font-size: 14pt; font-family: arial, helvetica, sans-serif;\">Jo\u00e3o Campos classificou os panfletos como um \u201ccompleto absurdo\u201d, negou qualquer participa\u00e7\u00e3o dele ou de sua candidatura e afirmou que acionar\u00e1 a Justi\u00e7a contra quem tentar atribuir o material ao seu grupo pol\u00edtico.<\/span><\/p>\n<p style=\"text-align: justify;\" data-start=\"2013\" data-end=\"2177\"><span style=\"font-size: 14pt; font-family: arial, helvetica, sans-serif;\">O candidato lembrou que perdeu o pai, Eduardo Campos, durante a campanha presidencial de 2014, e defendeu que as fam\u00edlias n\u00e3o sejam utilizadas na disputa eleitoral.<\/span><\/p>\n<p style=\"text-align: justify;\" data-start=\"2179\" data-end=\"2355\"><span style=\"font-size: 14pt; font-family: arial, helvetica, sans-serif;\">\u201cEu perdi meu pai durante uma elei\u00e7\u00e3o, a candidata Raquel perdeu o marido durante a elei\u00e7\u00e3o. N\u00e3o admito que nenhuma fam\u00edlia seja atacada. Isso est\u00e1 fora da pol\u00edtica\u201d, declarou.<\/span><\/p>\n<p style=\"text-align: justify;\" data-start=\"2357\" data-end=\"2481\"><span style=\"font-size: 14pt; font-family: arial, helvetica, sans-serif;\">O candidato ao Governo de Pernambuco Ivan Moraes (PSOL) pediu que os respons\u00e1veis sejam identificados e punidos.<\/span><\/p>\n<p style=\"text-align: justify;\" data-start=\"2483\" data-end=\"2598\"><span style=\"font-size: 14pt; font-family: arial, helvetica, sans-serif;\">\u201cA investiga\u00e7\u00e3o tem que ser profunda e exemplar. Minha solidariedade a Raquel Lyra\u201d, escreveu no X, antigo Twitter.<\/span><\/p>\n<p style=\"text-align: justify;\" data-start=\"2600\" data-end=\"2624\"><span style=\"font-size: 14pt; font-family: arial, helvetica, sans-serif;\">Pronunciamento de Raquel<\/span><\/p>\n<p style=\"text-align: justify;\" data-start=\"2626\" data-end=\"2782\"><span style=\"font-size: 14pt; font-family: arial, helvetica, sans-serif;\">No fim da tarde, Raquel publicou um v\u00eddeo no qual relatou ter visto as imagens dos cartazes quando se preparava para cumprir agenda de campanha na Mata Sul.<\/span><\/p>\n<p style=\"text-align: justify;\" data-start=\"2784\" data-end=\"2955\"><span style=\"font-size: 14pt; font-family: arial, helvetica, sans-serif;\">\u201cPude ver de perto a crueldade de quem n\u00e3o tem limites. Respeitem minha fam\u00edlia. Respeitem meus filhos. Respeitem quem n\u00e3o est\u00e1 mais aqui. Respeitem a minha dor\u201d, afirmou.<\/span><\/p>\n<p style=\"text-align: justify;\" data-start=\"2957\" data-end=\"3186\"><span style=\"font-size: 14pt; font-family: arial, helvetica, sans-serif;\">A campanha informou que Raquel registrou ocorr\u00eancias junto \u00e0s pol\u00edcias Civil e Federal. A coliga\u00e7\u00e3o Pernambuco no Cora\u00e7\u00e3o anunciou que tamb\u00e9m recorreria ao Minist\u00e9rio P\u00fablico Eleitoral para pedir a identifica\u00e7\u00e3o dos respons\u00e1veis.<\/span><\/p>\n<p style=\"text-align: justify;\" data-start=\"3188\" data-end=\"3405\"><span style=\"font-size: 14pt; font-family: arial, helvetica, sans-serif;\">A Frente Popular de Pernambuco repudiou o material, negou participa\u00e7\u00e3o na produ\u00e7\u00e3o ou distribui\u00e7\u00e3o dos cartazes e tamb\u00e9m acionou o Minist\u00e9rio P\u00fablico Eleitoral para solicitar a investiga\u00e7\u00e3o da autoria e da divulga\u00e7\u00e3o.<\/span><\/p>\n<p style=\"text-align: justify;\" data-start=\"3407\" data-end=\"3579\"><span style=\"font-size: 14pt; font-family: arial, helvetica, sans-serif;\">Fonte: Folha de Pernambuco<\/span><br data-start=\"3546\" data-end=\"3549\" \/><span style=\"font-size: 14pt; font-family: arial, helvetica, sans-serif;\">Foto: Reprodu\u00e7\u00e3o\/Redes sociais<\/span><\/p>\n","protected":false},"excerpt":{"rendered":"<p>Aliados e advers&aacute;rios pol&iacute;ticos repudiaram os cartazes e defenderam a identifica&ccedil;&atilde;o dos respons&aacute;veis. A circula&ccedil;&atilde;o de cartazes ap&oacute;crifos contra a governadora e candidata &agrave; reelei&ccedil;&atilde;o Raquel Lyra (PSD) provocou, nesse domingo (30), manifesta&ccedil;&otilde;es de solidariedade de candidatos e lideran&ccedil;as pol&iacute;ticas de diferentes grupos em Pernambuco. Pelo menos tr&ecirc;s pe&ccedil;as foram afixadas em locais p&uacute;blicos do Recife e compartilhadas nas redes sociais. Parte do material apresentava acusa&ccedil;&otilde;es relacionadas &agrave; morte do marido da governadora, Fernando Lucena, que sofreu um infarto no dia do primeiro turno das elei&ccedil;&otilde;es de 2022. O candidato ao Senado T&uacute;lio Gad&ecirc;lha (PSD), integrante da chapa de Raquel, &#8230; <\/p>\n<p class=\"read-more-container\"><a title=\"Ataques ap\u00f3crifos contra Raquel Lyra provocam manifesta\u00e7\u00f5es de solidariedade\" class=\"read-more button\" href=\"https:\/\/blogdojuniorcavalcanti.com.br\/index.php\/2026\/08\/31\/ataques-apocrifos-contra-raquel-lyra-provocam-manifestacoes-de-solidariedade\/#more-61252\" aria-label=\"More on Ataques ap\u00f3crifos contra Raquel Lyra provocam manifesta\u00e7\u00f5es de solidariedade\">Leia mais<\/a><\/p>\n","protected":false},"author":2,"featured_media":61253,"comment_status":"open","ping_status":"open","sticky":false,"template":"","format":"standard","meta":{"footnotes":""},"categories":[25],"tags":[],"class_list":["post-61252","post","type-post","status-publish","format-standard","has-post-thumbnail","hentry","category-destaque","resize-featured-image"],"_links":{"self":[{"href":"https:\/\/blogdojuniorcavalcanti.com.br\/index.php\/wp-json\/wp\/v2\/posts\/61252","targetHints":{"allow":["GET"]}}],"collection":[{"href":"https:\/\/blogdojuniorcavalcanti.com.br\/index.php\/wp-json\/wp\/v2\/posts"}],"about":[{"href":"https:\/\/blogdojuniorcavalcanti.com.br\/index.php\/wp-json\/wp\/v2\/types\/post"}],"author":[{"embeddable":true,"href":"https:\/\/blogdojuniorcavalcanti.com.br\/index.php\/wp-json\/wp\/v2\/users\/2"}],"replies":[{"embeddable":true,"href":"https:\/\/blogdojuniorcavalcanti.com.br\/index.php\/wp-json\/wp\/v2\/comments?post=61252"}],"version-history":[{"count":1,"href":"https:\/\/blogdojuniorcavalcanti.com.br\/index.php\/wp-json\/wp\/v2\/posts\/61252\/revisions"}],"predecessor-version":[{"id":61254,"href":"https:\/\/blogdojuniorcavalcanti.com.br\/index.php\/wp-json\/wp\/v2\/posts\/61252\/revisions\/61254"}],"wp:featuredmedia":[{"embeddable":true,"href":"https:\/\/blogdojuniorcavalcanti.com.br\/index.php\/wp-json\/wp\/v2\/media\/61253"}],"wp:attachment":[{"href":"https:\/\/blogdojuniorcavalcanti.com.br\/index.php\/wp-json\/wp\/v2\/media?parent=61252"}],"wp:term":[{"taxonomy":"category","embeddable":true,"href":"https:\/\/blogdojuniorcavalcanti.com.br\/index.php\/wp-json\/wp\/v2\/categories?post=61252"},{"taxonomy":"post_tag","embeddable":true,"href":"https:\/\/blogdojuniorcavalcanti.com.br\/index.php\/wp-json\/wp\/v2\/tags?post=61252"}],"curies":[{"name":"wp","href":"https:\/\/api.w.org\/{rel}","templated":true}]}}