{"id":61328,"date":"2026-09-01T01:00:28","date_gmt":"2026-09-01T04:00:28","guid":{"rendered":"https:\/\/blogdojuniorcavalcanti.com.br\/?p=61328"},"modified":"2026-08-31T18:32:51","modified_gmt":"2026-08-31T21:32:51","slug":"ex-primeira-dama-de-granito-denuncia-violencia-domestica-prefeito-pede-desfiliacao-do-pt","status":"publish","type":"post","link":"https:\/\/blogdojuniorcavalcanti.com.br\/index.php\/2026\/09\/01\/ex-primeira-dama-de-granito-denuncia-violencia-domestica-prefeito-pede-desfiliacao-do-pt\/","title":{"rendered":"Ex-primeira-dama de Granito denuncia viol\u00eancia dom\u00e9stica; prefeito pede desfilia\u00e7\u00e3o do PT"},"content":{"rendered":"<p style=\"text-align: justify;\"><span style=\"font-size: 14pt; font-family: arial, helvetica, sans-serif;\">Raila Miranda afirma ter sofrido agress\u00f5es dentro de casa ap\u00f3s decidir pelo fim do relacionamento. Pol\u00edcia Civil abriu dilig\u00eancias para apurar o caso.<\/span><\/p>\n<p style=\"text-align: justify;\"><span style=\"font-size: 14pt; font-family: arial, helvetica, sans-serif;\">A ex-primeira-dama de Granito, no Sert\u00e3o do Araripe, Raila Miranda, denunciou ter sido v\u00edtima de viol\u00eancia dom\u00e9stica. O relato foi divulgado por ela nas redes sociais neste domingo (30), acompanhado de imagens que mostram ferimentos no rosto e na regi\u00e3o posterior da cabe\u00e7a.<span class=\"Apple-converted-space\">\u00a0<\/span><\/span><\/p>\n<p style=\"text-align: justify;\"><span style=\"font-size: 14pt; font-family: arial, helvetica, sans-serif;\">Segundo Raila, as agress\u00f5es ocorreram h\u00e1 pouco mais de 20 dias, dentro da resid\u00eancia onde vivia, depois que ela decidiu encerrar o relacionamento. A ex-primeira-dama afirmou ainda que o filho de sete anos presenciou o epis\u00f3dio.<\/span><\/p>\n<p style=\"text-align: justify;\"><span style=\"font-size: 14pt; font-family: arial, helvetica, sans-serif;\">No v\u00eddeo, Raila disse que demorou a tornar o caso p\u00fablico por medo das consequ\u00eancias, da exposi\u00e7\u00e3o e da posi\u00e7\u00e3o de influ\u00eancia ocupada pelo ent\u00e3o companheiro. Ela tamb\u00e9m relatou estar sofrendo viol\u00eancia patrimonial e informou que busca seus direitos pelas vias legais.<\/span><\/p>\n<p style=\"text-align: justify;\"><span style=\"font-size: 14pt; font-family: arial, helvetica, sans-serif;\">\u201cEu s\u00f3 havia tomado uma decis\u00e3o sobre a minha pr\u00f3pria vida. Eu n\u00e3o queria mais continuar aquela rela\u00e7\u00e3o e ele n\u00e3o aceitou\u201d, afirmou.<\/span><\/p>\n<p style=\"text-align: justify;\"><span style=\"font-size: 14pt; font-family: arial, helvetica, sans-serif;\">O prefeito de Granito, George de Sidney, divulgou nota nesta segunda-feira (31), ap\u00f3s a repercuss\u00e3o do caso. O gestor afirmou que os fatos ser\u00e3o tratados pelas vias legais e ressaltou o direito ao contradit\u00f3rio e \u00e0 ampla defesa.<\/span><\/p>\n<p style=\"text-align: justify;\"><span style=\"font-size: 14pt; font-family: arial, helvetica, sans-serif;\">Segundo George, ele responder\u00e1 aos questionamentos \u201cdentro dos limites da lei\u201d e pretende buscar judicialmente a preserva\u00e7\u00e3o da conviv\u00eancia com o filho. O prefeito tamb\u00e9m afirmou que n\u00e3o pretende transformar quest\u00f5es familiares e judiciais em debate p\u00fablico.<span class=\"Apple-converted-space\">\u00a0<\/span><\/span><\/p>\n<p style=\"text-align: justify;\"><span style=\"font-size: 14pt; font-family: arial, helvetica, sans-serif;\">A Pol\u00edcia Civil de Pernambuco informou que tomou conhecimento do caso, entrou em contato com Raila e iniciou dilig\u00eancias. A investiga\u00e7\u00e3o est\u00e1 sob responsabilidade da Delegacia de Granito.<span class=\"Apple-converted-space\">\u00a0<\/span><\/span><\/p>\n<p style=\"text-align: justify;\"><span style=\"font-size: 14pt; font-family: arial, helvetica, sans-serif;\">Prefeito deixa o PT<\/span><\/p>\n<p style=\"text-align: justify;\"><span style=\"font-size: 14pt; font-family: arial, helvetica, sans-serif;\">A repercuss\u00e3o da den\u00fancia tamb\u00e9m provocou um desdobramento pol\u00edtico. A dire\u00e7\u00e3o estadual do PT informou que havia encaminhado, em regime de urg\u00eancia, a abertura de processo \u00e9tico-disciplinar contra George de Sidney.<\/span><\/p>\n<p style=\"text-align: justify;\"><span style=\"font-size: 14pt; font-family: arial, helvetica, sans-serif;\">Segundo o partido, ao tomar conhecimento do procedimento, que poderia resultar em sua expuls\u00e3o, o prefeito solicitou a desfilia\u00e7\u00e3o da legenda. O PT tamb\u00e9m manifestou solidariedade a Raila e defendeu a r\u00e1pida apura\u00e7\u00e3o das den\u00fancias e a ado\u00e7\u00e3o de medidas de prote\u00e7\u00e3o \u00e0 mulher e \u00e0 crian\u00e7a.<span class=\"Apple-converted-space\">\u00a0<\/span><\/span><\/p>\n<p style=\"text-align: justify;\"><span style=\"font-size: 14pt; font-family: arial, helvetica, sans-serif;\">Com o pedido, George de Sidney passa a ficar sem partido.<span class=\"Apple-converted-space\">\u00a0<\/span><\/span><\/p>\n<p style=\"text-align: justify;\"><span style=\"font-size: 14pt; font-family: arial, helvetica, sans-serif;\">Raila havia anunciado, no \u00faltimo dia 17, seu desligamento da Secretaria de Cultura, Turismo e Lazer de Granito. At\u00e9 o momento, n\u00e3o h\u00e1 confirma\u00e7\u00e3o de rela\u00e7\u00e3o entre sua sa\u00edda do cargo e o epis\u00f3dio denunciado.<\/span><\/p>\n<p style=\"text-align: justify;\"><span style=\"font-size: 14pt; font-family: arial, helvetica, sans-serif;\">Fonte: Diario de Pernambuco \/ JC<\/span><br \/>\n<span style=\"font-size: 14pt; font-family: arial, helvetica, sans-serif;\">Foto: Reprodu\u00e7\u00e3o\/Redes Sociais<\/span><\/p>\n","protected":false},"excerpt":{"rendered":"<p>Raila Miranda afirma ter sofrido agress&otilde;es dentro de casa ap&oacute;s decidir pelo fim do relacionamento. Pol&iacute;cia Civil abriu dilig&ecirc;ncias para apurar o caso. A ex-primeira-dama de Granito, no Sert&atilde;o do Araripe, Raila Miranda, denunciou ter sido v&iacute;tima de viol&ecirc;ncia dom&eacute;stica. O relato foi divulgado por ela nas redes sociais neste domingo (30), acompanhado de imagens que mostram ferimentos no rosto e na regi&atilde;o posterior da cabe&ccedil;a.&nbsp; Segundo Raila, as agress&otilde;es ocorreram h&aacute; pouco mais de 20 dias, dentro da resid&ecirc;ncia onde vivia, depois que ela decidiu encerrar o relacionamento. A ex-primeira-dama afirmou ainda que o filho de sete anos presenciou &#8230; <\/p>\n<p class=\"read-more-container\"><a title=\"Ex-primeira-dama de Granito denuncia viol\u00eancia dom\u00e9stica; prefeito pede desfilia\u00e7\u00e3o do PT\" class=\"read-more button\" href=\"https:\/\/blogdojuniorcavalcanti.com.br\/index.php\/2026\/09\/01\/ex-primeira-dama-de-granito-denuncia-violencia-domestica-prefeito-pede-desfiliacao-do-pt\/#more-61328\" aria-label=\"More on Ex-primeira-dama de Granito denuncia viol\u00eancia dom\u00e9stica; prefeito pede desfilia\u00e7\u00e3o do PT\">Leia mais<\/a><\/p>\n","protected":false},"author":2,"featured_media":61329,"comment_status":"open","ping_status":"open","sticky":false,"template":"","format":"standard","meta":{"footnotes":""},"categories":[37],"tags":[],"class_list":["post-61328","post","type-post","status-publish","format-standard","has-post-thumbnail","hentry","category-cidades","resize-featured-image"],"_links":{"self":[{"href":"https:\/\/blogdojuniorcavalcanti.com.br\/index.php\/wp-json\/wp\/v2\/posts\/61328","targetHints":{"allow":["GET"]}}],"collection":[{"href":"https:\/\/blogdojuniorcavalcanti.com.br\/index.php\/wp-json\/wp\/v2\/posts"}],"about":[{"href":"https:\/\/blogdojuniorcavalcanti.com.br\/index.php\/wp-json\/wp\/v2\/types\/post"}],"author":[{"embeddable":true,"href":"https:\/\/blogdojuniorcavalcanti.com.br\/index.php\/wp-json\/wp\/v2\/users\/2"}],"replies":[{"embeddable":true,"href":"https:\/\/blogdojuniorcavalcanti.com.br\/index.php\/wp-json\/wp\/v2\/comments?post=61328"}],"version-history":[{"count":1,"href":"https:\/\/blogdojuniorcavalcanti.com.br\/index.php\/wp-json\/wp\/v2\/posts\/61328\/revisions"}],"predecessor-version":[{"id":61330,"href":"https:\/\/blogdojuniorcavalcanti.com.br\/index.php\/wp-json\/wp\/v2\/posts\/61328\/revisions\/61330"}],"wp:featuredmedia":[{"embeddable":true,"href":"https:\/\/blogdojuniorcavalcanti.com.br\/index.php\/wp-json\/wp\/v2\/media\/61329"}],"wp:attachment":[{"href":"https:\/\/blogdojuniorcavalcanti.com.br\/index.php\/wp-json\/wp\/v2\/media?parent=61328"}],"wp:term":[{"taxonomy":"category","embeddable":true,"href":"https:\/\/blogdojuniorcavalcanti.com.br\/index.php\/wp-json\/wp\/v2\/categories?post=61328"},{"taxonomy":"post_tag","embeddable":true,"href":"https:\/\/blogdojuniorcavalcanti.com.br\/index.php\/wp-json\/wp\/v2\/tags?post=61328"}],"curies":[{"name":"wp","href":"https:\/\/api.w.org\/{rel}","templated":true}]}}