{"id":61331,"date":"2026-09-01T01:00:55","date_gmt":"2026-09-01T04:00:55","guid":{"rendered":"https:\/\/blogdojuniorcavalcanti.com.br\/?p=61331"},"modified":"2026-08-31T18:34:08","modified_gmt":"2026-08-31T21:34:08","slug":"pe-430-comeca-a-ser-recuperada-em-sao-jose-do-belmonte-articulacao-e-atribuida-a-luciano-duque","status":"publish","type":"post","link":"https:\/\/blogdojuniorcavalcanti.com.br\/index.php\/2026\/09\/01\/pe-430-comeca-a-ser-recuperada-em-sao-jose-do-belmonte-articulacao-e-atribuida-a-luciano-duque\/","title":{"rendered":"PE-430 come\u00e7a a ser recuperada em S\u00e3o Jos\u00e9 do Belmonte; articula\u00e7\u00e3o \u00e9 atribu\u00edda a Luciano Duque"},"content":{"rendered":"<p style=\"text-align: justify;\"><span style=\"font-size: 14pt; font-family: arial, helvetica, sans-serif;\">Servi\u00e7os tiveram in\u00edcio nesta segunda-feira (31). Deputado afirma que acompanha a reivindica\u00e7\u00e3o pela recupera\u00e7\u00e3o da rodovia desde 2023.<\/span><\/p>\n<p style=\"text-align: justify;\"><span style=\"font-size: 14pt; font-family: arial, helvetica, sans-serif;\">As obras de recupera\u00e7\u00e3o da PE-430, em S\u00e3o Jos\u00e9 do Belmonte, come\u00e7aram nesta segunda-feira (31). A estrada \u00e9 utilizada para o deslocamento no munic\u00edpio e tamb\u00e9m para o escoamento da produ\u00e7\u00e3o na regi\u00e3o.<\/span><\/p>\n<p style=\"text-align: justify;\"><span style=\"font-size: 14pt; font-family: arial, helvetica, sans-serif;\">O deputado estadual Luciano Duque informou que acompanha a demanda pela recupera\u00e7\u00e3o da rodovia desde 2023 e que, ao longo desse per\u00edodo, levou o pleito ao Governo de Pernambuco.<\/span><\/p>\n<p style=\"text-align: justify;\"><span style=\"font-size: 14pt; font-family: arial, helvetica, sans-serif;\">Com o in\u00edcio dos servi\u00e7os, o parlamentar atribuiu o avan\u00e7o da interven\u00e7\u00e3o \u00e0s articula\u00e7\u00f5es mantidas com a gest\u00e3o estadual e destacou a import\u00e2ncia da recupera\u00e7\u00e3o da estrada para moradores e produtores que utilizam a PE-430.<\/span><\/p>\n<p style=\"text-align: justify;\"><span style=\"font-size: 14pt; font-family: arial, helvetica, sans-serif;\">\u201c\u00c9 muito gratificante ver uma luta que acompanhamos desde o come\u00e7o se transformar em obra. N\u00e3o basta apresentar a demanda, \u00e9 preciso cobrar, acompanhar e trabalhar para que ela aconte\u00e7a\u201d, afirmou Duque.<\/span><\/p>\n<p style=\"text-align: justify;\"><span style=\"font-size: 14pt; font-family: arial, helvetica, sans-serif;\">O deputado tamb\u00e9m agradeceu \u00e0 governadora Raquel Lyra pela execu\u00e7\u00e3o da interven\u00e7\u00e3o e afirmou que a recupera\u00e7\u00e3o dever\u00e1 melhorar as condi\u00e7\u00f5es de tr\u00e1fego na rodovia.<\/span><\/p>\n<p style=\"text-align: justify;\"><span style=\"font-size: 14pt; font-family: arial, helvetica, sans-serif;\">O material divulgado pela assessoria do parlamentar n\u00e3o informa o valor do investimento, a extens\u00e3o do trecho que ser\u00e1 recuperado nem o prazo previsto para conclus\u00e3o dos servi\u00e7os.<\/span><\/p>\n<p style=\"text-align: justify;\"><span style=\"font-size: 14pt; font-family: arial, helvetica, sans-serif;\">Foto: Divulga\u00e7\u00e3o<\/span><\/p>\n","protected":false},"excerpt":{"rendered":"<p>Servi&ccedil;os tiveram in&iacute;cio nesta segunda-feira (31). Deputado afirma que acompanha a reivindica&ccedil;&atilde;o pela recupera&ccedil;&atilde;o da rodovia desde 2023. As obras de recupera&ccedil;&atilde;o da PE-430, em S&atilde;o Jos&eacute; do Belmonte, come&ccedil;aram nesta segunda-feira (31). A estrada &eacute; utilizada para o deslocamento no munic&iacute;pio e tamb&eacute;m para o escoamento da produ&ccedil;&atilde;o na regi&atilde;o. O deputado estadual Luciano Duque informou que acompanha a demanda pela recupera&ccedil;&atilde;o da rodovia desde 2023 e que, ao longo desse per&iacute;odo, levou o pleito ao Governo de Pernambuco. Com o in&iacute;cio dos servi&ccedil;os, o parlamentar atribuiu o avan&ccedil;o da interven&ccedil;&atilde;o &agrave;s articula&ccedil;&otilde;es mantidas com a gest&atilde;o estadual e &#8230; <\/p>\n<p class=\"read-more-container\"><a title=\"PE-430 come\u00e7a a ser recuperada em S\u00e3o Jos\u00e9 do Belmonte; articula\u00e7\u00e3o \u00e9 atribu\u00edda a Luciano Duque\" class=\"read-more button\" href=\"https:\/\/blogdojuniorcavalcanti.com.br\/index.php\/2026\/09\/01\/pe-430-comeca-a-ser-recuperada-em-sao-jose-do-belmonte-articulacao-e-atribuida-a-luciano-duque\/#more-61331\" aria-label=\"More on PE-430 come\u00e7a a ser recuperada em S\u00e3o Jos\u00e9 do Belmonte; articula\u00e7\u00e3o \u00e9 atribu\u00edda a Luciano Duque\">Leia mais<\/a><\/p>\n","protected":false},"author":2,"featured_media":61332,"comment_status":"open","ping_status":"open","sticky":false,"template":"","format":"standard","meta":{"footnotes":""},"categories":[37],"tags":[],"class_list":["post-61331","post","type-post","status-publish","format-standard","has-post-thumbnail","hentry","category-cidades","resize-featured-image"],"_links":{"self":[{"href":"https:\/\/blogdojuniorcavalcanti.com.br\/index.php\/wp-json\/wp\/v2\/posts\/61331","targetHints":{"allow":["GET"]}}],"collection":[{"href":"https:\/\/blogdojuniorcavalcanti.com.br\/index.php\/wp-json\/wp\/v2\/posts"}],"about":[{"href":"https:\/\/blogdojuniorcavalcanti.com.br\/index.php\/wp-json\/wp\/v2\/types\/post"}],"author":[{"embeddable":true,"href":"https:\/\/blogdojuniorcavalcanti.com.br\/index.php\/wp-json\/wp\/v2\/users\/2"}],"replies":[{"embeddable":true,"href":"https:\/\/blogdojuniorcavalcanti.com.br\/index.php\/wp-json\/wp\/v2\/comments?post=61331"}],"version-history":[{"count":1,"href":"https:\/\/blogdojuniorcavalcanti.com.br\/index.php\/wp-json\/wp\/v2\/posts\/61331\/revisions"}],"predecessor-version":[{"id":61333,"href":"https:\/\/blogdojuniorcavalcanti.com.br\/index.php\/wp-json\/wp\/v2\/posts\/61331\/revisions\/61333"}],"wp:featuredmedia":[{"embeddable":true,"href":"https:\/\/blogdojuniorcavalcanti.com.br\/index.php\/wp-json\/wp\/v2\/media\/61332"}],"wp:attachment":[{"href":"https:\/\/blogdojuniorcavalcanti.com.br\/index.php\/wp-json\/wp\/v2\/media?parent=61331"}],"wp:term":[{"taxonomy":"category","embeddable":true,"href":"https:\/\/blogdojuniorcavalcanti.com.br\/index.php\/wp-json\/wp\/v2\/categories?post=61331"},{"taxonomy":"post_tag","embeddable":true,"href":"https:\/\/blogdojuniorcavalcanti.com.br\/index.php\/wp-json\/wp\/v2\/tags?post=61331"}],"curies":[{"name":"wp","href":"https:\/\/api.w.org\/{rel}","templated":true}]}}