{"id":61340,"date":"2026-09-01T01:00:59","date_gmt":"2026-09-01T04:00:59","guid":{"rendered":"https:\/\/blogdojuniorcavalcanti.com.br\/?p=61340"},"modified":"2026-08-31T18:37:53","modified_gmt":"2026-08-31T21:37:53","slug":"campanha-de-raquel-lyra-vira-tendencia-em-pernambuco-diz-blog","status":"publish","type":"post","link":"https:\/\/blogdojuniorcavalcanti.com.br\/index.php\/2026\/09\/01\/campanha-de-raquel-lyra-vira-tendencia-em-pernambuco-diz-blog\/","title":{"rendered":"Campanha de Raquel Lyra vira tend\u00eancia em Pernambuco, diz blog"},"content":{"rendered":"<p style=\"text-align: justify;\"><span style=\"font-size: 14pt; font-family: arial, helvetica, sans-serif;\"><em>Blog Cen\u00e1rio<\/em><\/span><\/p>\n<p style=\"text-align: justify;\"><span style=\"font-size: 14pt; font-family: arial, helvetica, sans-serif;\">A campanha da candidata \u00e0 reelei\u00e7\u00e3o, Raquel Lyra (PSD), tem ganhado as ruas de uma forma diferente do convencional. O movimento em torno da governadora j\u00e1 ultrapassou os limites dos atos oficiais e come\u00e7a a se transformar em uma esp\u00e9cie de tend\u00eancia eleitoral.<\/span><\/p>\n<p style=\"text-align: justify;\"><span style=\"font-size: 14pt; font-family: arial, helvetica, sans-serif;\">Camisas, bon\u00e9s e outros acess\u00f3rios com frases e refer\u00eancias \u00e0 candidata passaram a fazer parte do cotidiano de apoiadores. Os produtos s\u00e3o comercializados pela internet, em feiras livres e por vendedores aut\u00f4nomos que acompanham as agendas de Raquel na Regi\u00e3o Metropolitana do Recife e no interior.<\/span><\/p>\n<p style=\"text-align: justify;\"><span style=\"font-size: 14pt; font-family: arial, helvetica, sans-serif;\">O fen\u00f4meno, al\u00e9m de impulsionar a candidata, tamb\u00e9m tem fomentado a economia informal. A for\u00e7a do movimento foi tamanha, que chegou a ser alvo de a\u00e7\u00f5es apresentadas pela campanha do principal advers\u00e1rio de Raquel, o ex-prefeito do Recife, Jo\u00e3o Campos (PSB).<\/span><\/p>\n<p style=\"text-align: justify;\"><span style=\"font-size: 14pt; font-family: arial, helvetica, sans-serif;\">A estrat\u00e9gia e o movimento revelam como a imagem de Raquel Lyra come\u00e7a a ocupar espa\u00e7os que v\u00e3o al\u00e9m dos palanques e das redes sociais, se transformando em uma manifesta\u00e7\u00e3o espont\u00e2nea e cada vez mais vis\u00edvel por parte dos seus apoiadores.<\/span><\/p>\n<p style=\"text-align: justify;\"><span style=\"font-size: 14pt; font-family: arial, helvetica, sans-serif;\">Apoiadores do candidato a governador Jo\u00e3o Campos (PSB), tamb\u00e9m investiram forte em camisas, bottons e outros acess\u00f3rios que fazem refer\u00eancia \u00e0 sua campanha. Uma loja chegou a ser aberta no comit\u00ea para que aliados possam adquirir materiais espec\u00edficos de apoio ao ex-prefeito.<\/span><\/p>\n","protected":false},"excerpt":{"rendered":"<p>Blog Cen&aacute;rio A campanha da candidata &agrave; reelei&ccedil;&atilde;o, Raquel Lyra (PSD), tem ganhado as ruas de uma forma diferente do convencional. O movimento em torno da governadora j&aacute; ultrapassou os limites dos atos oficiais e come&ccedil;a a se transformar em uma esp&eacute;cie de tend&ecirc;ncia eleitoral. Camisas, bon&eacute;s e outros acess&oacute;rios com frases e refer&ecirc;ncias &agrave; candidata passaram a fazer parte do cotidiano de apoiadores. Os produtos s&atilde;o comercializados pela internet, em feiras livres e por vendedores aut&ocirc;nomos que acompanham as agendas de Raquel na Regi&atilde;o Metropolitana do Recife e no interior. O fen&ocirc;meno, al&eacute;m de impulsionar a candidata, tamb&eacute;m tem &#8230; <\/p>\n<p class=\"read-more-container\"><a title=\"Campanha de Raquel Lyra vira tend\u00eancia em Pernambuco, diz blog\" class=\"read-more button\" href=\"https:\/\/blogdojuniorcavalcanti.com.br\/index.php\/2026\/09\/01\/campanha-de-raquel-lyra-vira-tendencia-em-pernambuco-diz-blog\/#more-61340\" aria-label=\"More on Campanha de Raquel Lyra vira tend\u00eancia em Pernambuco, diz blog\">Leia mais<\/a><\/p>\n","protected":false},"author":2,"featured_media":61341,"comment_status":"open","ping_status":"open","sticky":false,"template":"","format":"standard","meta":{"footnotes":""},"categories":[27],"tags":[],"class_list":["post-61340","post","type-post","status-publish","format-standard","has-post-thumbnail","hentry","category-politica","resize-featured-image"],"_links":{"self":[{"href":"https:\/\/blogdojuniorcavalcanti.com.br\/index.php\/wp-json\/wp\/v2\/posts\/61340","targetHints":{"allow":["GET"]}}],"collection":[{"href":"https:\/\/blogdojuniorcavalcanti.com.br\/index.php\/wp-json\/wp\/v2\/posts"}],"about":[{"href":"https:\/\/blogdojuniorcavalcanti.com.br\/index.php\/wp-json\/wp\/v2\/types\/post"}],"author":[{"embeddable":true,"href":"https:\/\/blogdojuniorcavalcanti.com.br\/index.php\/wp-json\/wp\/v2\/users\/2"}],"replies":[{"embeddable":true,"href":"https:\/\/blogdojuniorcavalcanti.com.br\/index.php\/wp-json\/wp\/v2\/comments?post=61340"}],"version-history":[{"count":1,"href":"https:\/\/blogdojuniorcavalcanti.com.br\/index.php\/wp-json\/wp\/v2\/posts\/61340\/revisions"}],"predecessor-version":[{"id":61342,"href":"https:\/\/blogdojuniorcavalcanti.com.br\/index.php\/wp-json\/wp\/v2\/posts\/61340\/revisions\/61342"}],"wp:featuredmedia":[{"embeddable":true,"href":"https:\/\/blogdojuniorcavalcanti.com.br\/index.php\/wp-json\/wp\/v2\/media\/61341"}],"wp:attachment":[{"href":"https:\/\/blogdojuniorcavalcanti.com.br\/index.php\/wp-json\/wp\/v2\/media?parent=61340"}],"wp:term":[{"taxonomy":"category","embeddable":true,"href":"https:\/\/blogdojuniorcavalcanti.com.br\/index.php\/wp-json\/wp\/v2\/categories?post=61340"},{"taxonomy":"post_tag","embeddable":true,"href":"https:\/\/blogdojuniorcavalcanti.com.br\/index.php\/wp-json\/wp\/v2\/tags?post=61340"}],"curies":[{"name":"wp","href":"https:\/\/api.w.org\/{rel}","templated":true}]}}