{"id":61358,"date":"2026-09-01T01:00:57","date_gmt":"2026-09-01T04:00:57","guid":{"rendered":"https:\/\/blogdojuniorcavalcanti.com.br\/?p=61358"},"modified":"2026-08-31T18:45:47","modified_gmt":"2026-08-31T21:45:47","slug":"carlos-monforte-ex-apresentador-do-bom-dia-brasil-morre-aos-77-anos","status":"publish","type":"post","link":"https:\/\/blogdojuniorcavalcanti.com.br\/index.php\/2026\/09\/01\/carlos-monforte-ex-apresentador-do-bom-dia-brasil-morre-aos-77-anos\/","title":{"rendered":"Carlos Monforte, ex-apresentador do &#8220;Bom dia, Brasil&#8221;, morre aos 77 anos"},"content":{"rendered":"<div class=\"fotoNot\">\n<p class=\"credFotoNot text-[12px] mb-2.5 font-medium tracking-[-3%] text-center text-black\" style=\"text-align: justify;\"><span style=\"font-size: 14pt; font-family: arial, helvetica, sans-serif;\">Carlos foi editor-chefe e apresentador do &#8216;Bom Dia Brasil&#8217; na d\u00e9cada de 1980 (Z\u00e9 Paulo Cardeal\/Mem\u00f3ria Globo)<\/span><\/p>\n<\/div>\n<p class=\"texto\" style=\"text-align: justify;\"><span style=\"font-size: 14pt; font-family: arial, helvetica, sans-serif;\">O jornalista Carlos Monforte morreu aos 77 anos nesta segunda-feira (31). A causa da morte n\u00e3o foi divulgada. Carlos Monforte nasceu em Santos em 1949, e morava em Bras\u00edlia h\u00e1 43 anos.<\/span><\/p>\n<p class=\"texto\" style=\"text-align: justify;\"><span style=\"font-size: 14pt; font-family: arial, helvetica, sans-serif;\">O\u00a0<a href=\"https:\/\/www.diariodepernambuco.com.br\/politica\/2026\/07\/11718157-velorio-de-waldemar-borges-reune-familiares-amigos-e-politicos-na-alepe.html\"><strong>vel\u00f3rio<\/strong><\/a>\u00a0ser\u00e1 na ter\u00e7a-feira (1\u00ba), das 13h \u00e0s 15h, na capela 1 do Cemit\u00e9rio Campo da Esperan\u00e7a. O cremat\u00f3rio ser\u00e1 \u00e0s 15h15<\/span><\/p>\n<p class=\"texto\" style=\"text-align: justify;\"><span style=\"font-size: 14pt; font-family: arial, helvetica, sans-serif;\">Carlos estudou jornalismo na\u00a0<a href=\"https:\/\/www.unisantos.br\/graduacao\/jornalismo\/\"><strong>Faculdade de Comunica\u00e7\u00e3o de Santos<\/strong><\/a>\u00a0e, antes mesmo de concluir o curso, come\u00e7ou a trabalhar como rep\u00f3rter no jornal A Tribuna. Ele se formou em 1972 e, em seguida, tornou-se assessor de comunica\u00e7\u00e3o da Secretaria de Obras do Estado de S\u00e3o Paulo.<\/span><\/p>\n<p class=\"texto\" style=\"text-align: justify;\"><span style=\"font-size: 14pt; font-family: arial, helvetica, sans-serif;\">Entre 1973 e 1978, trabalhou como rep\u00f3rter especial de O Estado de S. Paulo. Nesse per\u00edodo, fez dois cursos de aperfei\u00e7oamento no exterior. Ele ingressou na Globo em 1978 e foi um dos primeiros \u00e2ncoras do telejornalismo brasileiro. Exerceu o cargo de editor-chefe e apresentador do Bom Dia Brasil na d\u00e9cada de 1980. O telejornal chegou a realizar, no primeiro ano, cerca de 700 entrevistas com empres\u00e1rios e pol\u00edticos. Carlos esteve \u00e0 frente do Bom Dia Brasil por nove anos. Ele foi tamb\u00e9m editor de pol\u00edtica do Jornal da Globo. O jornalista deixou a emissora em 2016.<\/span><\/p>\n<p class=\"texto\" style=\"text-align: justify;\"><span style=\"font-size: 14pt; font-family: arial, helvetica, sans-serif;\">Ao Correio, o jornalista Paulo Jos\u00e9 Cunha descreveu com carinho a rela\u00e7\u00e3o de amizade que tinha com Carlos Monforte. Eles se conheceram em 1988 e passaram 10 anos convivendo diariamente na TV Globo. Para Paulo, Carlos deixa um legado de &#8220;retid\u00e3o profissional e cuidado com a precis\u00e3o da informa\u00e7\u00e3o&#8221;.<\/span><\/p>\n","protected":false},"excerpt":{"rendered":"<p>Carlos foi editor-chefe e apresentador do &lsquo;Bom Dia Brasil&rsquo; na d&eacute;cada de 1980 (Z&eacute; Paulo Cardeal\/Mem&oacute;ria Globo) O jornalista Carlos Monforte morreu aos 77 anos nesta segunda-feira (31). A causa da morte n&atilde;o foi divulgada. Carlos Monforte nasceu em Santos em 1949, e morava em Bras&iacute;lia h&aacute; 43 anos. O&nbsp;vel&oacute;rio&nbsp;ser&aacute; na ter&ccedil;a-feira (1&ordm;), das 13h &agrave;s 15h, na capela 1 do Cemit&eacute;rio Campo da Esperan&ccedil;a. O cremat&oacute;rio ser&aacute; &agrave;s 15h15 Carlos estudou jornalismo na&nbsp;Faculdade de Comunica&ccedil;&atilde;o de Santos&nbsp;e, antes mesmo de concluir o curso, come&ccedil;ou a trabalhar como rep&oacute;rter no jornal A Tribuna. Ele se formou em 1972 e, em &#8230; <\/p>\n<p class=\"read-more-container\"><a title=\"Carlos Monforte, ex-apresentador do &#8220;Bom dia, Brasil&#8221;, morre aos 77 anos\" class=\"read-more button\" href=\"https:\/\/blogdojuniorcavalcanti.com.br\/index.php\/2026\/09\/01\/carlos-monforte-ex-apresentador-do-bom-dia-brasil-morre-aos-77-anos\/#more-61358\" aria-label=\"More on Carlos Monforte, ex-apresentador do &#8220;Bom dia, Brasil&#8221;, morre aos 77 anos\">Leia mais<\/a><\/p>\n","protected":false},"author":2,"featured_media":61359,"comment_status":"open","ping_status":"open","sticky":false,"template":"","format":"standard","meta":{"footnotes":""},"categories":[33],"tags":[],"class_list":["post-61358","post","type-post","status-publish","format-standard","has-post-thumbnail","hentry","category-brasil","resize-featured-image"],"_links":{"self":[{"href":"https:\/\/blogdojuniorcavalcanti.com.br\/index.php\/wp-json\/wp\/v2\/posts\/61358","targetHints":{"allow":["GET"]}}],"collection":[{"href":"https:\/\/blogdojuniorcavalcanti.com.br\/index.php\/wp-json\/wp\/v2\/posts"}],"about":[{"href":"https:\/\/blogdojuniorcavalcanti.com.br\/index.php\/wp-json\/wp\/v2\/types\/post"}],"author":[{"embeddable":true,"href":"https:\/\/blogdojuniorcavalcanti.com.br\/index.php\/wp-json\/wp\/v2\/users\/2"}],"replies":[{"embeddable":true,"href":"https:\/\/blogdojuniorcavalcanti.com.br\/index.php\/wp-json\/wp\/v2\/comments?post=61358"}],"version-history":[{"count":1,"href":"https:\/\/blogdojuniorcavalcanti.com.br\/index.php\/wp-json\/wp\/v2\/posts\/61358\/revisions"}],"predecessor-version":[{"id":61360,"href":"https:\/\/blogdojuniorcavalcanti.com.br\/index.php\/wp-json\/wp\/v2\/posts\/61358\/revisions\/61360"}],"wp:featuredmedia":[{"embeddable":true,"href":"https:\/\/blogdojuniorcavalcanti.com.br\/index.php\/wp-json\/wp\/v2\/media\/61359"}],"wp:attachment":[{"href":"https:\/\/blogdojuniorcavalcanti.com.br\/index.php\/wp-json\/wp\/v2\/media?parent=61358"}],"wp:term":[{"taxonomy":"category","embeddable":true,"href":"https:\/\/blogdojuniorcavalcanti.com.br\/index.php\/wp-json\/wp\/v2\/categories?post=61358"},{"taxonomy":"post_tag","embeddable":true,"href":"https:\/\/blogdojuniorcavalcanti.com.br\/index.php\/wp-json\/wp\/v2\/tags?post=61358"}],"curies":[{"name":"wp","href":"https:\/\/api.w.org\/{rel}","templated":true}]}}