{"id":61371,"date":"2026-09-01T14:36:54","date_gmt":"2026-09-01T17:36:54","guid":{"rendered":"https:\/\/blogdojuniorcavalcanti.com.br\/?p=61371"},"modified":"2026-09-01T14:36:54","modified_gmt":"2026-09-01T17:36:54","slug":"itapetim-encerra-programacao-da-semana-da-pessoa-com-deficiencia","status":"publish","type":"post","link":"https:\/\/blogdojuniorcavalcanti.com.br\/index.php\/2026\/09\/01\/itapetim-encerra-programacao-da-semana-da-pessoa-com-deficiencia\/","title":{"rendered":"Itapetim encerra programa\u00e7\u00e3o da Semana da Pessoa com Defici\u00eancia"},"content":{"rendered":"<p style=\"text-align: justify;\"><span style=\"font-size: 14pt; font-family: arial, helvetica, sans-serif;\">O Governo Municipal de Itapetim, por meio da Secretaria de Educa\u00e7\u00e3o e do N\u00facleo de Apoio Multidisciplinar Educacional, realizou, na noite desta segunda-feira (31), na Pra\u00e7a Sim\u00e3o Leite, o encerramento da Semana da Pessoa com Defici\u00eancia.<\/span><\/p>\n<p style=\"text-align: justify;\"><span style=\"font-size: 14pt; font-family: arial, helvetica, sans-serif;\">Com o tema &#8220;Defici\u00eancia n\u00e3o define. Oportunidade transforma. Inclua nossa voz&#8221;, a programa\u00e7\u00e3o reuniu apresenta\u00e7\u00f5es culturais das escolas da Rede Municipal de Ensino, do Servi\u00e7o de Conviv\u00eancia e Fortalecimento de V\u00ednculos (SCFV) e das M\u00e3es At\u00edpicas, promovendo um momento de conscientiza\u00e7\u00e3o, inclus\u00e3o e valoriza\u00e7\u00e3o das pessoas com defici\u00eancia.<\/span><\/p>\n<p style=\"text-align: justify;\"><span style=\"font-size: 14pt; font-family: arial, helvetica, sans-serif;\">O evento contou com a presen\u00e7a da prefeita Aline Karina, da secret\u00e1ria de Educa\u00e7\u00e3o, Paula Cilene, al\u00e9m de outros secret\u00e1rios e diretores municipais, que acompanharam as apresenta\u00e7\u00f5es e refor\u00e7aram o compromisso da gest\u00e3o com a promo\u00e7\u00e3o da inclus\u00e3o, da acessibilidade e da igualdade de oportunidades.<\/span><\/p>\n<p style=\"text-align: justify;\"><span style=\"font-size: 14pt; font-family: arial, helvetica, sans-serif;\">A Semana da Pessoa com Defici\u00eancia foi marcada por a\u00e7\u00f5es de conscientiza\u00e7\u00e3o e incentivo ao respeito \u00e0s diferen\u00e7as, fortalecendo a constru\u00e7\u00e3o de uma sociedade mais acolhedora, inclusiva e comprometida com os direitos de todas as pessoas.<\/span><\/p>\n","protected":false},"excerpt":{"rendered":"<p>O Governo Municipal de Itapetim, por meio da Secretaria de Educa&ccedil;&atilde;o e do N&uacute;cleo de Apoio Multidisciplinar Educacional, realizou, na noite desta segunda-feira (31), na Pra&ccedil;a Sim&atilde;o Leite, o encerramento da Semana da Pessoa com Defici&ecirc;ncia. Com o tema &ldquo;Defici&ecirc;ncia n&atilde;o define. Oportunidade transforma. Inclua nossa voz&rdquo;, a programa&ccedil;&atilde;o reuniu apresenta&ccedil;&otilde;es culturais das escolas da Rede Municipal de Ensino, do Servi&ccedil;o de Conviv&ecirc;ncia e Fortalecimento de V&iacute;nculos (SCFV) e das M&atilde;es At&iacute;picas, promovendo um momento de conscientiza&ccedil;&atilde;o, inclus&atilde;o e valoriza&ccedil;&atilde;o das pessoas com defici&ecirc;ncia. O evento contou com a presen&ccedil;a da prefeita Aline Karina, da secret&aacute;ria de Educa&ccedil;&atilde;o, Paula Cilene, &#8230; <\/p>\n<p class=\"read-more-container\"><a title=\"Itapetim encerra programa\u00e7\u00e3o da Semana da Pessoa com Defici\u00eancia\" class=\"read-more button\" href=\"https:\/\/blogdojuniorcavalcanti.com.br\/index.php\/2026\/09\/01\/itapetim-encerra-programacao-da-semana-da-pessoa-com-deficiencia\/#more-61371\" aria-label=\"More on Itapetim encerra programa\u00e7\u00e3o da Semana da Pessoa com Defici\u00eancia\">Leia mais<\/a><\/p>\n","protected":false},"author":2,"featured_media":61372,"comment_status":"open","ping_status":"open","sticky":false,"template":"","format":"standard","meta":{"footnotes":""},"categories":[37],"tags":[],"class_list":["post-61371","post","type-post","status-publish","format-standard","has-post-thumbnail","hentry","category-cidades","resize-featured-image"],"_links":{"self":[{"href":"https:\/\/blogdojuniorcavalcanti.com.br\/index.php\/wp-json\/wp\/v2\/posts\/61371","targetHints":{"allow":["GET"]}}],"collection":[{"href":"https:\/\/blogdojuniorcavalcanti.com.br\/index.php\/wp-json\/wp\/v2\/posts"}],"about":[{"href":"https:\/\/blogdojuniorcavalcanti.com.br\/index.php\/wp-json\/wp\/v2\/types\/post"}],"author":[{"embeddable":true,"href":"https:\/\/blogdojuniorcavalcanti.com.br\/index.php\/wp-json\/wp\/v2\/users\/2"}],"replies":[{"embeddable":true,"href":"https:\/\/blogdojuniorcavalcanti.com.br\/index.php\/wp-json\/wp\/v2\/comments?post=61371"}],"version-history":[{"count":1,"href":"https:\/\/blogdojuniorcavalcanti.com.br\/index.php\/wp-json\/wp\/v2\/posts\/61371\/revisions"}],"predecessor-version":[{"id":61373,"href":"https:\/\/blogdojuniorcavalcanti.com.br\/index.php\/wp-json\/wp\/v2\/posts\/61371\/revisions\/61373"}],"wp:featuredmedia":[{"embeddable":true,"href":"https:\/\/blogdojuniorcavalcanti.com.br\/index.php\/wp-json\/wp\/v2\/media\/61372"}],"wp:attachment":[{"href":"https:\/\/blogdojuniorcavalcanti.com.br\/index.php\/wp-json\/wp\/v2\/media?parent=61371"}],"wp:term":[{"taxonomy":"category","embeddable":true,"href":"https:\/\/blogdojuniorcavalcanti.com.br\/index.php\/wp-json\/wp\/v2\/categories?post=61371"},{"taxonomy":"post_tag","embeddable":true,"href":"https:\/\/blogdojuniorcavalcanti.com.br\/index.php\/wp-json\/wp\/v2\/tags?post=61371"}],"curies":[{"name":"wp","href":"https:\/\/api.w.org\/{rel}","templated":true}]}}