{"id":61374,"date":"2026-09-01T14:39:13","date_gmt":"2026-09-01T17:39:13","guid":{"rendered":"https:\/\/blogdojuniorcavalcanti.com.br\/?p=61374"},"modified":"2026-09-01T14:39:13","modified_gmt":"2026-09-01T17:39:13","slug":"flores-abre-programacao-pelos-134-anos-com-desfiles-inauguracoes-e-eventos-durante-setembro","status":"publish","type":"post","link":"https:\/\/blogdojuniorcavalcanti.com.br\/index.php\/2026\/09\/01\/flores-abre-programacao-pelos-134-anos-com-desfiles-inauguracoes-e-eventos-durante-setembro\/","title":{"rendered":"Flores abre programa\u00e7\u00e3o pelos 134 anos com desfiles, inaugura\u00e7\u00f5es e eventos durante setembro"},"content":{"rendered":"<p style=\"text-align: justify;\"><span style=\"font-size: 14pt; font-family: arial, helvetica, sans-serif;\">Flores iniciou nesta ter\u00e7a-feira, 1\u00ba de setembro, as comemora\u00e7\u00f5es pelos 134 anos de emancipa\u00e7\u00e3o pol\u00edtica. A programa\u00e7\u00e3o preparada pelo Governo Municipal re\u00fane desfiles c\u00edvicos, eventos culturais, atividades religiosas e uma s\u00e9rie de inaugura\u00e7\u00f5es ao longo do m\u00eas.<\/span><\/p>\n<p style=\"text-align: justify;\"><span style=\"font-size: 14pt; font-family: arial, helvetica, sans-serif;\">Os desfiles acontecer\u00e3o na sede, distritos e povoados, envolvendo comunidades como Matolotagem, S\u00e3o Jo\u00e3o dos Leites, Saco do Rom\u00e3o, F\u00e1tima, S\u00edtio dos Nunes, Santana de Almas e Caldeir\u00e3o dos Bois.<\/span><\/p>\n<p style=\"text-align: justify;\"><span style=\"font-size: 14pt; font-family: arial, helvetica, sans-serif;\">Entre os destaques est\u00e3o o 2\u00ba Flores Classic Show, nos dias 4 e 5, e a programa\u00e7\u00e3o do dia 9, com entrega de novos equipamentos para o Hospital Municipal Gen\u00e9sio Francisco Xavier, Sala do Empreendedor, pavimenta\u00e7\u00f5es, cal\u00e7amentos e a nova UBS do Alto Pedro de Souza.<\/span><\/p>\n<p style=\"text-align: justify;\"><span style=\"font-size: 14pt; font-family: arial, helvetica, sans-serif;\">No dia 10 acontece a tradicional Festa de Emancipa\u00e7\u00e3o Pol\u00edtica. J\u00e1 no dia 11 de setembro, data oficial do anivers\u00e1rio de Flores, a programa\u00e7\u00e3o ser\u00e1 marcada pela Missa Solene, Encontro de Bandas Marciais e o tradicional corte do bolo.<\/span><\/p>\n<p style=\"text-align: justify;\"><span style=\"font-size: 14pt; font-family: arial, helvetica, sans-serif;\">As comemora\u00e7\u00f5es unem tradi\u00e7\u00e3o, cultura e novas entregas, marcando os 134 anos de hist\u00f3ria de Flores no Sert\u00e3o do Paje\u00fa.<\/span><\/p>\n","protected":false},"excerpt":{"rendered":"<p>Flores iniciou nesta ter&ccedil;a-feira, 1&ordm; de setembro, as comemora&ccedil;&otilde;es pelos 134 anos de emancipa&ccedil;&atilde;o pol&iacute;tica. A programa&ccedil;&atilde;o preparada pelo Governo Municipal re&uacute;ne desfiles c&iacute;vicos, eventos culturais, atividades religiosas e uma s&eacute;rie de inaugura&ccedil;&otilde;es ao longo do m&ecirc;s. Os desfiles acontecer&atilde;o na sede, distritos e povoados, envolvendo comunidades como Matolotagem, S&atilde;o Jo&atilde;o dos Leites, Saco do Rom&atilde;o, F&aacute;tima, S&iacute;tio dos Nunes, Santana de Almas e Caldeir&atilde;o dos Bois. Entre os destaques est&atilde;o o 2&ordm; Flores Classic Show, nos dias 4 e 5, e a programa&ccedil;&atilde;o do dia 9, com entrega de novos equipamentos para o Hospital Municipal Gen&eacute;sio Francisco Xavier, Sala &#8230; <\/p>\n<p class=\"read-more-container\"><a title=\"Flores abre programa\u00e7\u00e3o pelos 134 anos com desfiles, inaugura\u00e7\u00f5es e eventos durante setembro\" class=\"read-more button\" href=\"https:\/\/blogdojuniorcavalcanti.com.br\/index.php\/2026\/09\/01\/flores-abre-programacao-pelos-134-anos-com-desfiles-inauguracoes-e-eventos-durante-setembro\/#more-61374\" aria-label=\"More on Flores abre programa\u00e7\u00e3o pelos 134 anos com desfiles, inaugura\u00e7\u00f5es e eventos durante setembro\">Leia mais<\/a><\/p>\n","protected":false},"author":2,"featured_media":61375,"comment_status":"open","ping_status":"open","sticky":false,"template":"","format":"standard","meta":{"footnotes":""},"categories":[37],"tags":[],"class_list":["post-61374","post","type-post","status-publish","format-standard","has-post-thumbnail","hentry","category-cidades","resize-featured-image"],"_links":{"self":[{"href":"https:\/\/blogdojuniorcavalcanti.com.br\/index.php\/wp-json\/wp\/v2\/posts\/61374","targetHints":{"allow":["GET"]}}],"collection":[{"href":"https:\/\/blogdojuniorcavalcanti.com.br\/index.php\/wp-json\/wp\/v2\/posts"}],"about":[{"href":"https:\/\/blogdojuniorcavalcanti.com.br\/index.php\/wp-json\/wp\/v2\/types\/post"}],"author":[{"embeddable":true,"href":"https:\/\/blogdojuniorcavalcanti.com.br\/index.php\/wp-json\/wp\/v2\/users\/2"}],"replies":[{"embeddable":true,"href":"https:\/\/blogdojuniorcavalcanti.com.br\/index.php\/wp-json\/wp\/v2\/comments?post=61374"}],"version-history":[{"count":1,"href":"https:\/\/blogdojuniorcavalcanti.com.br\/index.php\/wp-json\/wp\/v2\/posts\/61374\/revisions"}],"predecessor-version":[{"id":61376,"href":"https:\/\/blogdojuniorcavalcanti.com.br\/index.php\/wp-json\/wp\/v2\/posts\/61374\/revisions\/61376"}],"wp:featuredmedia":[{"embeddable":true,"href":"https:\/\/blogdojuniorcavalcanti.com.br\/index.php\/wp-json\/wp\/v2\/media\/61375"}],"wp:attachment":[{"href":"https:\/\/blogdojuniorcavalcanti.com.br\/index.php\/wp-json\/wp\/v2\/media?parent=61374"}],"wp:term":[{"taxonomy":"category","embeddable":true,"href":"https:\/\/blogdojuniorcavalcanti.com.br\/index.php\/wp-json\/wp\/v2\/categories?post=61374"},{"taxonomy":"post_tag","embeddable":true,"href":"https:\/\/blogdojuniorcavalcanti.com.br\/index.php\/wp-json\/wp\/v2\/tags?post=61374"}],"curies":[{"name":"wp","href":"https:\/\/api.w.org\/{rel}","templated":true}]}}