{"id":61443,"date":"2026-09-03T10:08:23","date_gmt":"2026-09-03T13:08:23","guid":{"rendered":"https:\/\/blogdojuniorcavalcanti.com.br\/?p=61443"},"modified":"2026-09-03T10:08:23","modified_gmt":"2026-09-03T13:08:23","slug":"paroquia-do-senhor-bom-jesus-dos-remedios-da-continuidade-ao-andamento-da-climatizacao-da-catedral","status":"publish","type":"post","link":"https:\/\/blogdojuniorcavalcanti.com.br\/index.php\/2026\/09\/03\/paroquia-do-senhor-bom-jesus-dos-remedios-da-continuidade-ao-andamento-da-climatizacao-da-catedral\/","title":{"rendered":"Par\u00f3quia do Senhor Bom Jesus dos Rem\u00e9dios d\u00e1 continuidade ao andamento da climatiza\u00e7\u00e3o da Catedral"},"content":{"rendered":"<div class=\"entry-content\">\n<p style=\"text-align: justify;\"><span style=\"font-size: 14pt; font-family: arial, helvetica, sans-serif;\">Do PE Not\u00edcias<\/span><\/p>\n<p style=\"text-align: justify;\"><span style=\"font-size: 14pt; font-family: arial, helvetica, sans-serif;\">A Par\u00f3quia do Senhor Bom Jesus dos Rem\u00e9dios, em Afogados da Ingazeira, segue avan\u00e7ando nas etapas necess\u00e1rias para a climatiza\u00e7\u00e3o da Catedral. Nesta nova fase do projeto, diz a assessoria da Par\u00f3quia nas redes sociais, foi realizado o servi\u00e7o de instala\u00e7\u00e3o el\u00e9trica que dar\u00e1 suporte ao funcionamento dos equipamentos previstos para o templo.<\/span><\/p>\n<p style=\"text-align: justify;\"><span style=\"font-size: 14pt; font-family: arial, helvetica, sans-serif;\">O trabalho contemplou a passagem e organiza\u00e7\u00e3o de cabos trif\u00e1sicos de 16 mm\u00b2, al\u00e9m da instala\u00e7\u00e3o de cabos de 10 mm\u00b2 e 6 mm\u00b2, dimensionados de acordo com cada circuito.<\/span><\/p>\n<p style=\"text-align: justify;\"><span style=\"font-size: 14pt; font-family: arial, helvetica, sans-serif;\">Os cabos foram distribu\u00eddos por calhas e eletrodutos, garantindo prote\u00e7\u00e3o, organiza\u00e7\u00e3o e facilidade para futuras manuten\u00e7\u00f5es. Tamb\u00e9m foram realizadas deriva\u00e7\u00f5es para assegurar a distribui\u00e7\u00e3o adequada da alimenta\u00e7\u00e3o el\u00e9trica entre os diferentes pontos da instala\u00e7\u00e3o.<\/span><\/p>\n<p style=\"text-align: justify;\"><span style=\"font-size: 14pt; font-family: arial, helvetica, sans-serif;\">Com a conclus\u00e3o desta etapa, a estrutura el\u00e9trica fica preparada para suportar as cargas previstas no projeto de climatiza\u00e7\u00e3o.<\/span><\/p>\n<p style=\"text-align: justify;\"><span style=\"font-size: 14pt; font-family: arial, helvetica, sans-serif;\">A Par\u00f3quia do Senhor Bom Jesus dos Rem\u00e9dios segue prestando contas \u00e0 comunidade sobre cada fase executada e agradece a colabora\u00e7\u00e3o de todos que t\u00eam contribu\u00eddo para a realiza\u00e7\u00e3o deste importante projeto na Igreja Catedral.<\/span><\/p>\n<div class=\"heateorSssClear\" style=\"text-align: justify;\"><\/div>\n<div class=\"heateor_sss_sharing_container heateor_sss_horizontal_sharing\" style=\"text-align: justify;\" data-heateor-sss-href=\"https:\/\/penoticias.com.br\/blog\/paroquia-do-senhor-bom-jesus-dos-remedios-da-andamento-a-climatizacao-da-catedral\/\">\n<div class=\"heateor_sss_sharing_title\"><\/div>\n<div class=\"heateor_sss_sharing_ul\"><\/div>\n<div class=\"heateorSssClear\"><\/div>\n<\/div>\n<div class=\"heateorSssClear\" style=\"text-align: justify;\"><\/div>\n<\/div>\n","protected":false},"excerpt":{"rendered":"<p>Do PE Not&iacute;cias A Par&oacute;quia do Senhor Bom Jesus dos Rem&eacute;dios, em Afogados da Ingazeira, segue avan&ccedil;ando nas etapas necess&aacute;rias para a climatiza&ccedil;&atilde;o da Catedral. Nesta nova fase do projeto, diz a assessoria da Par&oacute;quia nas redes sociais, foi realizado o servi&ccedil;o de instala&ccedil;&atilde;o el&eacute;trica que dar&aacute; suporte ao funcionamento dos equipamentos previstos para o templo. O trabalho contemplou a passagem e organiza&ccedil;&atilde;o de cabos trif&aacute;sicos de 16 mm&sup2;, al&eacute;m da instala&ccedil;&atilde;o de cabos de 10 mm&sup2; e 6 mm&sup2;, dimensionados de acordo com cada circuito. Os cabos foram distribu&iacute;dos por calhas e eletrodutos, garantindo prote&ccedil;&atilde;o, organiza&ccedil;&atilde;o e facilidade para &#8230; <\/p>\n<p class=\"read-more-container\"><a title=\"Par\u00f3quia do Senhor Bom Jesus dos Rem\u00e9dios d\u00e1 continuidade ao andamento da climatiza\u00e7\u00e3o da Catedral\" class=\"read-more button\" href=\"https:\/\/blogdojuniorcavalcanti.com.br\/index.php\/2026\/09\/03\/paroquia-do-senhor-bom-jesus-dos-remedios-da-continuidade-ao-andamento-da-climatizacao-da-catedral\/#more-61443\" aria-label=\"More on Par\u00f3quia do Senhor Bom Jesus dos Rem\u00e9dios d\u00e1 continuidade ao andamento da climatiza\u00e7\u00e3o da Catedral\">Leia mais<\/a><\/p>\n","protected":false},"author":2,"featured_media":61444,"comment_status":"open","ping_status":"open","sticky":false,"template":"","format":"standard","meta":{"footnotes":""},"categories":[37],"tags":[],"class_list":["post-61443","post","type-post","status-publish","format-standard","has-post-thumbnail","hentry","category-cidades","resize-featured-image"],"_links":{"self":[{"href":"https:\/\/blogdojuniorcavalcanti.com.br\/index.php\/wp-json\/wp\/v2\/posts\/61443","targetHints":{"allow":["GET"]}}],"collection":[{"href":"https:\/\/blogdojuniorcavalcanti.com.br\/index.php\/wp-json\/wp\/v2\/posts"}],"about":[{"href":"https:\/\/blogdojuniorcavalcanti.com.br\/index.php\/wp-json\/wp\/v2\/types\/post"}],"author":[{"embeddable":true,"href":"https:\/\/blogdojuniorcavalcanti.com.br\/index.php\/wp-json\/wp\/v2\/users\/2"}],"replies":[{"embeddable":true,"href":"https:\/\/blogdojuniorcavalcanti.com.br\/index.php\/wp-json\/wp\/v2\/comments?post=61443"}],"version-history":[{"count":1,"href":"https:\/\/blogdojuniorcavalcanti.com.br\/index.php\/wp-json\/wp\/v2\/posts\/61443\/revisions"}],"predecessor-version":[{"id":61445,"href":"https:\/\/blogdojuniorcavalcanti.com.br\/index.php\/wp-json\/wp\/v2\/posts\/61443\/revisions\/61445"}],"wp:featuredmedia":[{"embeddable":true,"href":"https:\/\/blogdojuniorcavalcanti.com.br\/index.php\/wp-json\/wp\/v2\/media\/61444"}],"wp:attachment":[{"href":"https:\/\/blogdojuniorcavalcanti.com.br\/index.php\/wp-json\/wp\/v2\/media?parent=61443"}],"wp:term":[{"taxonomy":"category","embeddable":true,"href":"https:\/\/blogdojuniorcavalcanti.com.br\/index.php\/wp-json\/wp\/v2\/categories?post=61443"},{"taxonomy":"post_tag","embeddable":true,"href":"https:\/\/blogdojuniorcavalcanti.com.br\/index.php\/wp-json\/wp\/v2\/tags?post=61443"}],"curies":[{"name":"wp","href":"https:\/\/api.w.org\/{rel}","templated":true}]}}