{"id":61461,"date":"2026-09-03T10:16:25","date_gmt":"2026-09-03T13:16:25","guid":{"rendered":"https:\/\/blogdojuniorcavalcanti.com.br\/?p=61461"},"modified":"2026-09-03T10:16:25","modified_gmt":"2026-09-03T13:16:25","slug":"passageiro-de-onibus-e-detido-pela-prf-com-cocaina-e-skank-em-serra-talhada","status":"publish","type":"post","link":"https:\/\/blogdojuniorcavalcanti.com.br\/index.php\/2026\/09\/03\/passageiro-de-onibus-e-detido-pela-prf-com-cocaina-e-skank-em-serra-talhada\/","title":{"rendered":"Passageiro de \u00f4nibus \u00e9 detido pela PRF com coca\u00edna e skank em Serra Talhada"},"content":{"rendered":"<p style=\"text-align: justify;\"><span style=\"font-size: 14pt; font-family: arial, helvetica, sans-serif;\">Um passageiro de \u00f4nibus que transportava 2,2 Kg de skank e cerca de um quilo de coca\u00edna foi detido, na madrugada de segunda-feira (31\/08), pela Pol\u00edcia Rodovi\u00e1ria Federal (PRF). O flagrante foi realizado durante a fiscaliza\u00e7\u00e3o a um ve\u00edculo de transporte coletivo, na BR 232, em Serra Talhada, no Sert\u00e3o de Pernambuco. O fato foi divulgado nesta ter\u00e7a-feira (1\u00ba).<\/span><\/p>\n<p style=\"text-align: justify;\"><span style=\"font-size: 14pt; font-family: arial, helvetica, sans-serif;\">Policiais realizavam uma blitz para prevenir sinistros com \u00f4nibus, quando abordaram um ve\u00edculo que havia sa\u00eddo de Bel\u00e9m, no Par\u00e1, em dire\u00e7\u00e3o a Recife. Durante a verifica\u00e7\u00e3o das bagagens, a equipe percebeu que um dos passageiros estava bastante inquieto na poltrona.<\/span><\/p>\n<p style=\"text-align: justify;\"><span style=\"font-size: 14pt; font-family: arial, helvetica, sans-serif;\">Ao ser questionado sobre onde estava a bagagem dele, o homem assumiu a propriedade de uma mochila. Quando a equipe abriu a bolsa, encontrou dois tabletes de uma subst\u00e2ncia semelhante a skank, considerada uma \u201csupermaconha\u201d, e um tablete de coca\u00edna.<\/span><\/p>\n<p style=\"text-align: justify;\"><span style=\"font-size: 14pt; font-family: arial, helvetica, sans-serif;\">O passageiro admitiu que havia sido contratado para transportar a droga de Bel\u00e9m at\u00e9 Caruaru. Ele disse tamb\u00e9m que deixaria a droga no guarda-volumes do terminal rodovi\u00e1rio.<\/span><\/p>\n<p style=\"text-align: justify;\"><span style=\"font-size: 14pt; font-family: arial, helvetica, sans-serif;\">O homem foi conduzido junto com os entorpecentes \u00e0 Delegacia de Pol\u00edcia Civil de Serra Talhada. Ele poder\u00e1 responder pelo crime de tr\u00e1fico de drogas, que prev\u00ea pena de cinco a 15 anos de reclus\u00e3o.<\/span><\/p>\n","protected":false},"excerpt":{"rendered":"<p>Um passageiro de &ocirc;nibus que transportava 2,2 Kg de skank e cerca de um quilo de coca&iacute;na foi detido, na madrugada de segunda-feira (31\/08), pela Pol&iacute;cia Rodovi&aacute;ria Federal (PRF). O flagrante foi realizado durante a fiscaliza&ccedil;&atilde;o a um ve&iacute;culo de transporte coletivo, na BR 232, em Serra Talhada, no Sert&atilde;o de Pernambuco. O fato foi divulgado nesta ter&ccedil;a-feira (1&ordm;). Policiais realizavam uma blitz para prevenir sinistros com &ocirc;nibus, quando abordaram um ve&iacute;culo que havia sa&iacute;do de Bel&eacute;m, no Par&aacute;, em dire&ccedil;&atilde;o a Recife. Durante a verifica&ccedil;&atilde;o das bagagens, a equipe percebeu que um dos passageiros estava bastante inquieto na poltrona. &#8230; <\/p>\n<p class=\"read-more-container\"><a title=\"Passageiro de \u00f4nibus \u00e9 detido pela PRF com coca\u00edna e skank em Serra Talhada\" class=\"read-more button\" href=\"https:\/\/blogdojuniorcavalcanti.com.br\/index.php\/2026\/09\/03\/passageiro-de-onibus-e-detido-pela-prf-com-cocaina-e-skank-em-serra-talhada\/#more-61461\" aria-label=\"More on Passageiro de \u00f4nibus \u00e9 detido pela PRF com coca\u00edna e skank em Serra Talhada\">Leia mais<\/a><\/p>\n","protected":false},"author":2,"featured_media":61462,"comment_status":"open","ping_status":"open","sticky":false,"template":"","format":"standard","meta":{"footnotes":""},"categories":[29],"tags":[],"class_list":["post-61461","post","type-post","status-publish","format-standard","has-post-thumbnail","hentry","category-policial","resize-featured-image"],"_links":{"self":[{"href":"https:\/\/blogdojuniorcavalcanti.com.br\/index.php\/wp-json\/wp\/v2\/posts\/61461","targetHints":{"allow":["GET"]}}],"collection":[{"href":"https:\/\/blogdojuniorcavalcanti.com.br\/index.php\/wp-json\/wp\/v2\/posts"}],"about":[{"href":"https:\/\/blogdojuniorcavalcanti.com.br\/index.php\/wp-json\/wp\/v2\/types\/post"}],"author":[{"embeddable":true,"href":"https:\/\/blogdojuniorcavalcanti.com.br\/index.php\/wp-json\/wp\/v2\/users\/2"}],"replies":[{"embeddable":true,"href":"https:\/\/blogdojuniorcavalcanti.com.br\/index.php\/wp-json\/wp\/v2\/comments?post=61461"}],"version-history":[{"count":1,"href":"https:\/\/blogdojuniorcavalcanti.com.br\/index.php\/wp-json\/wp\/v2\/posts\/61461\/revisions"}],"predecessor-version":[{"id":61463,"href":"https:\/\/blogdojuniorcavalcanti.com.br\/index.php\/wp-json\/wp\/v2\/posts\/61461\/revisions\/61463"}],"wp:featuredmedia":[{"embeddable":true,"href":"https:\/\/blogdojuniorcavalcanti.com.br\/index.php\/wp-json\/wp\/v2\/media\/61462"}],"wp:attachment":[{"href":"https:\/\/blogdojuniorcavalcanti.com.br\/index.php\/wp-json\/wp\/v2\/media?parent=61461"}],"wp:term":[{"taxonomy":"category","embeddable":true,"href":"https:\/\/blogdojuniorcavalcanti.com.br\/index.php\/wp-json\/wp\/v2\/categories?post=61461"},{"taxonomy":"post_tag","embeddable":true,"href":"https:\/\/blogdojuniorcavalcanti.com.br\/index.php\/wp-json\/wp\/v2\/tags?post=61461"}],"curies":[{"name":"wp","href":"https:\/\/api.w.org\/{rel}","templated":true}]}}