{"id":61474,"date":"2026-09-03T10:20:48","date_gmt":"2026-09-03T13:20:48","guid":{"rendered":"https:\/\/blogdojuniorcavalcanti.com.br\/?p=61474"},"modified":"2026-09-03T10:20:48","modified_gmt":"2026-09-03T13:20:48","slug":"sao-paulo-confirma-28-casos-de-sarampo","status":"publish","type":"post","link":"https:\/\/blogdojuniorcavalcanti.com.br\/index.php\/2026\/09\/03\/sao-paulo-confirma-28-casos-de-sarampo\/","title":{"rendered":"S\u00e3o Paulo confirma 28 casos de sarampo"},"content":{"rendered":"<div class=\"fotoNot\">\n<p class=\"credFotoNot text-[12px] mb-2.5 font-medium tracking-[-3%] text-center text-black\" style=\"text-align: justify;\"><span style=\"font-size: 14pt; font-family: arial, helvetica, sans-serif;\">Sarampo (Foto: freepik)<\/span><\/p>\n<\/div>\n<p class=\"texto\" style=\"text-align: justify;\"><span style=\"font-size: 14pt; font-family: arial, helvetica, sans-serif;\">O estado de S\u00e3o Paulo registrou nesta ter\u00e7a-feira (1) mais dois\u00a0<strong><a href=\"https:\/\/www.diariodepernambuco.com.br\/tags\/sarampo\/\" target=\"_blank\" rel=\"noopener noreferrer\">casos de sarampo<\/a><\/strong>, chegando a 28 registrados neste ano. Um beb\u00ea e uma mulher de 40 anos foram infectados pelo v\u00edrus. A informa\u00e7\u00e3o foi confirmada pela Secretaria de Sa\u00fade no \u00faltimo balan\u00e7o epidemiol\u00f3gico.<\/span><\/p>\n<p class=\"texto\" style=\"text-align: justify;\"><span style=\"font-size: 14pt; font-family: arial, helvetica, sans-serif;\">Segundo dados do governo do estado, 25 infec\u00e7\u00f5es ocorreram na capital paulista, duas em S\u00e3o Bernardo do Campo e uma em Guarulhos, cidades da regi\u00e3o metropolitana da capital paulista.<\/span><\/p>\n<p class=\"texto\" style=\"text-align: justify;\"><span style=\"font-size: 14pt; font-family: arial, helvetica, sans-serif;\"><strong>Vacina\u00e7\u00e3o<\/strong><\/span><\/p>\n<p class=\"texto\" style=\"text-align: justify;\"><span style=\"font-size: 14pt; font-family: arial, helvetica, sans-serif;\">Durante o m\u00eas de agosto, o estado aplicou mais de 2,5 milh\u00f5es de doses da vacina contra o sarampo. Do total, 2,4 milh\u00f5es de aplica\u00e7\u00f5es se concentraram em tr\u00eas munic\u00edpios: capital (2 milh\u00f5es), Guarulhos (230,1 mil) e S\u00e3o Bernardo do Campo (169,5 mil).<\/span><\/p>\n<p class=\"texto\" style=\"text-align: justify;\"><span style=\"font-size: 14pt; font-family: arial, helvetica, sans-serif;\">A vacina\u00e7\u00e3o em massa \u00e9 resultado da Campanha de Multivacina\u00e7\u00e3o que chegou ao fim na ter\u00e7a-feira, dia 1\u00ba de setembro. Tamb\u00e9m terminaram as a\u00e7\u00f5es de estrat\u00e9gia ampliada de imuniza\u00e7\u00e3o contra o sarampo nos tr\u00eas munic\u00edpios.<\/span><\/p>\n<p class=\"texto\" style=\"text-align: justify;\"><span style=\"font-size: 14pt; font-family: arial, helvetica, sans-serif;\">A campanha, que teve in\u00edcio no dia 3 de agosto, buscou refor\u00e7ar a vacina\u00e7\u00e3o ap\u00f3s o s\u00fabito aumento de casos de sarampo na regi\u00e3o metropolitana de S\u00e3o Paulo. A cidade concentra 90% dos casos de sarampo. Al\u00e9m disso, a secretaria de sa\u00fade informa que 20 dos pacientes confirmados n\u00e3o tinham registro de vacina\u00e7\u00e3o contra a doen\u00e7a.<\/span><\/p>\n<p class=\"texto\" style=\"text-align: justify;\"><span style=\"font-size: 14pt; font-family: arial, helvetica, sans-serif;\"><strong>Continua<\/strong><\/span><\/p>\n<p class=\"texto\" style=\"text-align: justify;\"><span style=\"font-size: 14pt; font-family: arial, helvetica, sans-serif;\">Mesmo com o fim da campanha, os imunizantes continuam \u00e0 disposi\u00e7\u00e3o da popula\u00e7\u00e3o nas unidades b\u00e1sicas de sa\u00fade (UBSs), de acordo com o calend\u00e1rio vacinal de cada faixa et\u00e1ria. Por conta da situa\u00e7\u00e3o epidemiol\u00f3gica local, a imuniza\u00e7\u00e3o sem restri\u00e7\u00f5es para quem tem entre 6 meses e 59 anos segue mantida nos distritos de Vila Medeiros, Vila Guilherme e Vila Maria, na zona norte de S\u00e3o Paulo.<\/span><\/p>\n<p class=\"texto\" style=\"text-align: justify;\"><span style=\"font-size: 14pt; font-family: arial, helvetica, sans-serif;\">Al\u00e9m disso, a chamada &#8220;dose zero&#8221; contra o sarampo permanece dispon\u00edvel em todas as UBSs para beb\u00eas de 6 a 11 meses. A primeira dose n\u00e3o dispensa as doses regulares do Calend\u00e1rio Nacional de Vacina\u00e7\u00e3o, aplicadas aos 12 e 15 meses de idade. \u00c9 preciso guardar um intervalo m\u00ednimo de 30 dias entre a &#8220;dose zero&#8221; e a vacina tr\u00edplice viral ou qualquer outro imunizante de v\u00edrus vivo atenuado.<\/span><\/p>\n<p class=\"texto\" style=\"text-align: justify;\"><span style=\"font-size: 14pt; font-family: arial, helvetica, sans-serif;\">O atendimento nas UBSs ocorre de segunda a sexta-feira, das 7h \u00e0s 19h. Nas assist\u00eancias m\u00e9dicas ambulatoriais (AMAs)\/UBSs Integradas, a vacina\u00e7\u00e3o tamb\u00e9m \u00e9 feita aos s\u00e1bados e feriados, no mesmo hor\u00e1rio. Para checar o estoque de vacinas em tempo real, pacientes podem acessar a\u00a0<strong><a href=\"https:\/\/deolhonafila.prefeitura.sp.gov.br\/\" target=\"_blank\" rel=\"noopener noreferrer\">plataforma De Olho na Fila<\/a><\/strong>.<\/span><\/p>\n","protected":false},"excerpt":{"rendered":"<p>Sarampo (Foto: freepik) O estado de S&atilde;o Paulo registrou nesta ter&ccedil;a-feira (1) mais dois&nbsp;casos de sarampo, chegando a 28 registrados neste ano. Um beb&ecirc; e uma mulher de 40 anos foram infectados pelo v&iacute;rus. A informa&ccedil;&atilde;o foi confirmada pela Secretaria de Sa&uacute;de no &uacute;ltimo balan&ccedil;o epidemiol&oacute;gico. Segundo dados do governo do estado, 25 infec&ccedil;&otilde;es ocorreram na capital paulista, duas em S&atilde;o Bernardo do Campo e uma em Guarulhos, cidades da regi&atilde;o metropolitana da capital paulista. Vacina&ccedil;&atilde;o Durante o m&ecirc;s de agosto, o estado aplicou mais de 2,5 milh&otilde;es de doses da vacina contra o sarampo. Do total, 2,4 milh&otilde;es de &#8230; <\/p>\n<p class=\"read-more-container\"><a title=\"S\u00e3o Paulo confirma 28 casos de sarampo\" class=\"read-more button\" href=\"https:\/\/blogdojuniorcavalcanti.com.br\/index.php\/2026\/09\/03\/sao-paulo-confirma-28-casos-de-sarampo\/#more-61474\" aria-label=\"More on S\u00e3o Paulo confirma 28 casos de sarampo\">Leia mais<\/a><\/p>\n","protected":false},"author":2,"featured_media":61475,"comment_status":"open","ping_status":"open","sticky":false,"template":"","format":"standard","meta":{"footnotes":""},"categories":[33],"tags":[],"class_list":["post-61474","post","type-post","status-publish","format-standard","has-post-thumbnail","hentry","category-brasil","resize-featured-image"],"_links":{"self":[{"href":"https:\/\/blogdojuniorcavalcanti.com.br\/index.php\/wp-json\/wp\/v2\/posts\/61474","targetHints":{"allow":["GET"]}}],"collection":[{"href":"https:\/\/blogdojuniorcavalcanti.com.br\/index.php\/wp-json\/wp\/v2\/posts"}],"about":[{"href":"https:\/\/blogdojuniorcavalcanti.com.br\/index.php\/wp-json\/wp\/v2\/types\/post"}],"author":[{"embeddable":true,"href":"https:\/\/blogdojuniorcavalcanti.com.br\/index.php\/wp-json\/wp\/v2\/users\/2"}],"replies":[{"embeddable":true,"href":"https:\/\/blogdojuniorcavalcanti.com.br\/index.php\/wp-json\/wp\/v2\/comments?post=61474"}],"version-history":[{"count":1,"href":"https:\/\/blogdojuniorcavalcanti.com.br\/index.php\/wp-json\/wp\/v2\/posts\/61474\/revisions"}],"predecessor-version":[{"id":61476,"href":"https:\/\/blogdojuniorcavalcanti.com.br\/index.php\/wp-json\/wp\/v2\/posts\/61474\/revisions\/61476"}],"wp:featuredmedia":[{"embeddable":true,"href":"https:\/\/blogdojuniorcavalcanti.com.br\/index.php\/wp-json\/wp\/v2\/media\/61475"}],"wp:attachment":[{"href":"https:\/\/blogdojuniorcavalcanti.com.br\/index.php\/wp-json\/wp\/v2\/media?parent=61474"}],"wp:term":[{"taxonomy":"category","embeddable":true,"href":"https:\/\/blogdojuniorcavalcanti.com.br\/index.php\/wp-json\/wp\/v2\/categories?post=61474"},{"taxonomy":"post_tag","embeddable":true,"href":"https:\/\/blogdojuniorcavalcanti.com.br\/index.php\/wp-json\/wp\/v2\/tags?post=61474"}],"curies":[{"name":"wp","href":"https:\/\/api.w.org\/{rel}","templated":true}]}}