{"id":61487,"date":"2026-09-03T17:47:44","date_gmt":"2026-09-03T20:47:44","guid":{"rendered":"https:\/\/blogdojuniorcavalcanti.com.br\/?p=61487"},"modified":"2026-09-03T17:47:44","modified_gmt":"2026-09-03T20:47:44","slug":"tre-pe-manda-portal-polis-retirar-montagem-que-associava-luciano-duque-a-inelegibilidade","status":"publish","type":"post","link":"https:\/\/blogdojuniorcavalcanti.com.br\/index.php\/2026\/09\/03\/tre-pe-manda-portal-polis-retirar-montagem-que-associava-luciano-duque-a-inelegibilidade\/","title":{"rendered":"TRE-PE manda Portal P\u00f3lis retirar montagem que associava Luciano Duque \u00e0 inelegibilidade"},"content":{"rendered":"<p class=\"PDq2pG_selectionAnchorContainer\" style=\"text-align: justify;\" data-start=\"72\" data-end=\"197\"><span style=\"font-size: 14pt; font-family: arial, helvetica, sans-serif;\">Decis\u00e3o liminar determinou a remo\u00e7\u00e3o de conte\u00fado que associava o deputado estadual a uma suposta situa\u00e7\u00e3o de inelegibilidade.<\/span><\/p>\n<p style=\"text-align: justify;\" data-start=\"199\" data-end=\"432\"><span style=\"font-size: 14pt; font-family: arial, helvetica, sans-serif;\">O Tribunal Regional Eleitoral de Pernambuco (TRE-PE) determinou, em decis\u00e3o liminar, a retirada de publica\u00e7\u00f5es do Portal P\u00f3lis no Instagram e no Facebook envolvendo o deputado estadual e candidato \u00e0 reelei\u00e7\u00e3o Luciano Duque (Podemos).<\/span><\/p>\n<p style=\"text-align: justify;\" data-start=\"434\" data-end=\"544\"><span style=\"font-size: 14pt; font-family: arial, helvetica, sans-serif;\">A decis\u00e3o foi proferida no \u00faltimo domingo (31) pelo desembargador eleitoral Paulo Augusto de Freitas Oliveira.<\/span><\/p>\n<p style=\"text-align: justify;\" data-start=\"546\" data-end=\"861\"><span style=\"font-size: 14pt; font-family: arial, helvetica, sans-serif;\">As publica\u00e7\u00f5es associavam a imagem de Luciano Duque a uma suposta situa\u00e7\u00e3o de inelegibilidade. Segundo a decis\u00e3o, os v\u00eddeos utilizavam uma montagem na qual o parlamentar aparecia em preto e branco e com os punhos presos por correntes, enquanto Marconi Santana (PSD) era mostrado sorrindo e usando uma coroa dourada.<\/span><\/p>\n<p style=\"text-align: justify;\" data-start=\"863\" data-end=\"1063\"><span style=\"font-size: 14pt; font-family: arial, helvetica, sans-serif;\">Na an\u00e1lise preliminar do caso, o magistrado considerou que a composi\u00e7\u00e3o visual poderia transmitir ao eleitor a ideia de que Duque j\u00e1 havia sofrido uma condena\u00e7\u00e3o ou consequ\u00eancia jur\u00eddica desfavor\u00e1vel.<\/span><\/p>\n<p style=\"text-align: justify;\" data-start=\"1065\" data-end=\"1199\"><span style=\"font-size: 14pt; font-family: arial, helvetica, sans-serif;\">De acordo com a decis\u00e3o, os elementos apresentados no processo n\u00e3o demonstravam situa\u00e7\u00e3o jur\u00eddica que justificasse essa representa\u00e7\u00e3o.<\/span><\/p>\n<p style=\"text-align: justify;\" data-start=\"1201\" data-end=\"1429\"><span style=\"font-size: 14pt; font-family: arial, helvetica, sans-serif;\">Al\u00e9m da remo\u00e7\u00e3o das publica\u00e7\u00f5es, o TRE-PE determinou que o conte\u00fado n\u00e3o seja novamente divulgado nem reapresentado em formatos destinados a contornar a ordem. Foi estabelecida multa di\u00e1ria de R$ 10 mil em caso de descumprimento.<\/span><\/p>\n<p style=\"text-align: justify;\" data-start=\"1431\" data-end=\"1519\"><span style=\"font-size: 14pt; font-family: arial, helvetica, sans-serif;\">A determina\u00e7\u00e3o \u00e9 liminar e o processo ainda seguir\u00e1 sua tramita\u00e7\u00e3o na Justi\u00e7a Eleitoral.<\/span><\/p>\n<p style=\"text-align: justify;\" data-start=\"1521\" data-end=\"1682\"><span style=\"font-size: 14pt; font-family: arial, helvetica, sans-serif;\">Ap\u00f3s a decis\u00e3o, Luciano Duque afirmou que considera a medida necess\u00e1ria para evitar que conte\u00fados que classifica como falsos interfiram na escolha dos eleitores.<\/span><\/p>\n<p style=\"text-align: justify;\" data-start=\"1684\" data-end=\"1836\"><span style=\"font-size: 14pt; font-family: arial, helvetica, sans-serif;\">\u201cSempre confiei na Justi\u00e7a e sigo tranquilo. N\u00e3o podemos permitir que montagens e informa\u00e7\u00f5es falsas sejam usadas para confundir a popula\u00e7\u00e3o\u201d, declarou.<\/span><\/p>\n<p style=\"text-align: justify;\" data-start=\"1838\" data-end=\"1854\"><span style=\"font-size: 14pt; font-family: arial, helvetica, sans-serif;\">Foto: Divulga\u00e7\u00e3o<\/span><\/p>\n","protected":false},"excerpt":{"rendered":"<p>Decis&atilde;o liminar determinou a remo&ccedil;&atilde;o de conte&uacute;do que associava o deputado estadual a uma suposta situa&ccedil;&atilde;o de inelegibilidade. O Tribunal Regional Eleitoral de Pernambuco (TRE-PE) determinou, em decis&atilde;o liminar, a retirada de publica&ccedil;&otilde;es do Portal P&oacute;lis no Instagram e no Facebook envolvendo o deputado estadual e candidato &agrave; reelei&ccedil;&atilde;o Luciano Duque (Podemos). A decis&atilde;o foi proferida no &uacute;ltimo domingo (31) pelo desembargador eleitoral Paulo Augusto de Freitas Oliveira. As publica&ccedil;&otilde;es associavam a imagem de Luciano Duque a uma suposta situa&ccedil;&atilde;o de inelegibilidade. Segundo a decis&atilde;o, os v&iacute;deos utilizavam uma montagem na qual o parlamentar aparecia em preto e branco e &#8230; <\/p>\n<p class=\"read-more-container\"><a title=\"TRE-PE manda Portal P\u00f3lis retirar montagem que associava Luciano Duque \u00e0 inelegibilidade\" class=\"read-more button\" href=\"https:\/\/blogdojuniorcavalcanti.com.br\/index.php\/2026\/09\/03\/tre-pe-manda-portal-polis-retirar-montagem-que-associava-luciano-duque-a-inelegibilidade\/#more-61487\" aria-label=\"More on TRE-PE manda Portal P\u00f3lis retirar montagem que associava Luciano Duque \u00e0 inelegibilidade\">Leia mais<\/a><\/p>\n","protected":false},"author":2,"featured_media":61488,"comment_status":"open","ping_status":"open","sticky":false,"template":"","format":"standard","meta":{"footnotes":""},"categories":[27],"tags":[],"class_list":["post-61487","post","type-post","status-publish","format-standard","has-post-thumbnail","hentry","category-politica","resize-featured-image"],"_links":{"self":[{"href":"https:\/\/blogdojuniorcavalcanti.com.br\/index.php\/wp-json\/wp\/v2\/posts\/61487","targetHints":{"allow":["GET"]}}],"collection":[{"href":"https:\/\/blogdojuniorcavalcanti.com.br\/index.php\/wp-json\/wp\/v2\/posts"}],"about":[{"href":"https:\/\/blogdojuniorcavalcanti.com.br\/index.php\/wp-json\/wp\/v2\/types\/post"}],"author":[{"embeddable":true,"href":"https:\/\/blogdojuniorcavalcanti.com.br\/index.php\/wp-json\/wp\/v2\/users\/2"}],"replies":[{"embeddable":true,"href":"https:\/\/blogdojuniorcavalcanti.com.br\/index.php\/wp-json\/wp\/v2\/comments?post=61487"}],"version-history":[{"count":1,"href":"https:\/\/blogdojuniorcavalcanti.com.br\/index.php\/wp-json\/wp\/v2\/posts\/61487\/revisions"}],"predecessor-version":[{"id":61489,"href":"https:\/\/blogdojuniorcavalcanti.com.br\/index.php\/wp-json\/wp\/v2\/posts\/61487\/revisions\/61489"}],"wp:featuredmedia":[{"embeddable":true,"href":"https:\/\/blogdojuniorcavalcanti.com.br\/index.php\/wp-json\/wp\/v2\/media\/61488"}],"wp:attachment":[{"href":"https:\/\/blogdojuniorcavalcanti.com.br\/index.php\/wp-json\/wp\/v2\/media?parent=61487"}],"wp:term":[{"taxonomy":"category","embeddable":true,"href":"https:\/\/blogdojuniorcavalcanti.com.br\/index.php\/wp-json\/wp\/v2\/categories?post=61487"},{"taxonomy":"post_tag","embeddable":true,"href":"https:\/\/blogdojuniorcavalcanti.com.br\/index.php\/wp-json\/wp\/v2\/tags?post=61487"}],"curies":[{"name":"wp","href":"https:\/\/api.w.org\/{rel}","templated":true}]}}