{"id":61510,"date":"2026-09-04T16:35:14","date_gmt":"2026-09-04T19:35:14","guid":{"rendered":"https:\/\/blogdojuniorcavalcanti.com.br\/?p=61510"},"modified":"2026-09-04T16:35:14","modified_gmt":"2026-09-04T19:35:14","slug":"marconi-santana-anuncia-mendonca-filho-como-uma-de-suas-escolhas-para-o-senado","status":"publish","type":"post","link":"https:\/\/blogdojuniorcavalcanti.com.br\/index.php\/2026\/09\/04\/marconi-santana-anuncia-mendonca-filho-como-uma-de-suas-escolhas-para-o-senado\/","title":{"rendered":"Marconi Santana anuncia Mendon\u00e7a Filho como uma de suas escolhas para o Senado"},"content":{"rendered":"<p class=\"wp-block-paragraph\" style=\"text-align: justify;\"><span style=\"font-size: 14pt; font-family: arial, helvetica, sans-serif;\">O candidato a deputado estadual Marconi Santana anunciou, nesta sexta-feira (4), por meio das redes sociais, uma de suas escolhas para a disputa pelo Senado em Pernambuco. Marconi declarou apoio a Mendon\u00e7a Filho (PL), oficializado candidato a uma das duas vagas destinadas ao estado nas elei\u00e7\u00f5es deste ano.<\/span><\/p>\n<p class=\"wp-block-paragraph\" style=\"text-align: justify;\"><span style=\"font-size: 14pt; font-family: arial, helvetica, sans-serif;\">No an\u00fancio, Marconi classificou a alian\u00e7a como uma constru\u00e7\u00e3o baseada em di\u00e1logo, confian\u00e7a e na defesa dos interesses de Pernambuco. O movimento acrescenta mais uma defini\u00e7\u00e3o ao desenho pol\u00edtico do ex-prefeito de Flores nesta reta da campanha, mantendo tamb\u00e9m sua parceria com a governadora Raquel Lyra.<\/span><\/p>\n<p class=\"wp-block-paragraph\" style=\"text-align: justify;\"><span style=\"font-size: 14pt; font-family: arial, helvetica, sans-serif;\">\u201cCom muita honra, estou fechado com Mendon\u00e7a para o Senado. Uma alian\u00e7a constru\u00edda com respeito, confian\u00e7a e, principalmente, com a vontade de fazer Pernambuco avan\u00e7ar\u201d, afirmou Marconi nas redes sociais.<\/span><\/p>\n<p class=\"wp-block-paragraph\" style=\"text-align: justify;\"><span style=\"font-size: 14pt; font-family: arial, helvetica, sans-serif;\">A aproxima\u00e7\u00e3o tamb\u00e9m encontra um ponto de converg\u00eancia na rela\u00e7\u00e3o com o Governo do Estado. Em entrevista recente, Mendon\u00e7a declarou que, caso eleito, pretende trabalhar no Senado em defesa de Pernambuco e em parceria com Raquel Lyra.<\/span><\/p>\n<p class=\"wp-block-paragraph\" style=\"text-align: justify;\"><span style=\"font-size: 14pt; font-family: arial, helvetica, sans-serif;\">Ex-governador de Pernambuco, ex-ministro da Educa\u00e7\u00e3o e atualmente deputado federal, Mendon\u00e7a Filho foi oficializado pelo PL para a disputa ao Senado no in\u00edcio de agosto.<\/span><\/p>\n<p class=\"wp-block-paragraph\" style=\"text-align: justify;\"><span style=\"font-size: 14pt; font-family: arial, helvetica, sans-serif;\">Com o an\u00fancio, Marconi come\u00e7a a tornar p\u00fablicas suas escolhas para a elei\u00e7\u00e3o majorit\u00e1ria e refor\u00e7a a montagem de um palanque que conecta sua candidatura \u00e0 Assembleia Legislativa a nomes que disputam espa\u00e7os estrat\u00e9gicos na representa\u00e7\u00e3o pol\u00edtica de Pernambuco.<\/span><\/p>\n","protected":false},"excerpt":{"rendered":"<p>O candidato a deputado estadual Marconi Santana anunciou, nesta sexta-feira (4), por meio das redes sociais, uma de suas escolhas para a disputa pelo Senado em Pernambuco. Marconi declarou apoio a Mendon&ccedil;a Filho (PL), oficializado candidato a uma das duas vagas destinadas ao estado nas elei&ccedil;&otilde;es deste ano. No an&uacute;ncio, Marconi classificou a alian&ccedil;a como uma constru&ccedil;&atilde;o baseada em di&aacute;logo, confian&ccedil;a e na defesa dos interesses de Pernambuco. O movimento acrescenta mais uma defini&ccedil;&atilde;o ao desenho pol&iacute;tico do ex-prefeito de Flores nesta reta da campanha, mantendo tamb&eacute;m sua parceria com a governadora Raquel Lyra. &ldquo;Com muita honra, estou fechado com &#8230; <\/p>\n<p class=\"read-more-container\"><a title=\"Marconi Santana anuncia Mendon\u00e7a Filho como uma de suas escolhas para o Senado\" class=\"read-more button\" href=\"https:\/\/blogdojuniorcavalcanti.com.br\/index.php\/2026\/09\/04\/marconi-santana-anuncia-mendonca-filho-como-uma-de-suas-escolhas-para-o-senado\/#more-61510\" aria-label=\"More on Marconi Santana anuncia Mendon\u00e7a Filho como uma de suas escolhas para o Senado\">Leia mais<\/a><\/p>\n","protected":false},"author":2,"featured_media":61511,"comment_status":"open","ping_status":"open","sticky":false,"template":"","format":"standard","meta":{"footnotes":""},"categories":[25],"tags":[],"class_list":["post-61510","post","type-post","status-publish","format-standard","has-post-thumbnail","hentry","category-destaque","resize-featured-image"],"_links":{"self":[{"href":"https:\/\/blogdojuniorcavalcanti.com.br\/index.php\/wp-json\/wp\/v2\/posts\/61510","targetHints":{"allow":["GET"]}}],"collection":[{"href":"https:\/\/blogdojuniorcavalcanti.com.br\/index.php\/wp-json\/wp\/v2\/posts"}],"about":[{"href":"https:\/\/blogdojuniorcavalcanti.com.br\/index.php\/wp-json\/wp\/v2\/types\/post"}],"author":[{"embeddable":true,"href":"https:\/\/blogdojuniorcavalcanti.com.br\/index.php\/wp-json\/wp\/v2\/users\/2"}],"replies":[{"embeddable":true,"href":"https:\/\/blogdojuniorcavalcanti.com.br\/index.php\/wp-json\/wp\/v2\/comments?post=61510"}],"version-history":[{"count":1,"href":"https:\/\/blogdojuniorcavalcanti.com.br\/index.php\/wp-json\/wp\/v2\/posts\/61510\/revisions"}],"predecessor-version":[{"id":61512,"href":"https:\/\/blogdojuniorcavalcanti.com.br\/index.php\/wp-json\/wp\/v2\/posts\/61510\/revisions\/61512"}],"wp:featuredmedia":[{"embeddable":true,"href":"https:\/\/blogdojuniorcavalcanti.com.br\/index.php\/wp-json\/wp\/v2\/media\/61511"}],"wp:attachment":[{"href":"https:\/\/blogdojuniorcavalcanti.com.br\/index.php\/wp-json\/wp\/v2\/media?parent=61510"}],"wp:term":[{"taxonomy":"category","embeddable":true,"href":"https:\/\/blogdojuniorcavalcanti.com.br\/index.php\/wp-json\/wp\/v2\/categories?post=61510"},{"taxonomy":"post_tag","embeddable":true,"href":"https:\/\/blogdojuniorcavalcanti.com.br\/index.php\/wp-json\/wp\/v2\/tags?post=61510"}],"curies":[{"name":"wp","href":"https:\/\/api.w.org\/{rel}","templated":true}]}}