{"id":6284,"date":"2020-05-04T16:03:00","date_gmt":"2020-05-04T19:03:00","guid":{"rendered":"http:\/\/blogdojuniorcavalcanti.com.br\/?p=6284"},"modified":"2020-05-04T16:03:00","modified_gmt":"2020-05-04T19:03:00","slug":"detran-pe-apoia-desinfectacao-de-veiculos-no-municipio-de-itapetim","status":"publish","type":"post","link":"https:\/\/blogdojuniorcavalcanti.com.br\/index.php\/2020\/05\/04\/detran-pe-apoia-desinfectacao-de-veiculos-no-municipio-de-itapetim\/","title":{"rendered":"DETRAN-PE apoia desinfecta\u00e7\u00e3o de ve\u00edculos no munic\u00edpio de Itapetim"},"content":{"rendered":"<p class=\"x_MsoNormal\" style=\"text-align: justify;\"><span style=\"font-size: 14pt;\"><img fetchpriority=\"high\" decoding=\"async\" class=\"alignleft wp-image-174255\" src=\"https:\/\/i1.wp.com\/nilljunior.com.br\/wp-content\/uploads\/2020\/05\/PHOTO-2020-05-01-19-21-56.jpg?resize=400%2C231&amp;ssl=1\" sizes=\"(max-width: 400px) 100vw, 400px\" srcset=\"https:\/\/i1.wp.com\/nilljunior.com.br\/wp-content\/uploads\/2020\/05\/PHOTO-2020-05-01-19-21-56.jpg?resize=600%2C347&amp;ssl=1 600w, https:\/\/i1.wp.com\/nilljunior.com.br\/wp-content\/uploads\/2020\/05\/PHOTO-2020-05-01-19-21-56.jpg?resize=300%2C173&amp;ssl=1 300w, https:\/\/i1.wp.com\/nilljunior.com.br\/wp-content\/uploads\/2020\/05\/PHOTO-2020-05-01-19-21-56.jpg?resize=768%2C444&amp;ssl=1 768w, https:\/\/i1.wp.com\/nilljunior.com.br\/wp-content\/uploads\/2020\/05\/PHOTO-2020-05-01-19-21-56.jpg?w=1280&amp;ssl=1 1280w\" alt=\"\" width=\"400\" height=\"231\" data-attachment-id=\"174255\" data-permalink=\"https:\/\/nilljunior.com.br\/detran-pe-apoia-desinfectacao-de-veiculos-no-municipio-de-itapetim\/photo-2020-05-01-19-21-56\/\" data-orig-file=\"https:\/\/i1.wp.com\/nilljunior.com.br\/wp-content\/uploads\/2020\/05\/PHOTO-2020-05-01-19-21-56.jpg?fit=1280%2C740&amp;ssl=1\" data-orig-size=\"1280,740\" data-comments-opened=\"1\" data-image-meta=\"{&quot;aperture&quot;:&quot;0&quot;,&quot;credit&quot;:&quot;&quot;,&quot;camera&quot;:&quot;&quot;,&quot;caption&quot;:&quot;&quot;,&quot;created_timestamp&quot;:&quot;0&quot;,&quot;copyright&quot;:&quot;&quot;,&quot;focal_length&quot;:&quot;0&quot;,&quot;iso&quot;:&quot;0&quot;,&quot;shutter_speed&quot;:&quot;0&quot;,&quot;title&quot;:&quot;&quot;,&quot;orientation&quot;:&quot;0&quot;}\" data-image-title=\"PHOTO-2020-05-01-19-21-56\" data-image-description=\"\" data-medium-file=\"https:\/\/i1.wp.com\/nilljunior.com.br\/wp-content\/uploads\/2020\/05\/PHOTO-2020-05-01-19-21-56.jpg?fit=300%2C173&amp;ssl=1\" data-large-file=\"https:\/\/i1.wp.com\/nilljunior.com.br\/wp-content\/uploads\/2020\/05\/PHOTO-2020-05-01-19-21-56.jpg?fit=600%2C347&amp;ssl=1\" \/><span style=\"font-family: arial, helvetica, sans-serif;\">Em uma tentativa de evitar a prolifera\u00e7\u00e3o do novo coronav\u00edrus, ve\u00edculos est\u00e3o sendo desinfectados em barreira sanit\u00e1ria montada na entrada do munic\u00edpio de Itapetim.<\/span><\/span><\/p>\n<p class=\"x_MsoNormal\" style=\"text-align: justify;\"><span style=\"font-size: 14pt; font-family: arial, helvetica, sans-serif;\">A iniciativa come\u00e7ou no final de semana e estender\u00e1 pelas pr\u00f3ximas semanas. A a\u00e7\u00e3o \u00e9 fruto de parceria entre o Governo do Estado, por meio do Departamento Estadual de Tr\u00e2nsito de Pernambuco \u2013 DETRAN-PE, e a Prefeitura de Itapetim.<\/span><\/p>\n<p class=\"x_MsoNormal\" style=\"text-align: justify;\"><span style=\"font-size: 14pt; font-family: arial, helvetica, sans-serif;\">A opera\u00e7\u00e3o funciona da seguinte forma, um caminh\u00e3o do \u00d3rg\u00e3o de tr\u00e2nsito, que atende a Coordenadoria de Educa\u00e7\u00e3o, est\u00e1 dando apoio a equipa da prefeitura, quando os ve\u00edculos s\u00e3o parados, desinfectados, e os ocupantes recebem orienta\u00e7\u00f5es sobre higiene e cuidados pessoais, e tamb\u00e9m preenchem um cadastro com dados pessoais e do ve\u00edculo. Al\u00e9m disso, passageiros e motorista t\u00eam o quadro de sa\u00fade avaliado e a temperatura medida. O Prefeito Adelmo Moura e o Secret\u00e1ria Municipal de Sa\u00fade, Jussara Ara\u00fajo, estiveram no local acompanhando os trabalhos.<\/span><\/p>\n<p class=\"x_MsoNormal\" style=\"text-align: justify;\"><span style=\"font-size: 14pt; font-family: arial, helvetica, sans-serif;\">J\u00e1 para o Coordenador de Articula\u00e7\u00e3o Municipal do DETRAN-PE, Carlos Veras, alertou sobre o isolamento social e que as pessoas t\u00eam que ficar em casa. \u201cMas se precisar sair de casa, que n\u00e3o v\u00e1 toda a fam\u00edlia, vai apenas uma pessoa, sempre usando m\u00e1scara. Nossa lutar agora \u00e9 pela vida\u201d, destacou.<\/span><\/p>\n","protected":false},"excerpt":{"rendered":"<p>Em uma tentativa de evitar a prolifera&ccedil;&atilde;o do novo coronav&iacute;rus, ve&iacute;culos est&atilde;o sendo desinfectados em barreira sanit&aacute;ria montada na entrada do munic&iacute;pio de Itapetim. A iniciativa come&ccedil;ou no final de semana e estender&aacute; pelas pr&oacute;ximas semanas. A a&ccedil;&atilde;o &eacute; fruto de parceria entre o Governo do Estado, por meio do Departamento Estadual de Tr&acirc;nsito de Pernambuco &ndash; DETRAN-PE, e a Prefeitura de Itapetim. A opera&ccedil;&atilde;o funciona da seguinte forma, um caminh&atilde;o do &Oacute;rg&atilde;o de tr&acirc;nsito, que atende a Coordenadoria de Educa&ccedil;&atilde;o, est&aacute; dando apoio a equipa da prefeitura, quando os ve&iacute;culos s&atilde;o parados, desinfectados, e os ocupantes recebem orienta&ccedil;&otilde;es sobre &#8230; <\/p>\n<p class=\"read-more-container\"><a title=\"DETRAN-PE apoia desinfecta\u00e7\u00e3o de ve\u00edculos no munic\u00edpio de Itapetim\" class=\"read-more button\" href=\"https:\/\/blogdojuniorcavalcanti.com.br\/index.php\/2020\/05\/04\/detran-pe-apoia-desinfectacao-de-veiculos-no-municipio-de-itapetim\/#more-6284\" aria-label=\"More on DETRAN-PE apoia desinfecta\u00e7\u00e3o de ve\u00edculos no munic\u00edpio de Itapetim\">Leia mais<\/a><\/p>\n","protected":false},"author":2,"featured_media":0,"comment_status":"open","ping_status":"open","sticky":false,"template":"","format":"standard","meta":{"footnotes":""},"categories":[1],"tags":[],"class_list":["post-6284","post","type-post","status-publish","format-standard","hentry","category-sem-categoria"],"_links":{"self":[{"href":"https:\/\/blogdojuniorcavalcanti.com.br\/index.php\/wp-json\/wp\/v2\/posts\/6284","targetHints":{"allow":["GET"]}}],"collection":[{"href":"https:\/\/blogdojuniorcavalcanti.com.br\/index.php\/wp-json\/wp\/v2\/posts"}],"about":[{"href":"https:\/\/blogdojuniorcavalcanti.com.br\/index.php\/wp-json\/wp\/v2\/types\/post"}],"author":[{"embeddable":true,"href":"https:\/\/blogdojuniorcavalcanti.com.br\/index.php\/wp-json\/wp\/v2\/users\/2"}],"replies":[{"embeddable":true,"href":"https:\/\/blogdojuniorcavalcanti.com.br\/index.php\/wp-json\/wp\/v2\/comments?post=6284"}],"version-history":[{"count":1,"href":"https:\/\/blogdojuniorcavalcanti.com.br\/index.php\/wp-json\/wp\/v2\/posts\/6284\/revisions"}],"predecessor-version":[{"id":6285,"href":"https:\/\/blogdojuniorcavalcanti.com.br\/index.php\/wp-json\/wp\/v2\/posts\/6284\/revisions\/6285"}],"wp:attachment":[{"href":"https:\/\/blogdojuniorcavalcanti.com.br\/index.php\/wp-json\/wp\/v2\/media?parent=6284"}],"wp:term":[{"taxonomy":"category","embeddable":true,"href":"https:\/\/blogdojuniorcavalcanti.com.br\/index.php\/wp-json\/wp\/v2\/categories?post=6284"},{"taxonomy":"post_tag","embeddable":true,"href":"https:\/\/blogdojuniorcavalcanti.com.br\/index.php\/wp-json\/wp\/v2\/tags?post=6284"}],"curies":[{"name":"wp","href":"https:\/\/api.w.org\/{rel}","templated":true}]}}