{"id":6468,"date":"2020-06-08T15:38:22","date_gmt":"2020-06-08T18:38:22","guid":{"rendered":"http:\/\/blogdojuniorcavalcanti.com.br\/?p=6468"},"modified":"2020-06-08T15:38:22","modified_gmt":"2020-06-08T18:38:22","slug":"caso-miguel-peritos-vao-novamente-ao-edificio-onde-menino-morreu","status":"publish","type":"post","link":"https:\/\/blogdojuniorcavalcanti.com.br\/index.php\/2020\/06\/08\/caso-miguel-peritos-vao-novamente-ao-edificio-onde-menino-morreu\/","title":{"rendered":"Caso Miguel: Peritos v\u00e3o novamente ao edif\u00edcio onde menino morreu"},"content":{"rendered":"<p style=\"text-align: justify;\"><span style=\"font-size: 14pt;\"><img fetchpriority=\"high\" decoding=\"async\" class=\"alignleft wp-image-177363\" src=\"https:\/\/i0.wp.com\/nilljunior.com.br\/wp-content\/uploads\/2020\/06\/20200608130333170815o.jpg?resize=400%2C257&amp;ssl=1\" sizes=\"(max-width: 400px) 100vw, 400px\" srcset=\"https:\/\/i0.wp.com\/nilljunior.com.br\/wp-content\/uploads\/2020\/06\/20200608130333170815o.jpg?w=700&amp;ssl=1 700w, https:\/\/i0.wp.com\/nilljunior.com.br\/wp-content\/uploads\/2020\/06\/20200608130333170815o.jpg?resize=300%2C193&amp;ssl=1 300w, https:\/\/i0.wp.com\/nilljunior.com.br\/wp-content\/uploads\/2020\/06\/20200608130333170815o.jpg?resize=600%2C386&amp;ssl=1 600w\" alt=\"\" width=\"400\" height=\"257\" data-attachment-id=\"177363\" data-permalink=\"https:\/\/nilljunior.com.br\/caso-miguel-peritos-vao-novamente-ao-edificio-onde-menino-morreu\/20200608130333170815o\/\" data-orig-file=\"https:\/\/i0.wp.com\/nilljunior.com.br\/wp-content\/uploads\/2020\/06\/20200608130333170815o.jpg?fit=700%2C450&amp;ssl=1\" data-orig-size=\"700,450\" data-comments-opened=\"1\" data-image-meta=\"{&quot;aperture&quot;:&quot;0&quot;,&quot;credit&quot;:&quot;&quot;,&quot;camera&quot;:&quot;&quot;,&quot;caption&quot;:&quot;&quot;,&quot;created_timestamp&quot;:&quot;0&quot;,&quot;copyright&quot;:&quot;&quot;,&quot;focal_length&quot;:&quot;0&quot;,&quot;iso&quot;:&quot;0&quot;,&quot;shutter_speed&quot;:&quot;0&quot;,&quot;title&quot;:&quot;&quot;,&quot;orientation&quot;:&quot;0&quot;}\" data-image-title=\"20200608130333170815o\" data-image-description=\"\" data-medium-file=\"https:\/\/i0.wp.com\/nilljunior.com.br\/wp-content\/uploads\/2020\/06\/20200608130333170815o.jpg?fit=300%2C193&amp;ssl=1\" data-large-file=\"https:\/\/i0.wp.com\/nilljunior.com.br\/wp-content\/uploads\/2020\/06\/20200608130333170815o.jpg?fit=600%2C386&amp;ssl=1\" \/><span style=\"font-family: arial, helvetica, sans-serif;\">Foto: Leandro de Santana\/Esp. DP<\/span><\/span><\/p>\n<p style=\"text-align: justify;\"><span style=\"font-size: 14pt; font-family: arial, helvetica, sans-serif;\"><em>Di\u00e1rio de Pernambuco<\/em><\/span><\/p>\n<p style=\"text-align: justify;\"><span style=\"font-size: 14pt; font-family: arial, helvetica, sans-serif;\">Uma equipe do Instituto de Criminal\u00edstica (IC) visitou novamente, na manh\u00e3 desta segunda-feira (8), o edif\u00edcio P\u00eder Maur\u00edcio de Nassau. O local foi cen\u00e1rio da morte do menino Miguel Ot\u00e1vio, de cinco anos, ocorrida na \u00faltima ter\u00e7a (2). Os peritos foram coletar novos v\u00eddeos das c\u00e2meras de seguran\u00e7a, para verificar a sincronia entre os v\u00eddeos, e\u00a0 realizar novas avalia\u00e7\u00f5es em corredores e escadas.<\/span><\/p>\n<p style=\"text-align: justify;\"><span style=\"font-size: 14pt; font-family: arial, helvetica, sans-serif;\">\u201cVerificamos tudo novamente. Escadas, imagens, fizemos teste de tempo. E levamos um especialista em guarda-corpo (material que fica na sacada) para avaliar normas t\u00e9cnicas, resist\u00eancia, perfis de alum\u00ednio. Tudo que se possa imaginar\u201d, contou o perito Andr\u00e9 Amaral, um dos integrantes da equipe.<\/span><\/p>\n<p style=\"text-align: justify;\"><span style=\"font-size: 14pt; font-family: arial, helvetica, sans-serif;\">No nono andar, foi verificada a resist\u00eancia das aletas \u2013 material que faz parte do guarda-corpo -, chegando a retirar uma das barras. A equipe deixou o local por volta do meio-dia. \u201cFoi s\u00f3 para consolidar o que a gente j\u00e1 tinha visto. N\u00e3o teve mudan\u00e7a em rela\u00e7\u00e3o \u00e0 per\u00edcia que foi feita semana passada (na ter\u00e7a), n\u00e3o\u201d, acrescentou Andr\u00e9.<\/span><\/p>\n<p style=\"text-align: justify;\"><span style=\"font-size: 14pt; font-family: arial, helvetica, sans-serif;\"><strong>Caso Miguel<\/strong><\/span><\/p>\n<p style=\"text-align: justify;\"><span style=\"font-size: 14pt; font-family: arial, helvetica, sans-serif;\">O menino Miguel Ot\u00e1vio era filho de Mirtes. Morreu na \u00faltima ter\u00e7a-feira (2), quando despencou de uma altura de aproximadamente 35 metros, no nono andar do edif\u00edcio P\u00eder Maur\u00edcio de Nassau, conhecido como Torres G\u00eameas e localizado no Bairro de S\u00e3o Jos\u00e9, \u00e1rea central do Recife. Ele havia sido deixado aos cuidados de Sar\u00ed C\u00f4rte Real, empregadora de sua m\u00e3e, Mirtes, que teve que ir passear com os animais de estima\u00e7\u00e3o da patroa.<\/span><\/p>\n<p style=\"text-align: justify;\"><span style=\"font-size: 14pt; font-family: arial, helvetica, sans-serif;\">Chorando e procurando pela m\u00e3e, Miguel entrou no elevador do edif\u00edcio duas vezes para busc\u00e1-la. Ele chegou a ser impedido pela primeira vez por Sar\u00ed, mas conseguiu se desvencilhar na segunda tentativa. Em v\u00eddeos de c\u00e2meras de seguran\u00e7a, a mulher aparece apertando bot\u00f5es e deixando o menino sozinho, no elevador.<\/span><\/p>\n<p style=\"text-align: justify;\"><span style=\"font-size: 14pt; font-family: arial, helvetica, sans-serif;\">Como Sar\u00ed estava com a \u201cguarda moment\u00e2nea da crian\u00e7a\u201d, ela foi parcialmente culpada pelo acidente, caso previsto no Art. 13 do C\u00f3digo penal, que trata de a\u00e7\u00e3o culposa, por causa do n\u00e3o cumprimento da obriga\u00e7\u00e3o de cuidado, vigil\u00e2ncia ou prote\u00e7\u00e3o. Ap\u00f3s ser presa em flagrante, pagou uma fian\u00e7a de R$ 20 mil e foi liberada. Ela est\u00e1 sendo investigada por homic\u00eddio culposo, onde n\u00e3o caberia inten\u00e7\u00e3o de causar a morte da v\u00edtima.<\/span><\/p>\n<p style=\"text-align: justify;\"><span style=\"font-size: 14pt; font-family: arial, helvetica, sans-serif;\">O caso segue sob investiga\u00e7\u00e3o do delegado Ramon Teixeira, da Delegacia Seccional de Santo Amaro, do Recife.<\/span><\/p>\n","protected":false},"excerpt":{"rendered":"<p>Foto: Leandro de Santana\/Esp. DP Di&aacute;rio de Pernambuco Uma equipe do Instituto de Criminal&iacute;stica (IC) visitou novamente, na manh&atilde; desta segunda-feira (8), o edif&iacute;cio P&iacute;er Maur&iacute;cio de Nassau. O local foi cen&aacute;rio da morte do menino Miguel Ot&aacute;vio, de cinco anos, ocorrida na &uacute;ltima ter&ccedil;a (2). Os peritos foram coletar novos v&iacute;deos das c&acirc;meras de seguran&ccedil;a, para verificar a sincronia entre os v&iacute;deos, e&nbsp; realizar novas avalia&ccedil;&otilde;es em corredores e escadas. &ldquo;Verificamos tudo novamente. Escadas, imagens, fizemos teste de tempo. E levamos um especialista em guarda-corpo (material que fica na sacada) para avaliar normas t&eacute;cnicas, resist&ecirc;ncia, perfis de alum&iacute;nio. Tudo &#8230; <\/p>\n<p class=\"read-more-container\"><a title=\"Caso Miguel: Peritos v\u00e3o novamente ao edif\u00edcio onde menino morreu\" class=\"read-more button\" href=\"https:\/\/blogdojuniorcavalcanti.com.br\/index.php\/2020\/06\/08\/caso-miguel-peritos-vao-novamente-ao-edificio-onde-menino-morreu\/#more-6468\" aria-label=\"More on Caso Miguel: Peritos v\u00e3o novamente ao edif\u00edcio onde menino morreu\">Leia mais<\/a><\/p>\n","protected":false},"author":2,"featured_media":0,"comment_status":"open","ping_status":"open","sticky":false,"template":"","format":"standard","meta":{"footnotes":""},"categories":[1],"tags":[],"class_list":["post-6468","post","type-post","status-publish","format-standard","hentry","category-sem-categoria"],"_links":{"self":[{"href":"https:\/\/blogdojuniorcavalcanti.com.br\/index.php\/wp-json\/wp\/v2\/posts\/6468","targetHints":{"allow":["GET"]}}],"collection":[{"href":"https:\/\/blogdojuniorcavalcanti.com.br\/index.php\/wp-json\/wp\/v2\/posts"}],"about":[{"href":"https:\/\/blogdojuniorcavalcanti.com.br\/index.php\/wp-json\/wp\/v2\/types\/post"}],"author":[{"embeddable":true,"href":"https:\/\/blogdojuniorcavalcanti.com.br\/index.php\/wp-json\/wp\/v2\/users\/2"}],"replies":[{"embeddable":true,"href":"https:\/\/blogdojuniorcavalcanti.com.br\/index.php\/wp-json\/wp\/v2\/comments?post=6468"}],"version-history":[{"count":1,"href":"https:\/\/blogdojuniorcavalcanti.com.br\/index.php\/wp-json\/wp\/v2\/posts\/6468\/revisions"}],"predecessor-version":[{"id":6469,"href":"https:\/\/blogdojuniorcavalcanti.com.br\/index.php\/wp-json\/wp\/v2\/posts\/6468\/revisions\/6469"}],"wp:attachment":[{"href":"https:\/\/blogdojuniorcavalcanti.com.br\/index.php\/wp-json\/wp\/v2\/media?parent=6468"}],"wp:term":[{"taxonomy":"category","embeddable":true,"href":"https:\/\/blogdojuniorcavalcanti.com.br\/index.php\/wp-json\/wp\/v2\/categories?post=6468"},{"taxonomy":"post_tag","embeddable":true,"href":"https:\/\/blogdojuniorcavalcanti.com.br\/index.php\/wp-json\/wp\/v2\/tags?post=6468"}],"curies":[{"name":"wp","href":"https:\/\/api.w.org\/{rel}","templated":true}]}}