{"id":6625,"date":"2020-07-01T08:41:03","date_gmt":"2020-07-01T11:41:03","guid":{"rendered":"http:\/\/blogdojuniorcavalcanti.com.br\/?p=6625"},"modified":"2020-07-01T08:41:03","modified_gmt":"2020-07-01T11:41:03","slug":"pernambuco-prorroga-suspensao-de-aulas-presenciais-ate-31-de-julho","status":"publish","type":"post","link":"https:\/\/blogdojuniorcavalcanti.com.br\/index.php\/2020\/07\/01\/pernambuco-prorroga-suspensao-de-aulas-presenciais-ate-31-de-julho\/","title":{"rendered":"Pernambuco prorroga suspens\u00e3o de aulas presenciais at\u00e9 31 de julho"},"content":{"rendered":"<p style=\"text-align: justify;\"><span style=\"font-size: 14pt; font-family: arial, helvetica, sans-serif;\"><img fetchpriority=\"high\" decoding=\"async\" class=\"aligncenter\" src=\"https:\/\/www.diariodepernambuco.com.br\/static\/app\/noticia_127983242361\/2020\/06\/30\/833610\/20200630184945939797a.jpg\" alt=\" (Foto: Marlon Diego\/Esp.DP)\" width=\"504\" height=\"336\" \/>As aulas presenciais em institui\u00e7\u00f5es de ensino p\u00fablicas ou privadas de todo o estado est\u00e3o suspensas at\u00e9 o dia 31 de julho por causa da pandemia do novo coronav\u00edrus. O decreto estadual que determinava a suspens\u00e3o tinha prazo at\u00e9 esta ter\u00e7a-feira (30), mas a medida foi renovada por mais um m\u00eas. As atividades presenciais em institui\u00e7\u00f5es de ensino est\u00e3o proibidas desde 18 de mar\u00e7o, ou seja, j\u00e1 s\u00e3o 104 dias sem aulas presenciais em Pernambuco.<\/span><\/p>\n<p><span style=\"font-size: 14pt; font-family: arial, helvetica, sans-serif;\">Em nota, a Secretaria Estadual de Educa\u00e7\u00e3o e Esportes pontua que &#8220;o governo de Pernambuco prorroga a suspens\u00e3o das atividades presenciais nas institui\u00e7\u00f5es de ensino em todo o Estado at\u00e9 o dia 31 de julho. A Secretaria de Educa\u00e7\u00e3o e Esportes est\u00e1 trabalhando na elabora\u00e7\u00e3o de um plano para retomada das atividades presenciais que inclui um protocolo com diretrizes espec\u00edficas\u00a0 para a Educa\u00e7\u00e3o, observando todas recomenda\u00e7\u00f5es pedag\u00f3gicas e sanit\u00e1rias&#8221;.<\/span><br \/>\n<span style=\"font-size: 14pt; font-family: arial, helvetica, sans-serif;\"><strong><br \/>\nLEIA MAIS:<br \/>\n<\/strong><\/span><\/p>\n<div style=\"text-align: justify;\"><span style=\"font-size: 14pt; font-family: arial, helvetica, sans-serif;\"><strong><br \/>\n<a href=\"https:\/\/www.diariodepernambuco.com.br\/noticia\/vidaurbana\/2020\/06\/ufpe-upe-ufrpe-e-univasf-nao-terao-aulas-totalmente-presenciais-em-2.html\">UFPE, UPE, UFRPE e Univasf n\u00e3o ter\u00e3o aulas totalmente presenciais em 2020<\/a><br \/>\n<\/strong><\/span><\/div>\n<p style=\"text-align: justify;\">\n<span style=\"font-size: 14pt; font-family: arial, helvetica, sans-serif;\">O secret\u00e1rio de Planejamento e Gest\u00e3o de Pernambuco, Alexandre Reb\u00ealo, comentou a renova\u00e7\u00e3o da suspens\u00e3o de aulas em coletiva de imprensa transmitida virtualmente nesta ter\u00e7a-feira. &#8220;A Secretaria de Educa\u00e7\u00e3o vem, h\u00e1 mais de 40 dias, discutindo novos protocolos com entidades representantes dos diversos segmentos da educa\u00e7\u00e3o. Ao longo do m\u00eas de julho, Fred (Amancio, secret\u00e1rio estadual de Educa\u00e7\u00e3o e Esportes) vai apresentar quais s\u00e3o esses protocolos e o cronograma de retomada das atividades&#8221;, afirmou.<\/span><\/p>\n<p><span style=\"font-size: 14pt; font-family: arial, helvetica, sans-serif;\">No decreto publicado em mar\u00e7o, o governo estadual n\u00e3o estabeleceu validade para a suspens\u00e3o das atividades presenciais em institui\u00e7\u00f5es de ensino. Posteriormente,\u00a0 o governo determinou um prazo at\u00e9 30 de abril, quando foi anunciada uma nova prorroga\u00e7\u00e3o at\u00e9 o fim de maio. Depois, o decreto foi renovado at\u00e9 30 de junho e, agora, o decreto foi, mais uma vez, prolongado.<\/span><\/p>\n<div style=\"text-align: justify;\"><span style=\"font-size: 14pt; font-family: arial, helvetica, sans-serif;\">Na rede estadual de ensino, desde o dia 6 de abril, aulas passaram a ser transmitidas pela televis\u00e3o e pela internet, pela plataforma Educa-PE. Em maio, o governo anunciou a antecipa\u00e7\u00e3o do recesso escolar da rede. As f\u00e9rias come\u00e7aram no dia 15 e terminaram em 29 de maio. No recesso, ficaram suspensas a produ\u00e7\u00e3o e oferta de novos conte\u00fados de aulas remotas e outras atividades n\u00e3o presenciais.<\/span><\/p>\n<p><span style=\"font-size: 14pt; font-family: arial, helvetica, sans-serif;\">No Recife,\u00a0a Secretaria de Educa\u00e7\u00e3o criou o programa Escola do Futuro em Casa, que engloba uma s\u00e9rie de a\u00e7\u00f5es para que os estudantes possam ter igualdade de acesso ao ensino a dist\u00e2ncia (EAD).\u00a0A Prefeitura do Recife tamb\u00e9m lan\u00e7ou uma campanha de doa\u00e7\u00e3o de celulares para que os estudantes possam acompanhar as aulas remotas. At\u00e9 agora,\u00a0332 celulares foram doados. As unidades da rede privada de ensino tamb\u00e9m t\u00eam apostado no modelo de ensino a dist\u00e2ncia para manter as aulas.<\/span><br \/>\n<span style=\"font-size: 14pt; font-family: arial, helvetica, sans-serif;\"><strong><br \/>\nOrienta\u00e7\u00f5es<br \/>\n<\/strong><\/span><br \/>\n<span style=\"font-size: 14pt; font-family: arial, helvetica, sans-serif;\">No dia 16 deste m\u00eas, o Sindicato dos Estabelecimentos de Ensino no Estado de Pernambuco (Sinepe-PE) publicou um\u00a0<a href=\"https:\/\/sinepe-pe.org.br\/wp-content\/uploads\/2020\/06\/ebook_orientacoes_retorno.pdf\"><strong>e-book com orienta\u00e7\u00f5es para um retorno seguro nas institui\u00e7\u00f5es privadas do estado<\/strong><\/a>. &#8220;Este guia, constru\u00eddo pelo Sinepe\/PE, segue as diretrizes da Organiza\u00e7\u00e3o Mundial da Sa\u00fade (OMS) e experi\u00eancias de pa\u00edses que j\u00e1 est\u00e3o na fase de retomada das atividades escolares presenciais como Portugal, Fran\u00e7a, Dinamarca e China, com os devidos ajustes \u00e0 realidade das escolas pernambucanas. A reabertura e a manuten\u00e7\u00e3o segura das escolas requerem muito esfor\u00e7o, mas, se bem feitas, podem ser mais uma contribui\u00e7\u00e3o para a sa\u00fade p\u00fablica&#8221;, informa o sindicato.<\/span><\/p>\n<p><span style=\"font-size: 14pt; font-family: arial, helvetica, sans-serif;\">De acordo com o documento,\u00a0a educa\u00e7\u00e3o infantil e o terceiro ano do ensino m\u00e9dio ser\u00e3o, provavelmente, os primeiros grupos a retornar. &#8220;Os concluintes, em virtude da prepara\u00e7\u00e3o para o Enem e demais vestibulares. J\u00e1 as crian\u00e7as do infantil, pelo retorno \u00e0 rotina de trabalho presencial dos pais. A retomada inicial, com as duas pontas de ensino, n\u00e3o apresenta maiores dificuldades em termos de distanciamento f\u00edsico, uma vez que esses alunos ficam em espa\u00e7os distintos, com acessos diferentes, na maioria dos casos&#8221;, pontua.<\/span><\/p>\n<p><span style=\"font-size: 14pt; font-family: arial, helvetica, sans-serif;\">O Conselho Nacional de Secret\u00e1rios de Educa\u00e7\u00e3o (Consed) elaborou diretrizes nacionais para\u00a0<a href=\"http:\/\/consed.org.br\/media\/download\/5eea22f13ead0.pdf\"><strong>um protocolo de retorno \u00e0s aulas presenciais<\/strong><\/a>.\u00a0O documento foi elaborado a partir de experi\u00eancias de outros pa\u00edses que j\u00e1 retornaram \u00e0s aulas e tomou por base propostas de protocolos criadas por estados brasileiros. O texto aponta quatro elementos para o protocolo: institui\u00e7\u00e3o de comit\u00ea intersetorial, integrando as \u00e1reas da educa\u00e7\u00e3o, sa\u00fade e assist\u00eancia social; orienta\u00e7\u00e3o pr\u00e9via a estudantes, servidores e fam\u00edlias quanto ao retorno, especialmente sobre os cuidados sanit\u00e1rios; levantamento dos servidores em grupos de risco, que dever\u00e3o atuar em trabalho remoto e procedimentos de acolhimento de estudantes e servidores.<\/span><\/p>\n<div>\n<span style=\"font-size: 14pt; font-family: arial, helvetica, sans-serif;\">V\u00e1rias ag\u00eancias da Organiza\u00e7\u00e3o das Na\u00e7\u00f5es Unidas (ONU) \u2013 como parte da Coaliz\u00e3o Global de Educa\u00e7\u00e3o \u2013 criaram diretrizes para ajudar os governos a tomar decis\u00f5es sobre a reabertura de escolas com seguran\u00e7a para os 1,3 bilh\u00e3o de estudantes do mundo afetados por fechamentos. O documento recomenda a ado\u00e7\u00e3o de diretrizes claras para abertura e fechamento de escolas durante emerg\u00eancias de sa\u00fade p\u00fablica. A expans\u00e3o do acesso equitativo para crian\u00e7as marginalizadas e fora da escola tamb\u00e9m \u00e9 importante, segundo a ONU, assim como os esfor\u00e7os para padronizar as pr\u00e1ticas de aprendizado remoto. O documento tamb\u00e9m recomenda abordar o impacto da Covid-19 na educa\u00e7\u00e3o e investir em sistemas educacionais para estimular a recupera\u00e7\u00e3o e a resili\u00eancia.<\/span><\/p>\n<p><span style=\"font-size: 14pt; font-family: arial, helvetica, sans-serif;\"><strong>Pelo Brasil<\/p>\n<p><\/strong>Nesta ter\u00e7a-feira, um decreto municipal renovou a suspens\u00e3o das aulas na rede do Rio de Janeiro at\u00e9 o dia 3 de agosto.\u00a0Uma das preocupa\u00e7\u00f5es para a retomada das aulas no ensino p\u00fablico \u00e9 com estudantes que fazem refei\u00e7\u00f5es nos col\u00e9gios. A Prefeitura do Rio informou que seis mil merendeiras far\u00e3o teste de Covid-19 para saber se podem retomar as atividades.<\/span><\/div>\n<\/div>\n<p style=\"text-align: justify;\">\n<span style=\"font-size: 14pt; font-family: arial, helvetica, sans-serif;\">Na segunda-feira (29), a Prefeitura de Salvador anunciou que as aulas das escolas p\u00fablicas municipais e da rede privada seguem suspensas na capital baiana por pelo menos mais 15 dias. Em Fortaleza,\u00a0o retorno das aulas presenciais nas institui\u00e7\u00f5es de ensino privadas ser\u00e1 no dia 20 de julho.\u00a0Por outro lado, um decreto atual mant\u00e9m a suspens\u00e3o das atividades presenciais da rede municipal de ensino de Fortaleza at\u00e9 31 de julho.<\/span><\/p>\n<p><span style=\"font-size: 14pt; font-family: arial, helvetica, sans-serif;\">No estado de S\u00e3o Paulo, as aulas ser\u00e3o retomadas a partir de 8 setembro e com rod\u00edzio de alunos. A proposta prev\u00ea ainda uma combina\u00e7\u00e3o de aulas presenciais e virtuais. Em Minas Gerais, as aulas presenciais na rede estadual est\u00e3o suspensas desde 18 de mar\u00e7o e n\u00e3o h\u00e1 previs\u00e3o de retorno. O governador de Minas, Romeu Zema, condiciona uma volta somente caso o n\u00famero de casos e de mortes devido \u00e0 Covid-19 no estado comecem a diminuir semanalmente.<\/span><\/p>\n<p><span style=\"font-size: 14pt; font-family: arial, helvetica, sans-serif;\"><strong>Pelo mundo<\/strong><\/span><\/p>\n<p><span style=\"font-size: 14pt; font-family: arial, helvetica, sans-serif;\">Na Dinamarca, onde as escolas est\u00e3o reabertas desde 15 de abril, as crian\u00e7as precisam lavar as m\u00e3os de cinco a seis vezes por dia.\u00a0Em Portugal, que iniciou a volta \u00e0s aulas por etapas em 18 de maio, os alunos da educa\u00e7\u00e3o infantil foram os \u00faltimos que retornaram \u00e0 escola.<\/span><\/p>\n<p><span style=\"font-size: 14pt; font-family: arial, helvetica, sans-serif;\">Na Fran\u00e7a, onde a reabertura come\u00e7ou em 11 de maio, algumas escolas precisaram fechar temporariamente na semana seguinte, depois que surgiram casos da Covid-19 no ambiente escolar. Caso semelhante aconteceu na Coreia do Sul, onde algumas escolas fecharam poucos dias ap\u00f3s reabrirem por causa de novos picos de casos da doen\u00e7a. No pa\u00eds, mais de 100 escolas adiaram a volta.<\/span><\/p>\n","protected":false},"excerpt":{"rendered":"<p>As aulas presenciais em institui&ccedil;&otilde;es de ensino p&uacute;blicas ou privadas de todo o estado est&atilde;o suspensas at&eacute; o dia 31 de julho por causa da pandemia do novo coronav&iacute;rus. O decreto estadual que determinava a suspens&atilde;o tinha prazo at&eacute; esta ter&ccedil;a-feira (30), mas a medida foi renovada por mais um m&ecirc;s. As atividades presenciais em institui&ccedil;&otilde;es de ensino est&atilde;o proibidas desde 18 de mar&ccedil;o, ou seja, j&aacute; s&atilde;o 104 dias sem aulas presenciais em Pernambuco. Em nota, a Secretaria Estadual de Educa&ccedil;&atilde;o e Esportes pontua que &ldquo;o governo de Pernambuco prorroga a suspens&atilde;o das atividades presenciais nas institui&ccedil;&otilde;es de ensino &#8230; <\/p>\n<p class=\"read-more-container\"><a title=\"Pernambuco prorroga suspens\u00e3o de aulas presenciais at\u00e9 31 de julho\" class=\"read-more button\" href=\"https:\/\/blogdojuniorcavalcanti.com.br\/index.php\/2020\/07\/01\/pernambuco-prorroga-suspensao-de-aulas-presenciais-ate-31-de-julho\/#more-6625\" aria-label=\"More on Pernambuco prorroga suspens\u00e3o de aulas presenciais at\u00e9 31 de julho\">Leia mais<\/a><\/p>\n","protected":false},"author":2,"featured_media":0,"comment_status":"open","ping_status":"open","sticky":false,"template":"","format":"standard","meta":{"footnotes":""},"categories":[1],"tags":[],"class_list":["post-6625","post","type-post","status-publish","format-standard","hentry","category-sem-categoria"],"_links":{"self":[{"href":"https:\/\/blogdojuniorcavalcanti.com.br\/index.php\/wp-json\/wp\/v2\/posts\/6625","targetHints":{"allow":["GET"]}}],"collection":[{"href":"https:\/\/blogdojuniorcavalcanti.com.br\/index.php\/wp-json\/wp\/v2\/posts"}],"about":[{"href":"https:\/\/blogdojuniorcavalcanti.com.br\/index.php\/wp-json\/wp\/v2\/types\/post"}],"author":[{"embeddable":true,"href":"https:\/\/blogdojuniorcavalcanti.com.br\/index.php\/wp-json\/wp\/v2\/users\/2"}],"replies":[{"embeddable":true,"href":"https:\/\/blogdojuniorcavalcanti.com.br\/index.php\/wp-json\/wp\/v2\/comments?post=6625"}],"version-history":[{"count":1,"href":"https:\/\/blogdojuniorcavalcanti.com.br\/index.php\/wp-json\/wp\/v2\/posts\/6625\/revisions"}],"predecessor-version":[{"id":6626,"href":"https:\/\/blogdojuniorcavalcanti.com.br\/index.php\/wp-json\/wp\/v2\/posts\/6625\/revisions\/6626"}],"wp:attachment":[{"href":"https:\/\/blogdojuniorcavalcanti.com.br\/index.php\/wp-json\/wp\/v2\/media?parent=6625"}],"wp:term":[{"taxonomy":"category","embeddable":true,"href":"https:\/\/blogdojuniorcavalcanti.com.br\/index.php\/wp-json\/wp\/v2\/categories?post=6625"},{"taxonomy":"post_tag","embeddable":true,"href":"https:\/\/blogdojuniorcavalcanti.com.br\/index.php\/wp-json\/wp\/v2\/tags?post=6625"}],"curies":[{"name":"wp","href":"https:\/\/api.w.org\/{rel}","templated":true}]}}