{"id":6729,"date":"2020-07-04T06:42:07","date_gmt":"2020-07-04T09:42:07","guid":{"rendered":"http:\/\/blogdojuniorcavalcanti.com.br\/?p=6729"},"modified":"2020-07-04T06:42:07","modified_gmt":"2020-07-04T09:42:07","slug":"serra-talhada-chega-a-678-casos-de-covid-19","status":"publish","type":"post","link":"https:\/\/blogdojuniorcavalcanti.com.br\/index.php\/2020\/07\/04\/serra-talhada-chega-a-678-casos-de-covid-19\/","title":{"rendered":"Serra Talhada chega a 678 casos de Covid-19"},"content":{"rendered":"<p style=\"text-align: justify;\"><span style=\"font-size: 14pt;\"><img fetchpriority=\"high\" decoding=\"async\" class=\"alignleft wp-image-134182\" src=\"https:\/\/i2.wp.com\/nilljunior.com.br\/wp-content\/uploads\/2018\/09\/SerraTalhada-aerea.jpg?resize=400%2C278&amp;ssl=1\" sizes=\"(max-width: 400px) 100vw, 400px\" srcset=\"https:\/\/i2.wp.com\/nilljunior.com.br\/wp-content\/uploads\/2018\/09\/SerraTalhada-aerea.jpg?w=486&amp;ssl=1 486w, https:\/\/i2.wp.com\/nilljunior.com.br\/wp-content\/uploads\/2018\/09\/SerraTalhada-aerea.jpg?resize=300%2C209&amp;ssl=1 300w\" alt=\"\" width=\"400\" height=\"278\" data-attachment-id=\"134182\" data-permalink=\"https:\/\/nilljunior.com.br\/sertao-mais-criativo-comeca-nesta-quinta-13-em-serra-talhada\/serratalhada-aerea\/\" data-orig-file=\"https:\/\/i2.wp.com\/nilljunior.com.br\/wp-content\/uploads\/2018\/09\/SerraTalhada-aerea.jpg?fit=486%2C338&amp;ssl=1\" data-orig-size=\"486,338\" data-comments-opened=\"1\" data-image-meta=\"{&quot;aperture&quot;:&quot;0&quot;,&quot;credit&quot;:&quot;&quot;,&quot;camera&quot;:&quot;&quot;,&quot;caption&quot;:&quot;&quot;,&quot;created_timestamp&quot;:&quot;0&quot;,&quot;copyright&quot;:&quot;&quot;,&quot;focal_length&quot;:&quot;0&quot;,&quot;iso&quot;:&quot;0&quot;,&quot;shutter_speed&quot;:&quot;0&quot;,&quot;title&quot;:&quot;&quot;,&quot;orientation&quot;:&quot;0&quot;}\" data-image-title=\"SerraTalhada-aerea\" data-image-description=\"\" data-medium-file=\"https:\/\/i2.wp.com\/nilljunior.com.br\/wp-content\/uploads\/2018\/09\/SerraTalhada-aerea.jpg?fit=300%2C209&amp;ssl=1\" data-large-file=\"https:\/\/i2.wp.com\/nilljunior.com.br\/wp-content\/uploads\/2018\/09\/SerraTalhada-aerea.jpg?fit=486%2C338&amp;ssl=1\" \/><span style=\"font-family: arial, helvetica, sans-serif;\">A Secretaria de Sa\u00fade de Serra Talhada informa que foram registrados mais 44 casos positivos de Covid-19 nesta sexta-feira (03\/07).<\/span><\/span><\/p>\n<p style=\"text-align: justify;\"><span style=\"font-size: 14pt; font-family: arial, helvetica, sans-serif;\">S\u00e3o 24 pacientes do sexo feminino e 20 do sexo masculino, totalizando 678 casos confirmados no munic\u00edpio. N\u00e3o houve registro de \u00f3bito nas \u00faltimas 24h.<\/span><\/p>\n<p style=\"text-align: justify;\"><span style=\"font-size: 14pt; font-family: arial, helvetica, sans-serif;\">Foram realizados hoje 118 testes r\u00e1pidos no Laborat\u00f3rio Municipal, com 39 resultados positivos. Os outros 05 positivos foram confirmados pelo Lacen-PE. O n\u00famero de casos suspeitos caiu para 45 e o de casos descartados subiu para 2.652.<\/span><\/p>\n<p style=\"text-align: justify;\"><span style=\"font-size: 14pt; font-family: arial, helvetica, sans-serif;\">Entre os casos confirmados, o munic\u00edpio tem 457 pacientes recuperados, 205 em tratamento domiciliar e 05 em leitos de internamento, estando um paciente entubado e quatro est\u00e1veis. Outros cinco pacientes considerados suspeitos tamb\u00e9m est\u00e3o internados com quadro de sa\u00fade est\u00e1vel.<\/span><\/p>\n<p style=\"text-align: justify;\"><span style=\"font-size: 14pt; font-family: arial, helvetica, sans-serif;\">Em rela\u00e7\u00e3o aos profissionais de sa\u00fade contaminados, 36 est\u00e3o recuperados 15 em isolamento domiciliar monitorado.<\/span><\/p>\n","protected":false},"excerpt":{"rendered":"<p>A Secretaria de Sa&uacute;de de Serra Talhada informa que foram registrados mais 44 casos positivos de Covid-19 nesta sexta-feira (03\/07). S&atilde;o 24 pacientes do sexo feminino e 20 do sexo masculino, totalizando 678 casos confirmados no munic&iacute;pio. N&atilde;o houve registro de &oacute;bito nas &uacute;ltimas 24h. Foram realizados hoje 118 testes r&aacute;pidos no Laborat&oacute;rio Municipal, com 39 resultados positivos. Os outros 05 positivos foram confirmados pelo Lacen-PE. O n&uacute;mero de casos suspeitos caiu para 45 e o de casos descartados subiu para 2.652. Entre os casos confirmados, o munic&iacute;pio tem 457 pacientes recuperados, 205 em tratamento domiciliar e 05 em leitos &#8230; <\/p>\n<p class=\"read-more-container\"><a title=\"Serra Talhada chega a 678 casos de Covid-19\" class=\"read-more button\" href=\"https:\/\/blogdojuniorcavalcanti.com.br\/index.php\/2020\/07\/04\/serra-talhada-chega-a-678-casos-de-covid-19\/#more-6729\" aria-label=\"More on Serra Talhada chega a 678 casos de Covid-19\">Leia mais<\/a><\/p>\n","protected":false},"author":2,"featured_media":0,"comment_status":"open","ping_status":"open","sticky":false,"template":"","format":"standard","meta":{"footnotes":""},"categories":[1],"tags":[],"class_list":["post-6729","post","type-post","status-publish","format-standard","hentry","category-sem-categoria"],"_links":{"self":[{"href":"https:\/\/blogdojuniorcavalcanti.com.br\/index.php\/wp-json\/wp\/v2\/posts\/6729","targetHints":{"allow":["GET"]}}],"collection":[{"href":"https:\/\/blogdojuniorcavalcanti.com.br\/index.php\/wp-json\/wp\/v2\/posts"}],"about":[{"href":"https:\/\/blogdojuniorcavalcanti.com.br\/index.php\/wp-json\/wp\/v2\/types\/post"}],"author":[{"embeddable":true,"href":"https:\/\/blogdojuniorcavalcanti.com.br\/index.php\/wp-json\/wp\/v2\/users\/2"}],"replies":[{"embeddable":true,"href":"https:\/\/blogdojuniorcavalcanti.com.br\/index.php\/wp-json\/wp\/v2\/comments?post=6729"}],"version-history":[{"count":1,"href":"https:\/\/blogdojuniorcavalcanti.com.br\/index.php\/wp-json\/wp\/v2\/posts\/6729\/revisions"}],"predecessor-version":[{"id":6730,"href":"https:\/\/blogdojuniorcavalcanti.com.br\/index.php\/wp-json\/wp\/v2\/posts\/6729\/revisions\/6730"}],"wp:attachment":[{"href":"https:\/\/blogdojuniorcavalcanti.com.br\/index.php\/wp-json\/wp\/v2\/media?parent=6729"}],"wp:term":[{"taxonomy":"category","embeddable":true,"href":"https:\/\/blogdojuniorcavalcanti.com.br\/index.php\/wp-json\/wp\/v2\/categories?post=6729"},{"taxonomy":"post_tag","embeddable":true,"href":"https:\/\/blogdojuniorcavalcanti.com.br\/index.php\/wp-json\/wp\/v2\/tags?post=6729"}],"curies":[{"name":"wp","href":"https:\/\/api.w.org\/{rel}","templated":true}]}}