{"id":6739,"date":"2020-07-04T16:45:56","date_gmt":"2020-07-04T19:45:56","guid":{"rendered":"http:\/\/blogdojuniorcavalcanti.com.br\/?p=6739"},"modified":"2020-07-04T16:45:56","modified_gmt":"2020-07-04T19:45:56","slug":"tse-adia-prazos-eleitorais-de-julho-em-42-dias","status":"publish","type":"post","link":"https:\/\/blogdojuniorcavalcanti.com.br\/index.php\/2020\/07\/04\/tse-adia-prazos-eleitorais-de-julho-em-42-dias\/","title":{"rendered":"TSE adia prazos eleitorais de julho em 42 dias"},"content":{"rendered":"<p style=\"text-align: justify;\"><span style=\"font-size: 14pt;\"><img fetchpriority=\"high\" decoding=\"async\" class=\"alignleft wp-image-117428\" src=\"https:\/\/i2.wp.com\/nilljunior.com.br\/wp-content\/uploads\/2018\/01\/faixada_TSE_TSE.png?resize=400%2C225&amp;ssl=1\" sizes=\"(max-width: 400px) 100vw, 400px\" srcset=\"https:\/\/i2.wp.com\/nilljunior.com.br\/wp-content\/uploads\/2018\/01\/faixada_TSE_TSE.png?w=590&amp;ssl=1 590w, https:\/\/i2.wp.com\/nilljunior.com.br\/wp-content\/uploads\/2018\/01\/faixada_TSE_TSE.png?resize=300%2C169&amp;ssl=1 300w\" alt=\"\" width=\"400\" height=\"225\" data-attachment-id=\"117428\" data-permalink=\"https:\/\/nilljunior.com.br\/tse-rejeitou-tres-candidaturas-presidenciais-apenas-um-recurso-foi-aceito-pela-corte\/faixada_tse_tse\/\" data-orig-file=\"https:\/\/i2.wp.com\/nilljunior.com.br\/wp-content\/uploads\/2018\/01\/faixada_TSE_TSE.png?fit=590%2C332&amp;ssl=1\" data-orig-size=\"590,332\" data-comments-opened=\"1\" data-image-meta=\"{&quot;aperture&quot;:&quot;0&quot;,&quot;credit&quot;:&quot;&quot;,&quot;camera&quot;:&quot;&quot;,&quot;caption&quot;:&quot;&quot;,&quot;created_timestamp&quot;:&quot;0&quot;,&quot;copyright&quot;:&quot;&quot;,&quot;focal_length&quot;:&quot;0&quot;,&quot;iso&quot;:&quot;0&quot;,&quot;shutter_speed&quot;:&quot;0&quot;,&quot;title&quot;:&quot;&quot;,&quot;orientation&quot;:&quot;0&quot;}\" data-image-title=\"faixada_TSE_TSE\" data-image-description=\"\" data-medium-file=\"https:\/\/i2.wp.com\/nilljunior.com.br\/wp-content\/uploads\/2018\/01\/faixada_TSE_TSE.png?fit=300%2C169&amp;ssl=1\" data-large-file=\"https:\/\/i2.wp.com\/nilljunior.com.br\/wp-content\/uploads\/2018\/01\/faixada_TSE_TSE.png?fit=590%2C332&amp;ssl=1\" \/><span style=\"font-family: arial, helvetica, sans-serif;\">O Tribunal Superior Eleitoral (TSE) anunciou\u00a0 que todos os prazos previstos no calend\u00e1rio eleitoral para o m\u00eas de julho ser\u00e3o prorrogados em 42 dias.<\/span><\/span><\/p>\n<p style=\"text-align: justify;\"><span style=\"font-size: 14pt; font-family: arial, helvetica, sans-serif;\">A medida foi feita para adequar as datas com as mudan\u00e7as provocadas pela aprova\u00e7\u00e3o da emenda constitucional que adiou as elei\u00e7\u00f5es municipais para novembro em fun\u00e7\u00e3o da pandemia da covid-19.<\/span><\/p>\n<p style=\"text-align: justify;\"><span style=\"font-size: 14pt; font-family: arial, helvetica, sans-serif;\">Os 36 prazos que foram postergados para agosto envolvem restri\u00e7\u00f5es que impedem agentes p\u00fablicos de fazerem contrata\u00e7\u00f5es, aumentar despesas p\u00fablicas, inaugurar obras, al\u00e9m das datas para o eleitor com defici\u00eancia pedir atendimento especial e para as conven\u00e7\u00f5es partid\u00e1rias dos candidatos a prefeito, vice-prefeito e vereadores.<\/span><\/p>\n<p style=\"text-align: justify;\"><span style=\"font-size: 14pt; font-family: arial, helvetica, sans-serif;\">Em agosto, ap\u00f3s o fim do recesso no Judici\u00e1rio, novas altera\u00e7\u00f5es nos prazos dos meses seguintes do calend\u00e1rio eleitoral ser\u00e3o divulgadas pelo TSE.<\/span><\/p>\n<p style=\"text-align: justify;\"><span style=\"font-size: 14pt; font-family: arial, helvetica, sans-serif;\">O Congresso Nacional promulgou a Emenda Constitucional 107, que adia as elei\u00e7\u00f5es municipais de outubro para novembro deste ano. Dessa forma, os dois turnos eleitorais, inicialmente previstos para os dias 4 e 25 de outubro, ser\u00e3o realizados nos dias 15 e 29 de novembro. O adiamento contou com o aval do TSE<\/span><\/p>\n","protected":false},"excerpt":{"rendered":"<p>O Tribunal Superior Eleitoral (TSE) anunciou&nbsp; que todos os prazos previstos no calend&aacute;rio eleitoral para o m&ecirc;s de julho ser&atilde;o prorrogados em 42 dias. A medida foi feita para adequar as datas com as mudan&ccedil;as provocadas pela aprova&ccedil;&atilde;o da emenda constitucional que adiou as elei&ccedil;&otilde;es municipais para novembro em fun&ccedil;&atilde;o da pandemia da covid-19. Os 36 prazos que foram postergados para agosto envolvem restri&ccedil;&otilde;es que impedem agentes p&uacute;blicos de fazerem contrata&ccedil;&otilde;es, aumentar despesas p&uacute;blicas, inaugurar obras, al&eacute;m das datas para o eleitor com defici&ecirc;ncia pedir atendimento especial e para as conven&ccedil;&otilde;es partid&aacute;rias dos candidatos a prefeito, vice-prefeito e vereadores. Em &#8230; <\/p>\n<p class=\"read-more-container\"><a title=\"TSE adia prazos eleitorais de julho em 42 dias\" class=\"read-more button\" href=\"https:\/\/blogdojuniorcavalcanti.com.br\/index.php\/2020\/07\/04\/tse-adia-prazos-eleitorais-de-julho-em-42-dias\/#more-6739\" aria-label=\"More on TSE adia prazos eleitorais de julho em 42 dias\">Leia mais<\/a><\/p>\n","protected":false},"author":2,"featured_media":0,"comment_status":"open","ping_status":"open","sticky":false,"template":"","format":"standard","meta":{"footnotes":""},"categories":[1],"tags":[],"class_list":["post-6739","post","type-post","status-publish","format-standard","hentry","category-sem-categoria"],"_links":{"self":[{"href":"https:\/\/blogdojuniorcavalcanti.com.br\/index.php\/wp-json\/wp\/v2\/posts\/6739","targetHints":{"allow":["GET"]}}],"collection":[{"href":"https:\/\/blogdojuniorcavalcanti.com.br\/index.php\/wp-json\/wp\/v2\/posts"}],"about":[{"href":"https:\/\/blogdojuniorcavalcanti.com.br\/index.php\/wp-json\/wp\/v2\/types\/post"}],"author":[{"embeddable":true,"href":"https:\/\/blogdojuniorcavalcanti.com.br\/index.php\/wp-json\/wp\/v2\/users\/2"}],"replies":[{"embeddable":true,"href":"https:\/\/blogdojuniorcavalcanti.com.br\/index.php\/wp-json\/wp\/v2\/comments?post=6739"}],"version-history":[{"count":1,"href":"https:\/\/blogdojuniorcavalcanti.com.br\/index.php\/wp-json\/wp\/v2\/posts\/6739\/revisions"}],"predecessor-version":[{"id":6740,"href":"https:\/\/blogdojuniorcavalcanti.com.br\/index.php\/wp-json\/wp\/v2\/posts\/6739\/revisions\/6740"}],"wp:attachment":[{"href":"https:\/\/blogdojuniorcavalcanti.com.br\/index.php\/wp-json\/wp\/v2\/media?parent=6739"}],"wp:term":[{"taxonomy":"category","embeddable":true,"href":"https:\/\/blogdojuniorcavalcanti.com.br\/index.php\/wp-json\/wp\/v2\/categories?post=6739"},{"taxonomy":"post_tag","embeddable":true,"href":"https:\/\/blogdojuniorcavalcanti.com.br\/index.php\/wp-json\/wp\/v2\/tags?post=6739"}],"curies":[{"name":"wp","href":"https:\/\/api.w.org\/{rel}","templated":true}]}}