{"id":6807,"date":"2020-07-07T08:21:18","date_gmt":"2020-07-07T11:21:18","guid":{"rendered":"http:\/\/blogdojuniorcavalcanti.com.br\/?p=6807"},"modified":"2020-07-07T08:21:18","modified_gmt":"2020-07-07T11:21:18","slug":"bolsonaro-testou-positivo-para-covid-19-diz-jornalista","status":"publish","type":"post","link":"https:\/\/blogdojuniorcavalcanti.com.br\/index.php\/2020\/07\/07\/bolsonaro-testou-positivo-para-covid-19-diz-jornalista\/","title":{"rendered":"Bolsonaro testou positivo para Covid-19, diz jornalista"},"content":{"rendered":"<p style=\"text-align: justify;\"><span style=\"font-size: 14pt;\"><img fetchpriority=\"high\" decoding=\"async\" class=\"alignleft wp-image-175181\" src=\"https:\/\/i0.wp.com\/nilljunior.com.br\/wp-content\/uploads\/2020\/05\/bolsonaro-Alvorada.jpg?resize=400%2C266&amp;ssl=1\" sizes=\"(max-width: 400px) 100vw, 400px\" srcset=\"https:\/\/i0.wp.com\/nilljunior.com.br\/wp-content\/uploads\/2020\/05\/bolsonaro-Alvorada.jpg?w=2400&amp;ssl=1 2400w, https:\/\/i0.wp.com\/nilljunior.com.br\/wp-content\/uploads\/2020\/05\/bolsonaro-Alvorada.jpg?resize=150%2C100&amp;ssl=1 150w, https:\/\/i0.wp.com\/nilljunior.com.br\/wp-content\/uploads\/2020\/05\/bolsonaro-Alvorada.jpg?resize=300%2C200&amp;ssl=1 300w, https:\/\/i0.wp.com\/nilljunior.com.br\/wp-content\/uploads\/2020\/05\/bolsonaro-Alvorada.jpg?resize=768%2C511&amp;ssl=1 768w, https:\/\/i0.wp.com\/nilljunior.com.br\/wp-content\/uploads\/2020\/05\/bolsonaro-Alvorada.jpg?resize=600%2C400&amp;ssl=1 600w, https:\/\/i0.wp.com\/nilljunior.com.br\/wp-content\/uploads\/2020\/05\/bolsonaro-Alvorada.jpg?w=2000&amp;ssl=1 2000w\" alt=\"\" width=\"400\" height=\"267\" data-attachment-id=\"175181\" data-permalink=\"https:\/\/nilljunior.com.br\/e-guerra-tem-que-jogar-pesado-com-governadores-diz-bolsonaro-a-empresarios\/bolsonaro-alvorada\/\" data-orig-file=\"https:\/\/i0.wp.com\/nilljunior.com.br\/wp-content\/uploads\/2020\/05\/bolsonaro-Alvorada.jpg?fit=2400%2C1598&amp;ssl=1\" data-orig-size=\"2400,1598\" data-comments-opened=\"1\" data-image-meta=\"{&quot;aperture&quot;:&quot;0&quot;,&quot;credit&quot;:&quot;&quot;,&quot;camera&quot;:&quot;&quot;,&quot;caption&quot;:&quot;&quot;,&quot;created_timestamp&quot;:&quot;0&quot;,&quot;copyright&quot;:&quot;&quot;,&quot;focal_length&quot;:&quot;0&quot;,&quot;iso&quot;:&quot;0&quot;,&quot;shutter_speed&quot;:&quot;0&quot;,&quot;title&quot;:&quot;&quot;,&quot;orientation&quot;:&quot;0&quot;}\" data-image-title=\"bolsonaro-Alvorada\" data-image-description=\"\" data-medium-file=\"https:\/\/i0.wp.com\/nilljunior.com.br\/wp-content\/uploads\/2020\/05\/bolsonaro-Alvorada.jpg?fit=300%2C200&amp;ssl=1\" data-large-file=\"https:\/\/i0.wp.com\/nilljunior.com.br\/wp-content\/uploads\/2020\/05\/bolsonaro-Alvorada.jpg?fit=600%2C400&amp;ssl=1\" \/><span style=\"font-family: arial, helvetica, sans-serif;\">O presidente Jair Bolsonaro testou positivo para coronav\u00edrus, mas seu estado geral \u00e9 bom, apesar de neste momento se apresentar febril, \u00e0 volta de 38 graus, e de sentir-se um pouco indisposto, \u201ccorpo mole\u201d.<\/span><\/span><\/p>\n<p style=\"text-align: justify;\"><span style=\"font-size: 14pt; font-family: arial, helvetica, sans-serif;\">A\u00a0<a href=\"https:\/\/diariodopoder.com.br\/ultimas\/bolsonaro-testa-positivo-e-se-encontra-em-estado-febril-neste-momento\"><strong>informa\u00e7\u00e3o \u00e9 do jornalista Cl\u00e1udio Humberto<\/strong><\/a>,\u00a0 do Di\u00e1rio do Poder.<\/span><\/p>\n<p style=\"text-align: justify;\"><span style=\"font-size: 14pt; font-family: arial, helvetica, sans-serif;\">Ele j\u00e1 toma o medicamento cloroquina desde a confirma\u00e7\u00e3o dos sintomas.<\/span><\/p>\n<p style=\"text-align: justify;\"><span style=\"font-size: 14pt; font-family: arial, helvetica, sans-serif;\">Ap\u00f3s o primeiro teste positivo, o presidente foi submetido a um novo exame no Hospital das For\u00e7as Armadas para confirmar, sem sombra de d\u00favida, que contraiu de fato a doen\u00e7a. O resultado desse segundo exame ficar\u00e1 pronto por volta do meio dia desta ter\u00e7a-feira (7).<\/span><\/p>\n<p style=\"text-align: justify;\"><span style=\"font-size: 14pt; font-family: arial, helvetica, sans-serif;\">Se confirmado o teste positivo para covid-19 pela segunda vez ficar\u00e1 demonstrado que Bolsonaro, de fato, n\u00e3o teve coronav\u00edrus antes, quando at\u00e9 o Supremo Tribunal Federal (STF) foi acionado para obrig\u00e1-lo a divulgar os exames.<\/span><\/p>\n<p style=\"text-align: justify;\"><span style=\"font-size: 14pt; font-family: arial, helvetica, sans-serif;\">Aos 65 anos de idade, Jair Bolsonaro faz parte do chamado \u201cgrupo de risco\u201d, em raz\u00e3o da idade. O presidente sempre desdenhou da possibilidade de contrair a doen\u00e7a, mas essa atitude alternava com um certo fatalismo.<\/span><\/p>\n","protected":false},"excerpt":{"rendered":"<p>O presidente Jair Bolsonaro testou positivo para coronav&iacute;rus, mas seu estado geral &eacute; bom, apesar de neste momento se apresentar febril, &agrave; volta de 38 graus, e de sentir-se um pouco indisposto, &ldquo;corpo mole&rdquo;. A&nbsp;informa&ccedil;&atilde;o &eacute; do jornalista Cl&aacute;udio Humberto,&nbsp; do Di&aacute;rio do Poder. Ele j&aacute; toma o medicamento cloroquina desde a confirma&ccedil;&atilde;o dos sintomas. Ap&oacute;s o primeiro teste positivo, o presidente foi submetido a um novo exame no Hospital das For&ccedil;as Armadas para confirmar, sem sombra de d&uacute;vida, que contraiu de fato a doen&ccedil;a. O resultado desse segundo exame ficar&aacute; pronto por volta do meio dia desta ter&ccedil;a-feira (7). &#8230; <\/p>\n<p class=\"read-more-container\"><a title=\"Bolsonaro testou positivo para Covid-19, diz jornalista\" class=\"read-more button\" href=\"https:\/\/blogdojuniorcavalcanti.com.br\/index.php\/2020\/07\/07\/bolsonaro-testou-positivo-para-covid-19-diz-jornalista\/#more-6807\" aria-label=\"More on Bolsonaro testou positivo para Covid-19, diz jornalista\">Leia mais<\/a><\/p>\n","protected":false},"author":2,"featured_media":0,"comment_status":"open","ping_status":"open","sticky":false,"template":"","format":"standard","meta":{"footnotes":""},"categories":[1],"tags":[],"class_list":["post-6807","post","type-post","status-publish","format-standard","hentry","category-sem-categoria"],"_links":{"self":[{"href":"https:\/\/blogdojuniorcavalcanti.com.br\/index.php\/wp-json\/wp\/v2\/posts\/6807","targetHints":{"allow":["GET"]}}],"collection":[{"href":"https:\/\/blogdojuniorcavalcanti.com.br\/index.php\/wp-json\/wp\/v2\/posts"}],"about":[{"href":"https:\/\/blogdojuniorcavalcanti.com.br\/index.php\/wp-json\/wp\/v2\/types\/post"}],"author":[{"embeddable":true,"href":"https:\/\/blogdojuniorcavalcanti.com.br\/index.php\/wp-json\/wp\/v2\/users\/2"}],"replies":[{"embeddable":true,"href":"https:\/\/blogdojuniorcavalcanti.com.br\/index.php\/wp-json\/wp\/v2\/comments?post=6807"}],"version-history":[{"count":1,"href":"https:\/\/blogdojuniorcavalcanti.com.br\/index.php\/wp-json\/wp\/v2\/posts\/6807\/revisions"}],"predecessor-version":[{"id":6808,"href":"https:\/\/blogdojuniorcavalcanti.com.br\/index.php\/wp-json\/wp\/v2\/posts\/6807\/revisions\/6808"}],"wp:attachment":[{"href":"https:\/\/blogdojuniorcavalcanti.com.br\/index.php\/wp-json\/wp\/v2\/media?parent=6807"}],"wp:term":[{"taxonomy":"category","embeddable":true,"href":"https:\/\/blogdojuniorcavalcanti.com.br\/index.php\/wp-json\/wp\/v2\/categories?post=6807"},{"taxonomy":"post_tag","embeddable":true,"href":"https:\/\/blogdojuniorcavalcanti.com.br\/index.php\/wp-json\/wp\/v2\/tags?post=6807"}],"curies":[{"name":"wp","href":"https:\/\/api.w.org\/{rel}","templated":true}]}}