{"id":6858,"date":"2020-07-08T12:17:37","date_gmt":"2020-07-08T15:17:37","guid":{"rendered":"http:\/\/blogdojuniorcavalcanti.com.br\/?p=6858"},"modified":"2020-07-08T12:17:37","modified_gmt":"2020-07-08T15:17:37","slug":"apos-quase-80-dias-de-suspensao-feira-livre-de-frutas-e-verduras-volta-em-tabira","status":"publish","type":"post","link":"https:\/\/blogdojuniorcavalcanti.com.br\/index.php\/2020\/07\/08\/apos-quase-80-dias-de-suspensao-feira-livre-de-frutas-e-verduras-volta-em-tabira\/","title":{"rendered":"Ap\u00f3s quase 80 dias de suspens\u00e3o feira livre de frutas e verduras volta em Tabira"},"content":{"rendered":"<p style=\"text-align: justify;\"><span style=\"font-size: 14pt;\"><strong><a href=\"https:\/\/i2.wp.com\/nilljunior.com.br\/wp-content\/uploads\/2020\/07\/feira-tabira-08-07-20.jpeg?ssl=1\"><img fetchpriority=\"high\" decoding=\"async\" class=\"alignleft wp-image-179757\" src=\"https:\/\/i2.wp.com\/nilljunior.com.br\/wp-content\/uploads\/2020\/07\/feira-tabira-08-07-20.jpeg?resize=400%2C194&amp;ssl=1\" sizes=\"(max-width: 400px) 100vw, 400px\" srcset=\"https:\/\/i2.wp.com\/nilljunior.com.br\/wp-content\/uploads\/2020\/07\/feira-tabira-08-07-20.jpeg?w=1280&amp;ssl=1 1280w, https:\/\/i2.wp.com\/nilljunior.com.br\/wp-content\/uploads\/2020\/07\/feira-tabira-08-07-20.jpeg?resize=300%2C146&amp;ssl=1 300w, https:\/\/i2.wp.com\/nilljunior.com.br\/wp-content\/uploads\/2020\/07\/feira-tabira-08-07-20.jpeg?resize=768%2C373&amp;ssl=1 768w, https:\/\/i2.wp.com\/nilljunior.com.br\/wp-content\/uploads\/2020\/07\/feira-tabira-08-07-20.jpeg?resize=600%2C291&amp;ssl=1 600w\" alt=\"\" width=\"400\" height=\"194\" data-attachment-id=\"179757\" data-permalink=\"https:\/\/nilljunior.com.br\/apos-quase-80-dias-de-suspensao-feira-livre-de-frutas-e-verduras-volta-em-tabira\/feira-tabira-08-07-20\/\" data-orig-file=\"https:\/\/i2.wp.com\/nilljunior.com.br\/wp-content\/uploads\/2020\/07\/feira-tabira-08-07-20.jpeg?fit=1280%2C621&amp;ssl=1\" data-orig-size=\"1280,621\" data-comments-opened=\"1\" data-image-meta=\"{&quot;aperture&quot;:&quot;0&quot;,&quot;credit&quot;:&quot;&quot;,&quot;camera&quot;:&quot;&quot;,&quot;caption&quot;:&quot;&quot;,&quot;created_timestamp&quot;:&quot;0&quot;,&quot;copyright&quot;:&quot;&quot;,&quot;focal_length&quot;:&quot;0&quot;,&quot;iso&quot;:&quot;0&quot;,&quot;shutter_speed&quot;:&quot;0&quot;,&quot;title&quot;:&quot;&quot;,&quot;orientation&quot;:&quot;0&quot;}\" data-image-title=\"feira-tabira-08-07-20\" data-image-description=\"\" data-medium-file=\"https:\/\/i2.wp.com\/nilljunior.com.br\/wp-content\/uploads\/2020\/07\/feira-tabira-08-07-20.jpeg?fit=300%2C146&amp;ssl=1\" data-large-file=\"https:\/\/i2.wp.com\/nilljunior.com.br\/wp-content\/uploads\/2020\/07\/feira-tabira-08-07-20.jpeg?fit=600%2C291&amp;ssl=1\" \/><\/a><span style=\"font-family: arial, helvetica, sans-serif;\">Foto e texto por Felipe Marques<\/span><\/strong><\/span><\/p>\n<p style=\"text-align: justify;\"><span style=\"font-size: 14pt; font-family: arial, helvetica, sans-serif;\">Depois de exatos 76 dias de suspens\u00e3o em virtude da pandemia do novo coronav\u00edrus e aumento de casos da Covid-19 em Tabira, a feira de frutas e verduras paralisada em 22 de abril,\u00a0 volta \u00e0s atividades hoje, quarta-feira (8).<\/span><\/p>\n<p style=\"text-align: justify;\"><span style=\"font-size: 14pt; font-family: arial, helvetica, sans-serif;\">A decis\u00e3o foi acertada em conjunto na semana passada pelo Gabinete do Prefeito, Secretarias de Sa\u00fade, Finan\u00e7as, Obras, Administra\u00e7\u00e3o, Vigil\u00e2ncia Sanit\u00e1ria, Procuradoria Jur\u00eddica, Guarda Municipal e Defesa Civil.<\/span><\/p>\n<p style=\"text-align: justify;\"><span style=\"font-size: 14pt; font-family: arial, helvetica, sans-serif;\">O local da feira, que ocorre semanalmente, permanece no p\u00e1tio do a\u00e7ougue municipal e s\u00f3 participam feirantes de Tabira, seguindo as normas adotadas nesse \u201cnovo normal\u201d.\u00a0<\/span><\/p>\n<p style=\"text-align: justify;\"><span style=\"font-size: 14pt; font-family: arial, helvetica, sans-serif;\">Para a feira o formato das bancas foi mudado, em vez de permanecerem enfileiradas lado a lado, elas agora estar\u00e3o de maneira intercaladas com dist\u00e2ncia m\u00ednima de dois metros entre uma banca e outra.\u00a0<\/span><\/p>\n<p style=\"text-align: justify;\"><span style=\"font-size: 14pt; font-family: arial, helvetica, sans-serif;\">Ser\u00e1 obrigat\u00f3rio a utiliza\u00e7\u00e3o de m\u00e1scaras de prote\u00e7\u00e3o por comerciantes e frequentadores; o fornecimento de \u00e1lcool em gel ao p\u00fablico; a higieniza\u00e7\u00e3o constante de balc\u00f5es e outras superf\u00edcies; o cliente somente ser\u00e1 atendido se estiver utilizando m\u00e1scara e a feira sendo encerrada ao meio dia. O objetivo dessas medidas s\u00e3o garantir seguran\u00e7a e evitar a dissemina\u00e7\u00e3o da Covid-19.\u00a0<\/span><\/p>\n<p style=\"text-align: justify;\"><span style=\"font-size: 14pt; font-family: arial, helvetica, sans-serif;\">De acordo com o governo municipal, a feira est\u00e1 sendo de experi\u00eancia para observar a rea\u00e7\u00e3o e o comportamento tanto dos feirantes como da popula\u00e7\u00e3o. Caso haja quebra das normas e aglomera\u00e7\u00f5es, tudo volta a ser suspenso. A reportagem da Cidade FM esteve hoje pele manh\u00e3 e fez alguns registros fotogr\u00e1ficos, onde pode se observar a organiza\u00e7\u00e3o e o cumprimento do acordado com os feirantes.\u00a0<\/span><\/p>\n<p style=\"text-align: justify;\"><span style=\"font-size: 14pt; font-family: arial, helvetica, sans-serif;\">As demais feiras, como: do gado, de roupas, cal\u00e7ados, eletr\u00f4nicos, missangas, da troca e demais, ainda n\u00e3o tem datas para serem retomadas.<\/span><\/p>\n","protected":false},"excerpt":{"rendered":"<p>Foto e texto por Felipe Marques Depois de exatos 76 dias de suspens&atilde;o em virtude da pandemia do novo coronav&iacute;rus e aumento de casos da Covid-19 em Tabira, a feira de frutas e verduras paralisada em 22 de abril,&nbsp; volta &agrave;s atividades hoje, quarta-feira (8). A decis&atilde;o foi acertada em conjunto na semana passada pelo Gabinete do Prefeito, Secretarias de Sa&uacute;de, Finan&ccedil;as, Obras, Administra&ccedil;&atilde;o, Vigil&acirc;ncia Sanit&aacute;ria, Procuradoria Jur&iacute;dica, Guarda Municipal e Defesa Civil. O local da feira, que ocorre semanalmente, permanece no p&aacute;tio do a&ccedil;ougue municipal e s&oacute; participam feirantes de Tabira, seguindo as normas adotadas nesse &ldquo;novo normal&rdquo;.&nbsp; Para &#8230; <\/p>\n<p class=\"read-more-container\"><a title=\"Ap\u00f3s quase 80 dias de suspens\u00e3o feira livre de frutas e verduras volta em Tabira\" class=\"read-more button\" href=\"https:\/\/blogdojuniorcavalcanti.com.br\/index.php\/2020\/07\/08\/apos-quase-80-dias-de-suspensao-feira-livre-de-frutas-e-verduras-volta-em-tabira\/#more-6858\" aria-label=\"More on Ap\u00f3s quase 80 dias de suspens\u00e3o feira livre de frutas e verduras volta em Tabira\">Leia mais<\/a><\/p>\n","protected":false},"author":2,"featured_media":0,"comment_status":"open","ping_status":"open","sticky":false,"template":"","format":"standard","meta":{"footnotes":""},"categories":[1],"tags":[],"class_list":["post-6858","post","type-post","status-publish","format-standard","hentry","category-sem-categoria"],"_links":{"self":[{"href":"https:\/\/blogdojuniorcavalcanti.com.br\/index.php\/wp-json\/wp\/v2\/posts\/6858","targetHints":{"allow":["GET"]}}],"collection":[{"href":"https:\/\/blogdojuniorcavalcanti.com.br\/index.php\/wp-json\/wp\/v2\/posts"}],"about":[{"href":"https:\/\/blogdojuniorcavalcanti.com.br\/index.php\/wp-json\/wp\/v2\/types\/post"}],"author":[{"embeddable":true,"href":"https:\/\/blogdojuniorcavalcanti.com.br\/index.php\/wp-json\/wp\/v2\/users\/2"}],"replies":[{"embeddable":true,"href":"https:\/\/blogdojuniorcavalcanti.com.br\/index.php\/wp-json\/wp\/v2\/comments?post=6858"}],"version-history":[{"count":1,"href":"https:\/\/blogdojuniorcavalcanti.com.br\/index.php\/wp-json\/wp\/v2\/posts\/6858\/revisions"}],"predecessor-version":[{"id":6859,"href":"https:\/\/blogdojuniorcavalcanti.com.br\/index.php\/wp-json\/wp\/v2\/posts\/6858\/revisions\/6859"}],"wp:attachment":[{"href":"https:\/\/blogdojuniorcavalcanti.com.br\/index.php\/wp-json\/wp\/v2\/media?parent=6858"}],"wp:term":[{"taxonomy":"category","embeddable":true,"href":"https:\/\/blogdojuniorcavalcanti.com.br\/index.php\/wp-json\/wp\/v2\/categories?post=6858"},{"taxonomy":"post_tag","embeddable":true,"href":"https:\/\/blogdojuniorcavalcanti.com.br\/index.php\/wp-json\/wp\/v2\/tags?post=6858"}],"curies":[{"name":"wp","href":"https:\/\/api.w.org\/{rel}","templated":true}]}}