{"id":6939,"date":"2020-07-12T09:59:56","date_gmt":"2020-07-12T12:59:56","guid":{"rendered":"http:\/\/blogdojuniorcavalcanti.com.br\/?p=6939"},"modified":"2020-07-12T09:59:56","modified_gmt":"2020-07-12T12:59:56","slug":"luvas-e-mascaras-da-pandemia-invadem-os-grandes-rios-europeus-alerta-ong","status":"publish","type":"post","link":"https:\/\/blogdojuniorcavalcanti.com.br\/index.php\/2020\/07\/12\/luvas-e-mascaras-da-pandemia-invadem-os-grandes-rios-europeus-alerta-ong\/","title":{"rendered":"Luvas e m\u00e1scaras da pandemia invadem os grandes rios europeus, alerta ONG"},"content":{"rendered":"<p style=\"text-align: justify;\"><span style=\"font-size: 14pt; font-family: arial, helvetica, sans-serif;\"><img fetchpriority=\"high\" decoding=\"async\" class=\"aligncenter\" src=\"https:\/\/cdn.folhape.com.br\/img\/pc\/1100\/1\/dn_arquivo\/2020\/07\/gl_1.jpg\" alt=\"Luvas\" width=\"569\" height=\"427\" \/>M\u00e1scaras e luvas foram encontradas sistematicamente em sete grandes rios europeus em junho, afirmou a Funda\u00e7\u00e3o Tara, ONG que alerta sobre o perigo da contamina\u00e7\u00e3o pl\u00e1stica relacionada \u00e0 crise de sa\u00fade.<\/span><\/p>\n<p style=\"text-align: justify;\"><span style=\"font-size: 14pt; font-family: arial, helvetica, sans-serif;\">&#8220;Os cientistas dos laborat\u00f3rios associados da Tara encontraram sistematicamente luvas e m\u00e1scaras nas margens e praias de sete rios europeus durante a coleta de mostras em junho&#8221;, declarou \u00e0 r\u00e1dio France Inter Romy Hentinger, diretora de ativismo e coopera\u00e7\u00e3o internacional da ONG.<\/span><\/p>\n<p style=\"text-align: justify;\"><span style=\"font-size: 14pt; font-family: arial, helvetica, sans-serif;\">&#8220;\u00c9 preocupante, pois \u00e9 poss\u00edvel deduzir que outras j\u00e1 chegaram ao mar&#8221;, completou a porta-voz, antes de explicar que as m\u00e1scaras descart\u00e1veis, de polipropileno e muito finas, devem se fragmentar &#8220;rapidamente&#8221;.<\/span><\/p>\n<p style=\"text-align: justify;\"><span style=\"font-size: 14pt; font-family: arial, helvetica, sans-serif;\">Os rios estudados fazem parte dos nove principais rios europeus explorados em 2019 por um navio cient\u00edfico, como parte de uma miss\u00e3o sobre os micropl\u00e1sticos. S\u00e3o o T\u00e2misa, Elba, Reno, Sena, Ebro, R\u00f3dano, Tibre, Garonne e Loire.<\/span><\/p>\n<p style=\"text-align: justify;\"><span style=\"font-size: 14pt; font-family: arial, helvetica, sans-serif;\">&#8220;Esperamos os resultados finais ddos cientistas&#8221;, completou Romy Hentinger.<\/span><\/p>\n<p style=\"text-align: justify;\"><span style=\"font-size: 14pt; font-family: arial, helvetica, sans-serif;\">A expedi\u00e7\u00e3o de maio a novembro de 2019 revelou a presen\u00e7a de micropl\u00e1sticos em 100% das amostras de \u00e1gua, o que demonstra que j\u00e1 est\u00e3o presentes nos rios e &#8220;n\u00e3o se degradam no mar, explicou Martin Hertau, capit\u00e3o do laborat\u00f3rio flutuante.<\/span><\/p>\n","protected":false},"excerpt":{"rendered":"<p>M&aacute;scaras e luvas foram encontradas sistematicamente em sete grandes rios europeus em junho, afirmou a Funda&ccedil;&atilde;o Tara, ONG que alerta sobre o perigo da contamina&ccedil;&atilde;o pl&aacute;stica relacionada &agrave; crise de sa&uacute;de. &ldquo;Os cientistas dos laborat&oacute;rios associados da Tara encontraram sistematicamente luvas e m&aacute;scaras nas margens e praias de sete rios europeus durante a coleta de mostras em junho&rdquo;, declarou &agrave; r&aacute;dio France Inter Romy Hentinger, diretora de ativismo e coopera&ccedil;&atilde;o internacional da ONG. &ldquo;&Eacute; preocupante, pois &eacute; poss&iacute;vel deduzir que outras j&aacute; chegaram ao mar&rdquo;, completou a porta-voz, antes de explicar que as m&aacute;scaras descart&aacute;veis, de polipropileno e muito finas, &#8230; <\/p>\n<p class=\"read-more-container\"><a title=\"Luvas e m\u00e1scaras da pandemia invadem os grandes rios europeus, alerta ONG\" class=\"read-more button\" href=\"https:\/\/blogdojuniorcavalcanti.com.br\/index.php\/2020\/07\/12\/luvas-e-mascaras-da-pandemia-invadem-os-grandes-rios-europeus-alerta-ong\/#more-6939\" aria-label=\"More on Luvas e m\u00e1scaras da pandemia invadem os grandes rios europeus, alerta ONG\">Leia mais<\/a><\/p>\n","protected":false},"author":2,"featured_media":0,"comment_status":"open","ping_status":"open","sticky":false,"template":"","format":"standard","meta":{"footnotes":""},"categories":[1],"tags":[],"class_list":["post-6939","post","type-post","status-publish","format-standard","hentry","category-sem-categoria"],"_links":{"self":[{"href":"https:\/\/blogdojuniorcavalcanti.com.br\/index.php\/wp-json\/wp\/v2\/posts\/6939","targetHints":{"allow":["GET"]}}],"collection":[{"href":"https:\/\/blogdojuniorcavalcanti.com.br\/index.php\/wp-json\/wp\/v2\/posts"}],"about":[{"href":"https:\/\/blogdojuniorcavalcanti.com.br\/index.php\/wp-json\/wp\/v2\/types\/post"}],"author":[{"embeddable":true,"href":"https:\/\/blogdojuniorcavalcanti.com.br\/index.php\/wp-json\/wp\/v2\/users\/2"}],"replies":[{"embeddable":true,"href":"https:\/\/blogdojuniorcavalcanti.com.br\/index.php\/wp-json\/wp\/v2\/comments?post=6939"}],"version-history":[{"count":1,"href":"https:\/\/blogdojuniorcavalcanti.com.br\/index.php\/wp-json\/wp\/v2\/posts\/6939\/revisions"}],"predecessor-version":[{"id":6940,"href":"https:\/\/blogdojuniorcavalcanti.com.br\/index.php\/wp-json\/wp\/v2\/posts\/6939\/revisions\/6940"}],"wp:attachment":[{"href":"https:\/\/blogdojuniorcavalcanti.com.br\/index.php\/wp-json\/wp\/v2\/media?parent=6939"}],"wp:term":[{"taxonomy":"category","embeddable":true,"href":"https:\/\/blogdojuniorcavalcanti.com.br\/index.php\/wp-json\/wp\/v2\/categories?post=6939"},{"taxonomy":"post_tag","embeddable":true,"href":"https:\/\/blogdojuniorcavalcanti.com.br\/index.php\/wp-json\/wp\/v2\/tags?post=6939"}],"curies":[{"name":"wp","href":"https:\/\/api.w.org\/{rel}","templated":true}]}}