{"id":6977,"date":"2020-07-14T06:37:22","date_gmt":"2020-07-14T09:37:22","guid":{"rendered":"http:\/\/blogdojuniorcavalcanti.com.br\/?p=6977"},"modified":"2020-07-14T06:37:22","modified_gmt":"2020-07-14T09:37:22","slug":"ocupacao-das-utis-em-pernambuco-volta-a-crescer","status":"publish","type":"post","link":"https:\/\/blogdojuniorcavalcanti.com.br\/index.php\/2020\/07\/14\/ocupacao-das-utis-em-pernambuco-volta-a-crescer\/","title":{"rendered":"Ocupa\u00e7\u00e3o das UTIs em Pernambuco volta a crescer"},"content":{"rendered":"<p style=\"text-align: justify;\"><span style=\"font-size: 14pt; font-family: arial, helvetica, sans-serif;\"><img fetchpriority=\"high\" decoding=\"async\" class=\"aligncenter\" src=\"https:\/\/cdn.folhape.com.br\/img\/pc\/1100\/1\/dn_arquivo\/2020\/06\/whatsapp-image-2020-06-19-at-215703-1.jpeg\" alt=\"UTIs\" width=\"507\" height=\"338\" \/>Ainda que discretamente, a taxa de ocupa\u00e7\u00e3o dos leitos de terapia intensiva (UTI) da rede de Sa\u00fade P\u00fablica de Pernambuco voltou a subir nos \u00faltimos dias. Nesta segunda-feira (13), de acordo com boletim da Secretaria Estadual de Sa\u00fade (SES-PE), 73% dos 803 leitos de alta complexidade est\u00e3o ocupados. Durante a \u00faltima semana, esse \u00edndice vinha caindo, \u00e0 medida em que novas vagas tamb\u00e9m eram criadas (foram cinco novos leitos abertos).\u00a0<\/span><\/p>\n<p style=\"text-align: justify;\"><span style=\"font-size: 14pt; font-family: arial, helvetica, sans-serif;\">No \u00faltimo dia 5, eram 796 leitos de UTI, e a ocupa\u00e7\u00e3o estava em 74%. No dia 7, j\u00e1 com 801 vagas, esse \u00edndice baixou para 70% e depois caiu para 69%, ficando estacionado durante tr\u00eas dias. Foi a primeira vez que o Estado teve ocupa\u00e7\u00e3o das UTIs direcionadas para os pacientes com quadros suspeitos ou confirmados da Covid-19 com menos de 70% de preenchimento desde o in\u00edcio de abril, quando teve in\u00edcio a fase de acelera\u00e7\u00e3o descontrolada da epidemia.\u00a0<\/span><\/p>\n<p style=\"text-align: justify;\"><span style=\"font-size: 14pt; font-family: arial, helvetica, sans-serif;\">No \u00faltimo s\u00e1bado (11), por\u00e9m, o movimento voltou a ser crescente, retornando para os 70%. Nesse\u00a0domingo (12), a ocupa\u00e7\u00e3o subiu para 72% e, agora, est\u00e1 em 73% (mesmo com o incremento de duas novas vagas \u00e0 rede).\u00a0<\/span><\/p>\n<p style=\"text-align: justify;\"><span style=\"font-size: 14pt; font-family: arial, helvetica, sans-serif;\"><strong>Novos casos\u00a0<\/strong><\/span><br \/>\n<span style=\"font-size: 14pt; font-family: arial, helvetica, sans-serif;\">A SES-PE registrou, nesta segunda, 431 novos casos positivos da doen\u00e7a no Estado, sendo 315 (73%) casos considerados leves, ou seja, pacientes que n\u00e3o demandaram internamento hospitalar e que estavam na fase final da doen\u00e7a ou j\u00e1 curados. Os outros 116 (27%) se enquadram como S\u00edndrome Respirat\u00f3ria Aguda Grave (SRAG). Agora, Pernambuco totaliza 72.901 casos j\u00e1 confirmados, sendo 21.203 graves e 51.698 leves. Foram notificados ainda mais 57 \u00f3bitos com confirma\u00e7\u00e3o laboratorial. Outros 57 \u00f3bitos com quadros suspeitos de infec\u00e7\u00e3o pelo novo coronav\u00edrus aguardam investiga\u00e7\u00e3o.\u00a0<\/span><\/p>\n<p><span style=\"font-size: 14pt; font-family: arial, helvetica, sans-serif;\"><strong>Graves<\/strong><\/span><br \/>\n<span style=\"font-size: 14pt; font-family: arial, helvetica, sans-serif;\">Pernambuco tem, no momento, 16.154 casos ativos da Covid-19, sendo 4.890 pacientes diagnosticados com SRAG associada ao novo coronav\u00edrus. Desse grupo, 387 est\u00e3o em isolamento domiciliar, enquanto 4.503 encontram-se internados &#8211; 4.160 em leitos de enfermaria e 343 em regime de terapia intensiva. Esses n\u00fameros correspondem aos pacientes com diagn\u00f3stico fechado, visto que h\u00e1 pessoas hospitalizadas com quadro suspeito e ainda aguardam exame. At\u00e9 agora, 181 dos 185 munic\u00edpios pernambucanos j\u00e1 registram pacientes graves da Covid-19, al\u00e9m do arquip\u00e9lago de Fernando de Noronha. H\u00e1 ainda ocorr\u00eancias com pacientes de outros estados ou pa\u00edses.\u00a0<\/span><\/p>\n<div class=\"dn_imagemComLegenda full\" style=\"text-align: justify;\"><span style=\"font-size: 14pt; font-family: arial, helvetica, sans-serif;\"><img decoding=\"async\" class=\"aligncenter\" src=\"https:\/\/cdn.folhape.com.br\/upload\/dn_arquivo\/2020\/07\/internados-2.jpeg\" alt=\"Interna\u00e7\u00f5es em Pernambuco no dia 13 de julho de 2020\" width=\"529\" height=\"298\" \/><\/span><\/div>\n<p style=\"text-align: justify;\"><span style=\"font-size: 14pt; font-family: arial, helvetica, sans-serif;\">Distribui\u00e7\u00e3o por munic\u00edpio dos pacientes internados na rede P\u00fablica de Sa\u00fade de Pernambuco nesta segunda-feira (13)<\/span><\/p>\n<p style=\"text-align: justify;\"><span style=\"font-size: 14pt; font-family: arial, helvetica, sans-serif;\"><strong>Curas<\/strong><\/span><br \/>\n<span style=\"font-size: 14pt; font-family: arial, helvetica, sans-serif;\">Nesta segunda-feira, foram registrados mais 245 pacientes curados, subindo para 51.095 o total de recuperados da Covid-19 no Estado. Desse grupo, 10.661 foram pessoas que manifestaram sintomas graves da doen\u00e7a, necessitando de interna\u00e7\u00e3o, enquanto 40.434 apresentaram quadros leves.\u00a0<\/span><\/p>\n<p style=\"text-align: justify;\"><span style=\"font-size: 14pt; font-family: arial, helvetica, sans-serif;\"><strong>\u00d3bitos<\/strong>\u00a0\u00a0<\/span><br \/>\n<span style=\"font-size: 14pt; font-family: arial, helvetica, sans-serif;\">As 57 mortes notificadas nesta segunda ocorreram entre os dias 7 de abril e 12 de julho e est\u00e3o distribu\u00eddas nos seguintes munic\u00edpios: Abreu e Lima (1), Agrestina (3), \u00c1gua Preta (1), Araripina (1), Barreiros (1), Bezerros (1), Bonito (1), Cabo de Santo Agostinho (3), Camaragibe (4), Caruaru (1), Gravat\u00e1 (1), Igarassu (2), Ipubi (1), Jaboat\u00e3o dos Guararapes (9), Macaparana (1), Olinda (6), Paudalho (2), Paulista (5), Recife (6), Santa Cruz do Capibaribe (3), S\u00e3o Louren\u00e7o da Mata (2), Surubim (1) e Toritama (1).\u00a0<\/span><\/p>\n<p style=\"text-align: justify;\"><span style=\"font-size: 14pt; font-family: arial, helvetica, sans-serif;\">Os pacientes (40 do sexo masculino e 17 do sexo feminino) tinham idades entre 19 e 91 anos &#8211; 10 a 19 (1), 30 a 39 (1), 40 a 49 (2), 50 a 59 (10), 60 a 69 (13), 70 a 79 (16), 80 anos ou mais (14). Das 57 v\u00edtimas, 43 apresentavam comorbidades confirmadas: hipertens\u00e3o (30), diabetes (21), doen\u00e7a cardiovascular (21), doen\u00e7a renal (6), obesidade (4), c\u00e2ncer (3), doen\u00e7a respirat\u00f3ria (2), epilepsia (1), doen\u00e7a neurol\u00f3gica (1), doen\u00e7a pulmonar (1), anorexia (1), tabagismo (1), doen\u00e7a de Parkinson (1) e imunossupress\u00e3o (1) &#8211; um paciente pode ter mais de uma comorbidade. Quatro n\u00e3o tinham comorbidades e os demais est\u00e3o em investiga\u00e7\u00e3o pelos munic\u00edpios.<\/span><\/p>\n<p><span style=\"font-size: 14pt; font-family: arial, helvetica, sans-serif;\"><strong>Profissionais\u00a0<\/strong><\/span><br \/>\n<span style=\"font-size: 14pt; font-family: arial, helvetica, sans-serif;\">At\u00e9 esta segunda-feira, 40.144 profissionais que atuam nos servi\u00e7os ligados \u00e0 Sa\u00fade foram notificados para testagem ap\u00f3s manifestarem sintomas compat\u00edveis com os da Covid-19. Desses, 17.207 receberam diagn\u00f3stico positivo para a doen\u00e7a, enquanto 22.593 tiveram resultado negativo no teste. H\u00e1 72 amostras em investiga\u00e7\u00e3o.\u00a0<\/span><\/p>\n","protected":false},"excerpt":{"rendered":"<p>Ainda que discretamente, a taxa de ocupa&ccedil;&atilde;o dos leitos de terapia intensiva (UTI) da rede de Sa&uacute;de P&uacute;blica de Pernambuco voltou a subir nos &uacute;ltimos dias. Nesta segunda-feira (13), de acordo com boletim da Secretaria Estadual de Sa&uacute;de (SES-PE), 73% dos 803 leitos de alta complexidade est&atilde;o ocupados. Durante a &uacute;ltima semana, esse &iacute;ndice vinha caindo, &agrave; medida em que novas vagas tamb&eacute;m eram criadas (foram cinco novos leitos abertos).&nbsp; No &uacute;ltimo dia 5, eram 796 leitos de UTI, e a ocupa&ccedil;&atilde;o estava em 74%. No dia 7, j&aacute; com 801 vagas, esse &iacute;ndice baixou para 70% e depois caiu &#8230; <\/p>\n<p class=\"read-more-container\"><a title=\"Ocupa\u00e7\u00e3o das UTIs em Pernambuco volta a crescer\" class=\"read-more button\" href=\"https:\/\/blogdojuniorcavalcanti.com.br\/index.php\/2020\/07\/14\/ocupacao-das-utis-em-pernambuco-volta-a-crescer\/#more-6977\" aria-label=\"More on Ocupa\u00e7\u00e3o das UTIs em Pernambuco volta a crescer\">Leia mais<\/a><\/p>\n","protected":false},"author":2,"featured_media":0,"comment_status":"open","ping_status":"open","sticky":false,"template":"","format":"standard","meta":{"footnotes":""},"categories":[1],"tags":[],"class_list":["post-6977","post","type-post","status-publish","format-standard","hentry","category-sem-categoria"],"_links":{"self":[{"href":"https:\/\/blogdojuniorcavalcanti.com.br\/index.php\/wp-json\/wp\/v2\/posts\/6977","targetHints":{"allow":["GET"]}}],"collection":[{"href":"https:\/\/blogdojuniorcavalcanti.com.br\/index.php\/wp-json\/wp\/v2\/posts"}],"about":[{"href":"https:\/\/blogdojuniorcavalcanti.com.br\/index.php\/wp-json\/wp\/v2\/types\/post"}],"author":[{"embeddable":true,"href":"https:\/\/blogdojuniorcavalcanti.com.br\/index.php\/wp-json\/wp\/v2\/users\/2"}],"replies":[{"embeddable":true,"href":"https:\/\/blogdojuniorcavalcanti.com.br\/index.php\/wp-json\/wp\/v2\/comments?post=6977"}],"version-history":[{"count":1,"href":"https:\/\/blogdojuniorcavalcanti.com.br\/index.php\/wp-json\/wp\/v2\/posts\/6977\/revisions"}],"predecessor-version":[{"id":6978,"href":"https:\/\/blogdojuniorcavalcanti.com.br\/index.php\/wp-json\/wp\/v2\/posts\/6977\/revisions\/6978"}],"wp:attachment":[{"href":"https:\/\/blogdojuniorcavalcanti.com.br\/index.php\/wp-json\/wp\/v2\/media?parent=6977"}],"wp:term":[{"taxonomy":"category","embeddable":true,"href":"https:\/\/blogdojuniorcavalcanti.com.br\/index.php\/wp-json\/wp\/v2\/categories?post=6977"},{"taxonomy":"post_tag","embeddable":true,"href":"https:\/\/blogdojuniorcavalcanti.com.br\/index.php\/wp-json\/wp\/v2\/tags?post=6977"}],"curies":[{"name":"wp","href":"https:\/\/api.w.org\/{rel}","templated":true}]}}