{"id":6990,"date":"2020-07-15T08:36:10","date_gmt":"2020-07-15T11:36:10","guid":{"rendered":"http:\/\/blogdojuniorcavalcanti.com.br\/?p=6990"},"modified":"2020-07-15T08:36:10","modified_gmt":"2020-07-15T11:36:10","slug":"sertao-do-pajeu-passa-dos-2-000-casos-confirmados-de-covid-19","status":"publish","type":"post","link":"https:\/\/blogdojuniorcavalcanti.com.br\/index.php\/2020\/07\/15\/sertao-do-pajeu-passa-dos-2-000-casos-confirmados-de-covid-19\/","title":{"rendered":"Sert\u00e3o do Paje\u00fa passa dos 2.000 casos confirmados de Covid-19"},"content":{"rendered":"<p style=\"text-align: justify;\"><span style=\"font-size: 14pt;\"><b><i><a href=\"https:\/\/i2.wp.com\/nilljunior.com.br\/wp-content\/uploads\/2020\/05\/corona-testagem.jpg?ssl=1\"><img fetchpriority=\"high\" decoding=\"async\" class=\"alignleft wp-image-176580\" src=\"https:\/\/i2.wp.com\/nilljunior.com.br\/wp-content\/uploads\/2020\/05\/corona-testagem.jpg?resize=400%2C267&amp;ssl=1\" sizes=\"(max-width: 400px) 100vw, 400px\" srcset=\"https:\/\/i2.wp.com\/nilljunior.com.br\/wp-content\/uploads\/2020\/05\/corona-testagem.jpg?w=1280&amp;ssl=1 1280w, https:\/\/i2.wp.com\/nilljunior.com.br\/wp-content\/uploads\/2020\/05\/corona-testagem.jpg?resize=150%2C100&amp;ssl=1 150w, https:\/\/i2.wp.com\/nilljunior.com.br\/wp-content\/uploads\/2020\/05\/corona-testagem.jpg?resize=300%2C200&amp;ssl=1 300w, https:\/\/i2.wp.com\/nilljunior.com.br\/wp-content\/uploads\/2020\/05\/corona-testagem.jpg?resize=768%2C512&amp;ssl=1 768w, https:\/\/i2.wp.com\/nilljunior.com.br\/wp-content\/uploads\/2020\/05\/corona-testagem.jpg?resize=600%2C400&amp;ssl=1 600w\" alt=\"\" width=\"400\" height=\"267\" data-attachment-id=\"176580\" data-permalink=\"https:\/\/nilljunior.com.br\/serra-talhada-confirma-mais-4-casos-de-covid-19\/corona-testagem\/\" data-orig-file=\"https:\/\/i2.wp.com\/nilljunior.com.br\/wp-content\/uploads\/2020\/05\/corona-testagem.jpg?fit=1280%2C853&amp;ssl=1\" data-orig-size=\"1280,853\" data-comments-opened=\"1\" data-image-meta=\"{&quot;aperture&quot;:&quot;0&quot;,&quot;credit&quot;:&quot;&quot;,&quot;camera&quot;:&quot;&quot;,&quot;caption&quot;:&quot;&quot;,&quot;created_timestamp&quot;:&quot;0&quot;,&quot;copyright&quot;:&quot;&quot;,&quot;focal_length&quot;:&quot;0&quot;,&quot;iso&quot;:&quot;0&quot;,&quot;shutter_speed&quot;:&quot;0&quot;,&quot;title&quot;:&quot;&quot;,&quot;orientation&quot;:&quot;0&quot;}\" data-image-title=\"corona-testagem\" data-image-description=\"\" data-medium-file=\"https:\/\/i2.wp.com\/nilljunior.com.br\/wp-content\/uploads\/2020\/05\/corona-testagem.jpg?fit=300%2C200&amp;ssl=1\" data-large-file=\"https:\/\/i2.wp.com\/nilljunior.com.br\/wp-content\/uploads\/2020\/05\/corona-testagem.jpg?fit=600%2C400&amp;ssl=1\" \/><\/a><span style=\"font-family: arial, helvetica, sans-serif;\">Flores registrou mais um \u00f3bito.<\/span><\/i><\/b><\/span><\/p>\n<p style=\"text-align: justify;\"><span style=\"font-size: 14pt; font-family: arial, helvetica, sans-serif;\"><b><i>Por Andr\u00e9 Luis<\/i><\/b><\/span><\/p>\n<p style=\"text-align: justify;\"><span style=\"font-size: 14pt; font-family: arial, helvetica, sans-serif;\">De acordo com os \u00faltimos boletins epidemiol\u00f3gicos divulgados nesta ter\u00e7a-feira (14.07), pelas secretarias de sa\u00fade dos munic\u00edpios do Paje\u00fa, nas \u00faltimas 24 horas, dez cidades registraram cento e quarenta e um novos casos da Covid-19, e a regi\u00e3o totaliza\u00a0<b>2.114.<\/b><\/span><\/p>\n<p style=\"text-align: justify;\"><span style=\"font-size: 14pt; font-family: arial, helvetica, sans-serif;\">Portanto, os n\u00fameros de casos confirmados no Paje\u00fa ficam assim:\u00a0<b>Serra Talhada<\/b>\u00a0continua liderando o n\u00famero de casos na regi\u00e3o e conta com 1.166 confirma\u00e7\u00f5es. Logo em seguida, com 247 casos confirmados est\u00e1\u00a0<b>Tabira<\/b>,\u00a0<b>Afogados da Ingazeira subiu para 144\u00a0<\/b>e<b>\u00a0S\u00e3o Jos\u00e9 do Egito<\/b>\u00a0est\u00e1 com 139 casos confirmados.<\/span><\/p>\n<p style=\"text-align: justify;\"><span style=\"font-size: 14pt; font-family: arial, helvetica, sans-serif;\"><b>Carna\u00edba\u00a0<\/b>est\u00e1 com 68 casos,\u00a0<b>Triunfo\u00a0<\/b>est\u00e1 com 66 casos,<b>\u00a0Flores<\/b>\u00a0est\u00e1 com 50,\u00a0<b>Calumbi<\/b>\u00a0est\u00e1 com 43,\u00a0\u00a0<b>Iguaracy<\/b>\u00a0est\u00e1 com 36,<b>\u00a0Brejinho<\/b>, e<b>\u00a0Tuparetama<\/b>\u00a0tem 32 casos cada.<\/span><\/p>\n<p style=\"text-align: justify;\"><span style=\"font-size: 14pt; font-family: arial, helvetica, sans-serif;\"><b>Itapetim<\/b>\u00a0est\u00e1 com 23 casos confirmados,\u00a0<b>Quixaba<\/b>\u00a0tem 20 casos,\u00a0<b>Santa Cruz da Baixa Verde<\/b>\u00a0tem 16,\u00a0<b>Santa Terezinha<\/b>\u00a0tem 14,\u00a0<b>Ingazeira<\/b>\u00a0est\u00e1 com 9\u00a0e\u00a0<b>Solid\u00e3o<\/b>\u00a0tem 8 casos confirmados.<\/span><\/p>\n<p style=\"text-align: justify;\"><span style=\"font-size: 14pt; font-family: arial, helvetica, sans-serif;\"><b>Mortes \u2013\u00a0<\/b>Flores registrou o quarto \u00f3bito. Um paciente de 80 anos, residente na zona rural, que se encontrava em investiga\u00e7\u00e3o no internamento da ala respirat\u00f3ria do HOSPAM. A Regi\u00e3o tem agora no\u00a0total, 55 mortes por Covid-19. At\u00e9 o momento, treze cidades registraram mortes. S\u00e3o elas: Serra Talhada 15, Triunfo 8, Carna\u00edba 6, Tabira 5, Afogados da Ingazeira e Flores tem\u00a0 4 cada, Quixaba e Iguaracy tem 3 cada, Tuparetama e S\u00e3o Jos\u00e9 do Egito tem\u00a0 2 \u00f3bitos cada, Itapetim, Calumbi e Santa Terezinha com 1 \u00f3bito cada.<\/span><\/p>\n<p style=\"text-align: justify;\"><span style=\"font-size: 14pt; font-family: arial, helvetica, sans-serif;\"><b>Recuperados \u2013<\/b>\u00a0Nas \u00faltimas 24 horas, a regi\u00e3o registrou oitenta novas curas cl\u00ednicas, totalizando 1.430 recuperados. O que corresponde a 67,64% dos casos confirmados.<\/span><\/p>\n<p style=\"text-align: justify;\"><span style=\"font-size: 14pt; font-family: arial, helvetica, sans-serif;\">O levantamento foi fechado \u00e0s 08h10 desta quarta-feira (15.07), com os dados fornecidos pelas secretarias de sa\u00fade dos munic\u00edpios.<\/span><\/p>\n","protected":false},"excerpt":{"rendered":"<p>Flores registrou mais um &oacute;bito. Por Andr&eacute; Luis De acordo com os &uacute;ltimos boletins epidemiol&oacute;gicos divulgados nesta ter&ccedil;a-feira (14.07), pelas secretarias de sa&uacute;de dos munic&iacute;pios do Paje&uacute;, nas &uacute;ltimas 24 horas, dez cidades registraram cento e quarenta e um novos casos da Covid-19, e a regi&atilde;o totaliza&nbsp;2.114. Portanto, os n&uacute;meros de casos confirmados no Paje&uacute; ficam assim:&nbsp;Serra Talhada&nbsp;continua liderando o n&uacute;mero de casos na regi&atilde;o e conta com 1.166 confirma&ccedil;&otilde;es. Logo em seguida, com 247 casos confirmados est&aacute;&nbsp;Tabira,&nbsp;Afogados da Ingazeira subiu para 144&nbsp;e&nbsp;S&atilde;o Jos&eacute; do Egito&nbsp;est&aacute; com 139 casos confirmados. Carna&iacute;ba&nbsp;est&aacute; com 68 casos,&nbsp;Triunfo&nbsp;est&aacute; com 66 casos,&nbsp;Flores&nbsp;est&aacute; com 50,&nbsp;Calumbi&nbsp;est&aacute; com &#8230; <\/p>\n<p class=\"read-more-container\"><a title=\"Sert\u00e3o do Paje\u00fa passa dos 2.000 casos confirmados de Covid-19\" class=\"read-more button\" href=\"https:\/\/blogdojuniorcavalcanti.com.br\/index.php\/2020\/07\/15\/sertao-do-pajeu-passa-dos-2-000-casos-confirmados-de-covid-19\/#more-6990\" aria-label=\"More on Sert\u00e3o do Paje\u00fa passa dos 2.000 casos confirmados de Covid-19\">Leia mais<\/a><\/p>\n","protected":false},"author":2,"featured_media":0,"comment_status":"open","ping_status":"open","sticky":false,"template":"","format":"standard","meta":{"footnotes":""},"categories":[1],"tags":[],"class_list":["post-6990","post","type-post","status-publish","format-standard","hentry","category-sem-categoria"],"_links":{"self":[{"href":"https:\/\/blogdojuniorcavalcanti.com.br\/index.php\/wp-json\/wp\/v2\/posts\/6990","targetHints":{"allow":["GET"]}}],"collection":[{"href":"https:\/\/blogdojuniorcavalcanti.com.br\/index.php\/wp-json\/wp\/v2\/posts"}],"about":[{"href":"https:\/\/blogdojuniorcavalcanti.com.br\/index.php\/wp-json\/wp\/v2\/types\/post"}],"author":[{"embeddable":true,"href":"https:\/\/blogdojuniorcavalcanti.com.br\/index.php\/wp-json\/wp\/v2\/users\/2"}],"replies":[{"embeddable":true,"href":"https:\/\/blogdojuniorcavalcanti.com.br\/index.php\/wp-json\/wp\/v2\/comments?post=6990"}],"version-history":[{"count":1,"href":"https:\/\/blogdojuniorcavalcanti.com.br\/index.php\/wp-json\/wp\/v2\/posts\/6990\/revisions"}],"predecessor-version":[{"id":6991,"href":"https:\/\/blogdojuniorcavalcanti.com.br\/index.php\/wp-json\/wp\/v2\/posts\/6990\/revisions\/6991"}],"wp:attachment":[{"href":"https:\/\/blogdojuniorcavalcanti.com.br\/index.php\/wp-json\/wp\/v2\/media?parent=6990"}],"wp:term":[{"taxonomy":"category","embeddable":true,"href":"https:\/\/blogdojuniorcavalcanti.com.br\/index.php\/wp-json\/wp\/v2\/categories?post=6990"},{"taxonomy":"post_tag","embeddable":true,"href":"https:\/\/blogdojuniorcavalcanti.com.br\/index.php\/wp-json\/wp\/v2\/tags?post=6990"}],"curies":[{"name":"wp","href":"https:\/\/api.w.org\/{rel}","templated":true}]}}