{"id":7118,"date":"2020-07-19T07:52:03","date_gmt":"2020-07-19T10:52:03","guid":{"rendered":"http:\/\/blogdojuniorcavalcanti.com.br\/?p=7118"},"modified":"2020-07-19T07:52:03","modified_gmt":"2020-07-19T10:52:03","slug":"sport-e-santa-duelam-em-classico-especial-em-varios-aspectos","status":"publish","type":"post","link":"https:\/\/blogdojuniorcavalcanti.com.br\/index.php\/2020\/07\/19\/sport-e-santa-duelam-em-classico-especial-em-varios-aspectos\/","title":{"rendered":"Sport e Santa duelam em cl\u00e1ssico especial em v\u00e1rios aspectos"},"content":{"rendered":"<p style=\"text-align: justify;\"><span style=\"font-size: 14pt; font-family: arial, helvetica, sans-serif;\"><img fetchpriority=\"high\" decoding=\"async\" class=\"aligncenter\" src=\"https:\/\/cdn.folhape.com.br\/img\/pc\/1100\/1\/dn_arquivo\/2020\/07\/hernane-anderson-stevens-pipico-rafael-melo-noticia.jpg\" alt=\"Hernane e Pipico s\u00e3o as principais armas de Sport e Santa Cruz, respectivamente\" width=\"570\" height=\"380\" \/>N\u00e3o haveria forma mais emblem\u00e1tica para o futebol pernambucano voltar \u00e0 ativa como a que ocorrer\u00e1 neste domingo, a partir das 16h, quatro meses ap\u00f3s a paralisa\u00e7\u00e3o provocada pela pandemia do novo coronav\u00edrus. Na data em que \u00e9 celebrada o Dia Nacional do Futebol, o campeonato estadual retoma para a disputa da \u00faltima e decisiva rodada da primeira fase, com cinco jogos. Um deles \u00e9 nada menos do que o duelo mais tradicional da regi\u00e3o, o Cl\u00e1ssico das Multid\u00f5es, protagonizado sem p\u00fablico por Sport e Santa Cruz pela primeira vez em 104 anos. O confronto op\u00f5e um Le\u00e3o renovado em busca da classifica\u00e7\u00e3o ao mata-mata e uma confort\u00e1vel Cobra Coral, j\u00e1 garantida nas semifinais, mas disposta a atrapalhar o caminho do rival, mandante desse embate especial e hist\u00f3rico.<\/span><\/p>\n<p style=\"text-align: justify;\"><span style=\"font-size: 14pt; font-family: arial, helvetica, sans-serif;\">O torcedor do Sport espera ver um time mais consistente em rela\u00e7\u00e3o ao que vivia altos e baixos no primeiro trimestre. Para n\u00e3o depender dos demais resultados, o Le\u00e3o entra em campo atr\u00e1s da vit\u00f3ria para confirmar a classifica\u00e7\u00e3o \u00e0s quartas de final. A expectativa \u00e9 que os rubro-negros vejam um time com mudan\u00e7as. Apesar do suspense feito pelo t\u00e9cnico Daniel Paulista, somado ao fato de que a imprensa est\u00e1 impedida de acompanhar o dia a dia da equipe &#8211; por conta das medidas preventivas contra a Covid-19 -, ao menos cinco novidades podem figurar entre os 11 que iniciar\u00e3o o cl\u00e1ssico.<\/span><\/p>\n<p style=\"text-align: justify;\"><span style=\"font-size: 14pt; font-family: arial, helvetica, sans-serif;\">Na lateral direta, o rec\u00e9m-chegado Patric deve come\u00e7ar o jogo na vaga que era de Raul Prata. Com Adryelson suspenso e Rafael Thyere se recuperando de les\u00e3o no tornozelo, Chico ganha oportunidade no time principal. Ao lado do prata da casa, outro atleta contratado recentemente inicia a partida: Iago Maidana, que chegou por empr\u00e9stimo do Atl\u00e9tico\/MG. Apesar de ficar no banco contra o Cear\u00e1, no \u00faltimo jogo antes da paralisa\u00e7\u00e3o, o zagueiro vive a expectativa de fazer sua estreia com a camisa do Sport. &#8220;Estrear com um cl\u00e1ssico \u00e9 sempre muito bom. \u00c9 um ambiente diferente, ainda mais por se tratar de um jogo importante para nossa vida na competi\u00e7\u00e3o. Agora \u00e9 o momento de mostrar o nosso valor, e conto com o apoio dos meus companheiros, pois j\u00e1 estamos se entrosando muito bem&#8221;, detalhou o defensor.<\/span><\/p>\n<p style=\"text-align: justify;\"><span style=\"font-size: 14pt; font-family: arial, helvetica, sans-serif;\">Do meio para frente, com a n\u00e3o utiliza\u00e7\u00e3o de Rithely &#8211; que negocia sua sa\u00edda da Ilha -, Jo\u00e3o Igor far\u00e1 companhia a William Farias na cabe\u00e7a de \u00e1rea rubro-negra. Na arma\u00e7\u00e3o, Jonatan Gomez sai na frente de Mugni para ser o respons\u00e1vel a municiar o ataque. Este setor, por sinal, pode ser o \u00fanico sem mudan\u00e7as para pegar o Santa Cruz. Daniel deve manter a linha de frente formada com Marquinhos, Hernane e Leandro Barcia. Para que o Sport saia com um resultado positivo de campo, os dois \u00faltimos precisar\u00e3o aparecer no cl\u00e1ssico. Ambos s\u00e3o os artilheiros do clube na temporada com quatro e tr\u00eas gols, respectivamente.\u00a0<\/span><\/p>\n<p style=\"text-align: justify;\"><span style=\"font-size: 14pt; font-family: arial, helvetica, sans-serif;\">O Santa Cruz, ao contr\u00e1rio, deve manter o time que vinha atuando antes da paralisa\u00e7\u00e3o dos jogos. O pr\u00f3prio Itamar Schulle, inclusive, j\u00e1 disse ser invi\u00e1vel grandes mudan\u00e7as na equipe no momento. No gol, at\u00e9 ent\u00e3o, Maycon Cleiton segue incontest\u00e1vel. Danny Morais e William Alves devem formar a dupla de zaga &#8211; a menos vazada ao longo do campeonato, com apenas tr\u00eas gols sofridos.<\/span><\/p>\n<p style=\"text-align: justify;\"><span style=\"font-size: 14pt; font-family: arial, helvetica, sans-serif;\">Na lateral direita, Toty \u00e9 o mais cotado, enquanto Fabiano deve assumir o posto na lateralesquerda. Na cabe\u00e7a de \u00e1rea, Andr\u00e9 e Paulinho devem ser os acionados, com Didira trabalhando pelo meio. Na linha de ataque, Schulle deve al\u00e7ar Jeremias, Pipico e Victor Rangel, mas tamb\u00e9m tem o paraguaio Derlis Alegre como op\u00e7\u00e3o. O atacante rec\u00e9m-chegado teve o seu nome publicado no Boletim Informativo Di\u00e1rio da CBF na \u00faltima sexta-feira e est\u00e1 liberado para a partida.\u00a0<\/span><\/p>\n<p style=\"text-align: justify;\"><span style=\"font-size: 14pt; font-family: arial, helvetica, sans-serif;\">Mesmo n\u00e3o precisando do resultado, o Tricolor n\u00e3o pretende aliviar para os rubro-negros. L\u00edder e capit\u00e3o do time, o zagueiro Danny Morais, por exemplo, tem tratado o confronto tamb\u00e9m como decisivo, e fez quest\u00e3o de refor\u00e7ar que a partida deve servir para marcar o rein\u00edcio dos jogos com o p\u00e9 direito para o Santa.\u00a0<\/span><\/p>\n<p style=\"text-align: justify;\"><span style=\"font-size: 14pt; font-family: arial, helvetica, sans-serif;\">\u201cPara n\u00f3s, independente do posicionamento deles na tabela, tamb\u00e9m \u00e9 um jogo decisivo. A gente joga por um bom recome\u00e7o, na retomada dessas competi\u00e7\u00f5es. Se a gente j\u00e1 est\u00e1 classificado, foi m\u00e9rito nosso. \u00c9 se ater ao que precisamos e ao que temos trabalhado para recome\u00e7ar com o p\u00e9 direito. \u00c9 um jogo muito importante para n\u00f3s e vamos encarar da mesma maneira que encaramos no in\u00edcio do ano\u201d.<\/span><\/p>\n<p style=\"text-align: justify;\"><span style=\"font-size: 14pt; font-family: arial, helvetica, sans-serif;\"><strong>Ficha t\u00e9cnica<\/strong><\/span><br \/>\n<span style=\"font-size: 14pt; font-family: arial, helvetica, sans-serif;\">Sport: Luan Polli; Patric, Iago Maidana, Chico e Sander; William Farias, Jo\u00e3o Igor e Jonatan Gomez; Marquinhos, Hernane e Leandro Barcia. T\u00e9cnico: Daniel Paulista.<\/span><\/p>\n<p style=\"text-align: justify;\"><span style=\"font-size: 14pt; font-family: arial, helvetica, sans-serif;\">Santa Cruz: Maycon Cleiton; Danny Morais, William Alves e Fabiano (C\u00e9lio Santos); Andr\u00e9, Paulinho e Didira; Jeremias (Augusto Potiguar), Pipico e Victor Rangel. T\u00e9cnico: Itamar Schulle.<\/span><\/p>\n<p style=\"text-align: justify;\"><span style=\"font-size: 14pt; font-family: arial, helvetica, sans-serif;\">Local: Ilha do Retiro (Recife)<\/span><br \/>\n<span style=\"font-size: 14pt; font-family: arial, helvetica, sans-serif;\">Hor\u00e1rio: 16h<\/span><br \/>\n<span style=\"font-size: 14pt; font-family: arial, helvetica, sans-serif;\">\u00c1rbitro: Diego Fernando\u00a0<\/span><br \/>\n<span style=\"font-size: 14pt; font-family: arial, helvetica, sans-serif;\">Assistentes: n\u00e3o foram divulgados at\u00e9 o fechamento desta mat\u00e9ria<\/span><br \/>\n<span style=\"font-size: 14pt; font-family: arial, helvetica, sans-serif;\">Transmiss\u00e3o TV: Globo, SporTV e Premiere.<\/span><\/p>\n","protected":false},"excerpt":{"rendered":"<p>N&atilde;o haveria forma mais emblem&aacute;tica para o futebol pernambucano voltar &agrave; ativa como a que ocorrer&aacute; neste domingo, a partir das 16h, quatro meses ap&oacute;s a paralisa&ccedil;&atilde;o provocada pela pandemia do novo coronav&iacute;rus. Na data em que &eacute; celebrada o Dia Nacional do Futebol, o campeonato estadual retoma para a disputa da &uacute;ltima e decisiva rodada da primeira fase, com cinco jogos. Um deles &eacute; nada menos do que o duelo mais tradicional da regi&atilde;o, o Cl&aacute;ssico das Multid&otilde;es, protagonizado sem p&uacute;blico por Sport e Santa Cruz pela primeira vez em 104 anos. O confronto op&otilde;e um Le&atilde;o renovado em &#8230; <\/p>\n<p class=\"read-more-container\"><a title=\"Sport e Santa duelam em cl\u00e1ssico especial em v\u00e1rios aspectos\" class=\"read-more button\" href=\"https:\/\/blogdojuniorcavalcanti.com.br\/index.php\/2020\/07\/19\/sport-e-santa-duelam-em-classico-especial-em-varios-aspectos\/#more-7118\" aria-label=\"More on Sport e Santa duelam em cl\u00e1ssico especial em v\u00e1rios aspectos\">Leia mais<\/a><\/p>\n","protected":false},"author":2,"featured_media":0,"comment_status":"open","ping_status":"open","sticky":false,"template":"","format":"standard","meta":{"footnotes":""},"categories":[1],"tags":[],"class_list":["post-7118","post","type-post","status-publish","format-standard","hentry","category-sem-categoria"],"_links":{"self":[{"href":"https:\/\/blogdojuniorcavalcanti.com.br\/index.php\/wp-json\/wp\/v2\/posts\/7118","targetHints":{"allow":["GET"]}}],"collection":[{"href":"https:\/\/blogdojuniorcavalcanti.com.br\/index.php\/wp-json\/wp\/v2\/posts"}],"about":[{"href":"https:\/\/blogdojuniorcavalcanti.com.br\/index.php\/wp-json\/wp\/v2\/types\/post"}],"author":[{"embeddable":true,"href":"https:\/\/blogdojuniorcavalcanti.com.br\/index.php\/wp-json\/wp\/v2\/users\/2"}],"replies":[{"embeddable":true,"href":"https:\/\/blogdojuniorcavalcanti.com.br\/index.php\/wp-json\/wp\/v2\/comments?post=7118"}],"version-history":[{"count":1,"href":"https:\/\/blogdojuniorcavalcanti.com.br\/index.php\/wp-json\/wp\/v2\/posts\/7118\/revisions"}],"predecessor-version":[{"id":7119,"href":"https:\/\/blogdojuniorcavalcanti.com.br\/index.php\/wp-json\/wp\/v2\/posts\/7118\/revisions\/7119"}],"wp:attachment":[{"href":"https:\/\/blogdojuniorcavalcanti.com.br\/index.php\/wp-json\/wp\/v2\/media?parent=7118"}],"wp:term":[{"taxonomy":"category","embeddable":true,"href":"https:\/\/blogdojuniorcavalcanti.com.br\/index.php\/wp-json\/wp\/v2\/categories?post=7118"},{"taxonomy":"post_tag","embeddable":true,"href":"https:\/\/blogdojuniorcavalcanti.com.br\/index.php\/wp-json\/wp\/v2\/tags?post=7118"}],"curies":[{"name":"wp","href":"https:\/\/api.w.org\/{rel}","templated":true}]}}