{"id":7126,"date":"2020-07-20T06:52:08","date_gmt":"2020-07-20T09:52:08","guid":{"rendered":"http:\/\/blogdojuniorcavalcanti.com.br\/?p=7126"},"modified":"2020-07-20T06:52:08","modified_gmt":"2020-07-20T09:52:08","slug":"regiao-nordeste-pico-da-curva-de-covid-19-ficou-para-tras-afirmam-especialistas","status":"publish","type":"post","link":"https:\/\/blogdojuniorcavalcanti.com.br\/index.php\/2020\/07\/20\/regiao-nordeste-pico-da-curva-de-covid-19-ficou-para-tras-afirmam-especialistas\/","title":{"rendered":"Regi\u00e3o Nordeste: pico da curva de Covid-19 ficou para tr\u00e1s, afirmam especialistas"},"content":{"rendered":"<p><img fetchpriority=\"high\" decoding=\"async\" class=\"aligncenter\" src=\"https:\/\/s3-sa-east-1.amazonaws.com\/agencia-radio-arb\/variants\/XsqRarDArzjkLVbiQ1Wc3XDt\/390daa6583bae07f008a3995decd28fae3c75fa7fef73e826dd969ce271e3cbd\" alt=\"Ag\u00eancia Brasil\" width=\"518\" height=\"332\" \/>O Nordeste do pa\u00eds v\u00ea cada vez mais longe o pico da curva de contamina\u00e7\u00e3o da Covid-19. De acordo com o Minist\u00e9rio da Sa\u00fade, a regi\u00e3o registrou queda no n\u00famero de mortes pelo novo coronav\u00edrus na compara\u00e7\u00e3o entre as duas \u00faltimas semanas epidemiol\u00f3gicas.<\/p>\n<p>Entre os especialistas, h\u00e1 um consenso: os meses mais dif\u00edceis parecem ter ficado para tr\u00e1s. \u00c9 o que explica a infectologista Melissa Medeiro. \u201cA gente tem visto que essa nossa curva passou e estamos na descendente, diferente de alguns estados que ainda est\u00e3o em curva ascendente, principalmente no Centro-Oeste e no Sul do Brasil e de outros que est\u00e3o entrando em estabiliza\u00e7\u00e3o. Enquanto a gente estava vivendo o nosso pico, o pessoal do Rio Grande do Sul tinham casos espor\u00e1dicos. Isso hoje se inverteu\u201d.<\/p>\n<p>Na \u00faltima reportagem do levantamento feito pelo Brasil 61 sobre o panorama da Covid-19 nas cinco regi\u00f5es do pa\u00eds, voc\u00ea vai ver como est\u00e1 a situa\u00e7\u00e3o epidemiol\u00f3gica em cada um dos nove estados nordestinos e as perspectivas de retomada da atividade econ\u00f4mica.<\/p>\n<h2>Cear\u00e1<\/h2>\n<p>No Cear\u00e1, o n\u00famero de \u00f3bitos caiu 31% na compara\u00e7\u00e3o entre as duas primeiras semanas do m\u00eas. De 1\u00ba a 7 de julho, o estado registrava uma m\u00e9dia di\u00e1ria de 42 v\u00edtimas pela Covid-19. No entanto, entre os dias 8 e 14, a m\u00e9dia caiu para 29. J\u00e1 o n\u00famero de casos novos por semana teve queda de 64%. Foram 664 ocorr\u00eancias nos primeiros sete dias de julho contra 235 na semana seguinte. Os dados s\u00e3o do Integra SUS, da Secretaria da Sa\u00fade do estado.<\/p>\n<p>At\u00e9 o momento, o Cear\u00e1 registra 146.064 casos confirmados da Covid-19. Ao todo, 7.166 pessoas perderam a vida pela doen\u00e7a desde o in\u00edcio da pandemia. A taxa de ocupa\u00e7\u00e3o das UTIs \u00e9 de cerca de 71%, \u00edndice bem melhor do que h\u00e1 dois meses, quando os hospitais do estado tinham fila de espera para leitos e o sistema de sa\u00fade chegou ao colapso.<\/p>\n<p>Desde junho, est\u00e1 em vigor um plano de reabertura econ\u00f4mica, que tem quatro fases. A capital, Fortaleza, j\u00e1 passou para o n\u00edvel 3, ap\u00f3s estabiliza\u00e7\u00e3o nos indicadores e se os n\u00fameros continuarem caindo, o avan\u00e7o para a pr\u00f3xima fase est\u00e1 pr\u00f3ximo, de acordo com o governador Camilo Santana. \u201cSe os indicadores continuarem como est\u00e3o, os n\u00fameros caindo, a procura assistencial diminuindo, Fortaleza entrar\u00e1 na quarta fase, mas sem aulas presenciais, cinemas, bares, academias nem shows\u201d, destacou em entrevista recente a um jornal do estado.<\/p>\n<p>Com o arrefecimento da pandemia na capital, a preocupa\u00e7\u00e3o se volta para o interior. Por causa disso, o governador Camilo Santana publicou um decreto na \u00faltima sexta-feira que mant\u00e9m medidas de distanciamento social mais r\u00edgidas para cinco munic\u00edpios, que ficam no sul do estado: Juazeiro do Norte, Iguatu, Crato, Barbalha e Brejo Santo.<\/p>\n<p>Segundo a infectologista Melissa Medeiros, o m\u00eas de maio foi o pior para o sistema de sa\u00fade cearense. Ela confirma que Fortaleza j\u00e1 passou pelo pico da Covid-19, e que a aten\u00e7\u00e3o est\u00e1 voltada para os munic\u00edpios do interior. \u201cPrincipalmente no Centro-Sul e no Cariri, a gente tem visto um aumento de casos. Eles est\u00e3o passando pelo pico agora, a onda que Fortaleza j\u00e1 viveu\u201d, avalia.<\/p>\n<p>O executivo local j\u00e1 investiu mais de meio bilh\u00e3o de reais no combate ao coronav\u00edrus. O maior gasto \u00e9 com material hospitalar: cerca de R$ 140 milh\u00f5es.<\/p>\n<h2>Maranh\u00e3o<\/h2>\n<p>Desde o come\u00e7o de junho, o estado retomou as atividades de v\u00e1rios setores do com\u00e9rcio. Medidas como uso obrigat\u00f3rio de m\u00e1scaras valem para todos os cidad\u00e3os. Eventos que causem aglomera\u00e7\u00e3o continuam proibidos, tais como shows, cinema, casos noturnas e jogo de futebol, por exemplo. O \u00faltimo decreto do governador, Fl\u00e1vio Dino, ampliou a suspens\u00e3o das aulas at\u00e9 2 de agosto.\u00a0 Apesar disso, a Secretaria de Educa\u00e7\u00e3o de S\u00e3o Lu\u00eds pretende retomar as atividades presenciais apenas em setembro.<\/p>\n<p>O estado superou os 105 mil casos de coronav\u00edrus. Desses, 2.640 morreram, segundo a Secretaria de Sa\u00fade. O Maranh\u00e3o foi o primeiro estado do pa\u00eds a decretar o bloqueio total. A capital, S\u00e3o Lu\u00eds, chegou a ter mais de 95% dos leitos de UTI ocupados no fim de maio. Hoje, \u00e9 o \u00edndice \u00e9 de 65 %. Em Imperatriz, segunda cidade mais populosa, o \u00edndice est\u00e1 em 63%. Nas demais regi\u00f5es, cerca de 45% dos leitos est\u00e3o ocupados.<\/p>\n<p>Recentemente, Dino afirmou que o Maranh\u00e3o tem \u201cum quadro de estabilidade\u201d, o que se observa nas estat\u00edsticas. De acordo com o Minist\u00e9rio da Sa\u00fade, o estado n\u00e3o teve aumento, tampouco redu\u00e7\u00e3o nas mortes na compara\u00e7\u00e3o entre as duas \u00faltimas semanas epidemiol\u00f3gicas.<\/p>\n<h2>Bahia<\/h2>\n<p>A prefeitura de Salvador e o governo do estado pretendem atuar juntos para estabelecer um protocolo de seguran\u00e7a e um cronograma da retomada da economia, afirmou ACM Neto. A expectativa \u00e9 de que a primeira fase de flexibiliza\u00e7\u00e3o para o retorno do com\u00e9rcio ocorra pr\u00f3xima semana, segundo o pr\u00f3prio prefeito soteropolitano.<\/p>\n<p>Com o avan\u00e7o da Covid-19 pelo interior do estado, diversos prefeitos de munic\u00edpios baianos decretaram toque de recolher nos \u00faltimos dias para tentar conter a dissemina\u00e7\u00e3o do v\u00edrus. Moradores de Ilh\u00e9us, Barreiras e Cansan\u00e7\u00e3o, por exemplo, est\u00e3o proibidos de circular pelas ruas entre \u00e0s 20h e \u00e0s 5h. Nessas cidades, s\u00f3 os servi\u00e7os e atividades considerados essenciais podem funcionar.<\/p>\n<p>Ao todo, o governo da Bahia j\u00e1 confirmou 118.657 casos e 2.738 \u00f3bitos por causa da Covid-19. A taxa de ocupa\u00e7\u00e3o de leitos de UTI \u00e9 de 79%, de acordo com a Secretaria de Sa\u00fade.<\/p>\n<h2>Pernambuco<\/h2>\n<p>O estado tem 77.423 casos confirmados da Covid-19 e 5.869 \u00f3bitos. De acordo com a Secretaria de Sa\u00fade local, o estado registrou queda nos principais indicadores sobre a evolu\u00e7\u00e3o da pandemia na compara\u00e7\u00e3o entre as duas \u00faltimas semanas epidemiol\u00f3gicas (n\u00ba 27 e 28\u00ba). De 28 de junho a 4 de julho, 221 pessoas morreram no estado por causa da Covid-19. J\u00e1 entre 5 e 11 de julho, foram 130 \u00f3bitos, queda de 41%.<\/p>\n<p>Gra\u00e7as \u00e0 redu\u00e7\u00e3o no n\u00famero de casos, a prefeitura de Recife desativou, nesta semana, quatro dos sete hospitais de campanha que foram constru\u00eddos para o atendimento aos pacientes com o novo coronav\u00edrus.<\/p>\n<p>Em Pernambuco, o Plano de Monitoramento e Conviv\u00eancia com a Covid-19, que estabelece a retomada da atividade econ\u00f4mica, est\u00e1 em vigor. Algumas macrorregi\u00f5es de sa\u00fade, como s\u00e3o os casos de Recife e da Zona da Mata j\u00e1 est\u00e3o na 5\u00aa etapa de retomada.<\/p>\n<p>O Agreste do estado, que passou por restri\u00e7\u00f5es mais severas nas \u00faltimas semanas gra\u00e7as \u00e0 expans\u00e3o do coronav\u00edrus, conseguiu avan\u00e7ar no plano de retomada na \u00faltima segunda-feira (13). Os munic\u00edpios da regi\u00e3o puderam reabrir o com\u00e9rcio de rua, sal\u00f5es de beleza, shoppings e as igrejas e templos religiosos.<\/p>\n<p>Ao todo, o governo j\u00e1 gastou mais de R$ 300 milh\u00f5es em a\u00e7\u00f5es de combate ao novo coronav\u00edrus.<\/p>\n<p><a href=\"https:\/\/brasil61.com\/noticias\/covid-19-da-sinais-de-desaceleracao-em-sao-paulo-rio-de-janeiro-e-espirito-santo-mas-se-aproxima-do-pico-em-minas-gerais-bras200870\"><strong>Covid-19 d\u00e1 sinais de desacelera\u00e7\u00e3o em S\u00e3o Paulo, Rio de Janeiro e Esp\u00edrito Santo, mas se aproxima do pico em Minas Gerais<\/strong><\/a><\/p>\n<p><a href=\"https:\/\/brasil61.com\/noticias\/centro-oeste-numero-de-casos-da-covid-19-mais-do-que-triplica-nos-ultimos-30-dias-bras200852\"><strong>Centro-Oeste: n\u00famero de casos da Covid-19 mais do que triplica nos \u00faltimos 30 dias<\/strong><\/a><\/p>\n<p><a href=\"https:\/\/brasil61.com\/admin\/main_contents\/regiao-nordeste-pico-da-curva-de-covid-19-ficou-para-tras-afirmam-especialistas-bras200920\/web_texts\/42404\/edit\"><strong>Covid-19 avan\u00e7a sobre estados da Regi\u00e3o Sul<\/strong><\/a><\/p>\n<h2>Para\u00edba<\/h2>\n<p>Batizado de \u201cNovo Normal Para\u00edba\u201d, o plano de retomada gradual das atividades \u00e9 balizado por indicadores como a quantidade percentual de novos casos, a letalidade (\u00f3bitos), a ocupa\u00e7\u00e3o da rede hospitalar e o percentual de isolamento social. Os 223 munic\u00edpios podem ser classificados em quatro bandeiras: vermelha, laranja, amarela e verde. Cada classifica\u00e7\u00e3o permite o funcionamento de atividades espec\u00edficas.<\/p>\n<p>De acordo com a \u00faltima atualiza\u00e7\u00e3o, a capital Jo\u00e3o Pessoa e a maioria dos munic\u00edpios do estado, por exemplo, est\u00e1 na bandeira amarela, o que lhes permite abrir o com\u00e9rcio e o funcionamento do transporte coletivo municipal. J\u00e1 as cidades de Santa Rita, Bayeux, Princesa Isabel, Matureia e Bonito de Santa F\u00e9 est\u00e3o na bandeira laranja, em que somente os servi\u00e7os essenciais podem funcionar. A boa not\u00edcia \u00e9 que nenhum munic\u00edpio do estado est\u00e1 mais classificado na bandeira vermelha.<\/p>\n<p>A flexibiliza\u00e7\u00e3o tem sido poss\u00edvel devido \u00e0 taxa de ocupa\u00e7\u00e3o dos leitos de UTI estaduais. De acordo com a Secretaria de Estado da Sa\u00fade, o \u00edndice \u00e9 de 50%.\u00a0 Al\u00e9m disso, a Para\u00edba teve 8% menos mortes por Covid-19 na compara\u00e7\u00e3o entre as duas \u00faltimas semanas epidemiol\u00f3gicas, de acordo com o Minist\u00e9rio da Sa\u00fade.<\/p>\n<p>Segundo os dados mais recentes, s\u00e3o 66.347 casos confirmados e 1.446 \u00f3bitos por causa da Covid-19. Ao todo, o executivo local gastou mais de R$ 80 milh\u00f5es para combater a pandemia.<\/p>\n<h2>Alagoas<\/h2>\n<p>Assim como os estados vizinhos, Alagoas tem apresentado tend\u00eancia de desacelera\u00e7\u00e3o da curva de contamina\u00e7\u00e3o. Dados do Minist\u00e9rio da Sa\u00fade apontam que o n\u00famero de \u00f3bitos diminuiu 8% e a quantidade de casos caiu 6% na compara\u00e7\u00e3o entre a Semana Epidemiol\u00f3gica 28 e a Semana Epidemiol\u00f3gica 27.<\/p>\n<p>At\u00e9 esta sexta-feira, s\u00e3o mais de 49 mil casos confirmados e 1.230 \u00f3bitos pelo novo coronav\u00edrus. O percentual de leitos de UTI ocupados \u00e9 de 62%, de acordo com as autoridades em sa\u00fade.<\/p>\n<p>Em Alagoas, o distanciamento social controlado ocorre em cinco fases. A capital Macei\u00f3 avan\u00e7ou para a fase amarela e pode reabrir, a partir de segunda-feira (20), shoppings, com\u00e9rcio ambulante e nas praias, al\u00e9m dos sal\u00f5es de beleza e barbearias, templos, igrejas e demais institui\u00e7\u00f5es religiosas e lojas ou estabelecimentos de rua, permitidos desde a fase anterior, a laranja. Os munic\u00edpios do interior continuam nas fases mais restritas (vermelha e laranja), de acordo com o \u00faltimo decreto do governador Renan Filho.<\/p>\n<p>Recentemente, o governador afirmou que houve melhora nos indicadores do coronav\u00edrus no interior e que as atividades nos munic\u00edpios poder\u00e3o ser flexibilizadas. &#8220;Para ser sereno e prudente eu digo que est\u00e1 muito mais perto de abrir o interior do que antes\u201d, disse.<\/p>\n<h2>Rio Grande do Norte<\/h2>\n<p>H\u00e1 pouco mais de um m\u00eas, o governo do estado admitia que o sistema de sa\u00fade havia colapsado. Os hospitais da Regi\u00e3o Metropolitana de Natal chegaram a ficar com todos os leitos de UTI ocupados. Nas \u00faltimas semanas, a rede de sa\u00fade conseguiu respirar um pouco mais. A taxa de ocupa\u00e7\u00e3o dos leitos de UTI \u00e9 de 88%, atualmente. H\u00e1 uma semana, era de 94%.<\/p>\n<p>Entre todos os estados da regi\u00e3o, o Rio Grande do Norte foi o que mais conseguiu reduzir o n\u00famero de mortes na compara\u00e7\u00e3o entre as \u00faltimas semanas epidemiol\u00f3gicas. De acordo com o Minist\u00e9rio da Sa\u00fade, a queda foi de 38%. O n\u00famero de casos tamb\u00e9m caiu: 56%. De acordo com a Secretaria de Estado da Sa\u00fade P\u00fablica, at\u00e9 esta sexta-feira (17) eram 41.424 casos confirmados e 1.532 \u00f3bitos em decorr\u00eancia da Covid-19.<\/p>\n<p>Kleber Luz, infectologista e professor na Universidade Federal do Rio Grande do Norte (UFRN), afirma que os estados nordestinos j\u00e1 passaram pelo pico da Covid-19. \u201cN\u00f3s estamos vendo agora uma redu\u00e7\u00e3o no n\u00famero de casos graves em rela\u00e7\u00e3o ao n\u00famero de leitos. Alguns hospitais, principalmente os privados, j\u00e1 come\u00e7am fechar setores que antes estavam reservados para pacientes com a Covid-19. A doen\u00e7a parece estar entrando em uma fase de conten\u00e7\u00e3o, de arrefecimento no n\u00famero de casos e, consequentemente, no n\u00famero de mortes, avalia\u201d<\/p>\n<p>H\u00e1 duas semanas, o governo lan\u00e7ou o plano de retorno \u00e0s atividades, em tr\u00eas fases. A \u00faltima delas est\u00e1 prevista para come\u00e7ar em agosto. A governadora F\u00e1tima Bezerra decidiu reabrir, primeiramente, sal\u00f5es de beleza e barbearias. Para isso, o com\u00e9rcio deve respeitar o protocolo de seguran\u00e7a, com uso de m\u00e1scara e disponibiliza\u00e7\u00e3o de \u00e1lcool em gel para funcion\u00e1rios e os clientes. Algumas cidades, como a capital Natal decidiram n\u00e3o seguir o decreto do estado e v\u00e3o flexibilizar o com\u00e9rcio de acordo com protocolos pr\u00f3prios.<\/p>\n<h2>Sergipe<\/h2>\n<p>Em Sergipe, o governo estadual deu in\u00edcio \u00e0 retomada da atividade econ\u00f4mica no dia 29 de junho. O plano prev\u00ea a reabertura gradual em tr\u00eas fases. A primeira delas \u00e9 a laranja, conhecida como \u201ccontrole\u201d. Desde o fim de junho, os sal\u00f5es de beleza, barbearias, escrit\u00f3rios, livraria e cl\u00ednicas da \u00e1rea da sa\u00fade estavam em funcionamento.<\/p>\n<p>No entanto, uma decis\u00e3o da Justi\u00e7a Federal na \u00faltima semana determinou que a flexibiliza\u00e7\u00e3o do com\u00e9rcio fosse suspensa. A ju\u00edza respons\u00e1vel pela decis\u00e3o argumentou que n\u00e3o h\u00e1 margem de seguran\u00e7a na quantidade de leitos de UTI que permita a reabertura. O avan\u00e7o, segundo ela, s\u00f3 vai poder acontecer quando a ocupa\u00e7\u00e3o for inferior a 70%.<\/p>\n<p>A rede privada chegou a ficar sem leitos na \u00faltima semana, conforme apontava o painel da Secretaria de Sa\u00fade local. Hoje, a taxa de ocupa\u00e7\u00e3o das UTIs nos hospitais particulares est\u00e1 em 94%. J\u00e1 os hospitais da rede p\u00fablica registram ocupa\u00e7\u00e3o de 81%.<\/p>\n<p>De acordo com a \u00faltima atualiza\u00e7\u00e3o, o estado tem 41.226 casos do novo coronav\u00edrus confirmados e 901 \u00f3bitos.<\/p>\n<h2>Piau\u00ed<\/h2>\n<p>Batizado de Pro-Piau\u00ed, o plano de retomada das atividades econ\u00f4micas est\u00e1 em vigor no estado. No \u00faltimo dia 6, os setores de sa\u00fade humana e animal, automotivo e da constru\u00e7\u00e3o civil puderam voltar a funcionar. No entanto, cada estabelecimento tem que tomar medidas preventivas para minimizar os riscos de contamina\u00e7\u00e3o. \u00c9 necess\u00e1rio, tamb\u00e9m, que o dono do com\u00e9rcio apresente uma estrat\u00e9gia de seguran\u00e7a sanit\u00e1ria ao governo.<\/p>\n<p>O plano de retomada tem quatro fases: 0,1, 2 e 3. Na \u00faltima delas, todas as atividades v\u00e3o ser liberadas. Atualmente, o estado est\u00e1 entre a fase 0 e a 1, com a libera\u00e7\u00e3o apenas do que \u00e9 essencial e dos setores permitidos com a reabertura gradual.<\/p>\n<p>Estado da regi\u00e3o Nordeste com menor n\u00famero de casos, o Piau\u00ed conseguiu diminuir a m\u00e9dia de \u00f3bitos na compara\u00e7\u00e3o entre as duas \u00faltimas semanas epidemiol\u00f3gicas, de acordo com o Minist\u00e9rio da Sa\u00fade. A redu\u00e7\u00e3o foi de 11%, a segunda melhor, atr\u00e1s apenas do Rio Grande do Norte.<\/p>\n<p>De acordo com o \u00faltimo boletim epidemiol\u00f3gico da Secretaria de Estado de Sa\u00fade do Piau\u00ed (SES-PI), s\u00e3o 38.568 casos confirmados. Mais de 1,6 mil pessoas morreram no estado em decorr\u00eancia da doen\u00e7a. A ocupa\u00e7\u00e3o dos leitos de UTI est\u00e1 em 69%.<\/p>\n","protected":false},"excerpt":{"rendered":"<p>O Nordeste do pa&iacute;s v&ecirc; cada vez mais longe o pico da curva de contamina&ccedil;&atilde;o da Covid-19. De acordo com o Minist&eacute;rio da Sa&uacute;de, a regi&atilde;o registrou queda no n&uacute;mero de mortes pelo novo coronav&iacute;rus na compara&ccedil;&atilde;o entre as duas &uacute;ltimas semanas epidemiol&oacute;gicas. Entre os especialistas, h&aacute; um consenso: os meses mais dif&iacute;ceis parecem ter ficado para tr&aacute;s. &Eacute; o que explica a infectologista Melissa Medeiro. &ldquo;A gente tem visto que essa nossa curva passou e estamos na descendente, diferente de alguns estados que ainda est&atilde;o em curva ascendente, principalmente no Centro-Oeste e no Sul do Brasil e de outros &#8230; <\/p>\n<p class=\"read-more-container\"><a title=\"Regi\u00e3o Nordeste: pico da curva de Covid-19 ficou para tr\u00e1s, afirmam especialistas\" class=\"read-more button\" href=\"https:\/\/blogdojuniorcavalcanti.com.br\/index.php\/2020\/07\/20\/regiao-nordeste-pico-da-curva-de-covid-19-ficou-para-tras-afirmam-especialistas\/#more-7126\" aria-label=\"More on Regi\u00e3o Nordeste: pico da curva de Covid-19 ficou para tr\u00e1s, afirmam especialistas\">Leia mais<\/a><\/p>\n","protected":false},"author":2,"featured_media":0,"comment_status":"open","ping_status":"open","sticky":false,"template":"","format":"standard","meta":{"footnotes":""},"categories":[1],"tags":[],"class_list":["post-7126","post","type-post","status-publish","format-standard","hentry","category-sem-categoria"],"_links":{"self":[{"href":"https:\/\/blogdojuniorcavalcanti.com.br\/index.php\/wp-json\/wp\/v2\/posts\/7126","targetHints":{"allow":["GET"]}}],"collection":[{"href":"https:\/\/blogdojuniorcavalcanti.com.br\/index.php\/wp-json\/wp\/v2\/posts"}],"about":[{"href":"https:\/\/blogdojuniorcavalcanti.com.br\/index.php\/wp-json\/wp\/v2\/types\/post"}],"author":[{"embeddable":true,"href":"https:\/\/blogdojuniorcavalcanti.com.br\/index.php\/wp-json\/wp\/v2\/users\/2"}],"replies":[{"embeddable":true,"href":"https:\/\/blogdojuniorcavalcanti.com.br\/index.php\/wp-json\/wp\/v2\/comments?post=7126"}],"version-history":[{"count":1,"href":"https:\/\/blogdojuniorcavalcanti.com.br\/index.php\/wp-json\/wp\/v2\/posts\/7126\/revisions"}],"predecessor-version":[{"id":7127,"href":"https:\/\/blogdojuniorcavalcanti.com.br\/index.php\/wp-json\/wp\/v2\/posts\/7126\/revisions\/7127"}],"wp:attachment":[{"href":"https:\/\/blogdojuniorcavalcanti.com.br\/index.php\/wp-json\/wp\/v2\/media?parent=7126"}],"wp:term":[{"taxonomy":"category","embeddable":true,"href":"https:\/\/blogdojuniorcavalcanti.com.br\/index.php\/wp-json\/wp\/v2\/categories?post=7126"},{"taxonomy":"post_tag","embeddable":true,"href":"https:\/\/blogdojuniorcavalcanti.com.br\/index.php\/wp-json\/wp\/v2\/tags?post=7126"}],"curies":[{"name":"wp","href":"https:\/\/api.w.org\/{rel}","templated":true}]}}