{"id":7348,"date":"2020-08-06T15:42:17","date_gmt":"2020-08-06T18:42:17","guid":{"rendered":"http:\/\/blogdojuniorcavalcanti.com.br\/?p=7348"},"modified":"2020-08-06T15:42:17","modified_gmt":"2020-08-06T18:42:17","slug":"decreto-volta-a-fechar-bares-restaurantes-e-academias-em-itapetim","status":"publish","type":"post","link":"https:\/\/blogdojuniorcavalcanti.com.br\/index.php\/2020\/08\/06\/decreto-volta-a-fechar-bares-restaurantes-e-academias-em-itapetim\/","title":{"rendered":"Decreto volta a fechar bares, restaurantes e academias em Itapetim"},"content":{"rendered":"<p style=\"text-align: justify;\"><span style=\"font-size: 14pt;\"><strong><em><a href=\"https:\/\/i1.wp.com\/nilljunior.com.br\/wp-content\/uploads\/2019\/09\/itapetim-foto-itapetim-net.jpg?ssl=1\"><img fetchpriority=\"high\" decoding=\"async\" class=\"alignleft wp-image-157936\" src=\"https:\/\/i1.wp.com\/nilljunior.com.br\/wp-content\/uploads\/2019\/09\/itapetim-foto-itapetim-net.jpg?resize=400%2C259&amp;ssl=1\" sizes=\"(max-width: 400px) 100vw, 400px\" srcset=\"https:\/\/i1.wp.com\/nilljunior.com.br\/wp-content\/uploads\/2019\/09\/itapetim-foto-itapetim-net.jpg?w=812&amp;ssl=1 812w, https:\/\/i1.wp.com\/nilljunior.com.br\/wp-content\/uploads\/2019\/09\/itapetim-foto-itapetim-net.jpg?resize=300%2C194&amp;ssl=1 300w, https:\/\/i1.wp.com\/nilljunior.com.br\/wp-content\/uploads\/2019\/09\/itapetim-foto-itapetim-net.jpg?resize=768%2C497&amp;ssl=1 768w, https:\/\/i1.wp.com\/nilljunior.com.br\/wp-content\/uploads\/2019\/09\/itapetim-foto-itapetim-net.jpg?resize=600%2C389&amp;ssl=1 600w\" alt=\"\" width=\"400\" height=\"259\" data-attachment-id=\"157936\" data-permalink=\"https:\/\/nilljunior.com.br\/homem-morto-em-delegacia-de-itapetim\/itapetim-foto-itapetim-net\/\" data-orig-file=\"https:\/\/i1.wp.com\/nilljunior.com.br\/wp-content\/uploads\/2019\/09\/itapetim-foto-itapetim-net.jpg?fit=812%2C526&amp;ssl=1\" data-orig-size=\"812,526\" data-comments-opened=\"1\" data-image-meta=\"{&quot;aperture&quot;:&quot;0&quot;,&quot;credit&quot;:&quot;&quot;,&quot;camera&quot;:&quot;&quot;,&quot;caption&quot;:&quot;&quot;,&quot;created_timestamp&quot;:&quot;0&quot;,&quot;copyright&quot;:&quot;&quot;,&quot;focal_length&quot;:&quot;0&quot;,&quot;iso&quot;:&quot;0&quot;,&quot;shutter_speed&quot;:&quot;0&quot;,&quot;title&quot;:&quot;&quot;,&quot;orientation&quot;:&quot;0&quot;}\" data-image-title=\"itapetim-foto-itapetim-net\" data-image-description=\"\" data-medium-file=\"https:\/\/i1.wp.com\/nilljunior.com.br\/wp-content\/uploads\/2019\/09\/itapetim-foto-itapetim-net.jpg?fit=300%2C194&amp;ssl=1\" data-large-file=\"https:\/\/i1.wp.com\/nilljunior.com.br\/wp-content\/uploads\/2019\/09\/itapetim-foto-itapetim-net.jpg?fit=600%2C389&amp;ssl=1\" \/><\/a><span style=\"font-family: arial, helvetica, sans-serif;\">Secretaria de Sa\u00fade constatou acelera\u00e7\u00e3o de cont\u00e1gio por Covid-19 na cidade.<\/span><\/em><\/strong><\/span><\/p>\n<p style=\"text-align: justify;\"><span style=\"font-size: 14pt; font-family: arial, helvetica, sans-serif;\">Em aten\u00e7\u00e3o necess\u00e1ria as pondera\u00e7\u00f5es e recomenda\u00e7\u00f5es do Minist\u00e9rio P\u00fablico do Estado de Pernambuco no nosso Munic\u00edpio, relacionado as \u00faltimas medidas de flexibiliza\u00e7\u00e3o das atividades econ\u00f4micas adotadas pelo Munic\u00edpio, que objetivaram reduzir os efeitos das medidas restritivas adotadas a partir do m\u00eas abril para fins de enfrentamento da Pandemia do Coronavirus, por\u00e9m considerando a atual situa\u00e7\u00e3o de acelera\u00e7\u00e3o do cont\u00e1gio constatada em nossa Cidade nos \u00faltimos dez dias, decidiu-se por proibir as atividades de bares, restaurantes, lanchonetes, pizzarias e docerias, os quais poder\u00e3o funcionar apenas pela modalidade \u201cdelivery\u201d, proibida a disponibiliza\u00e7\u00e3o de mesas e o atendimento interno.<\/span><\/p>\n<p style=\"text-align: justify;\"><span style=\"font-size: 14pt; font-family: arial, helvetica, sans-serif;\">Do mesmo modo fica proibido o funcionamento das academias e das aulas de lutas marciais.<\/span><\/p>\n<p style=\"text-align: justify;\"><span style=\"font-size: 14pt; font-family: arial, helvetica, sans-serif;\">Tal se justifica porque, segundo pesquisas supervisionadas pela Organiza\u00e7\u00e3o Mundial da Sa\u00fade, os ambientes de bares, restaurantes e academias est\u00e3o classificados na escala de alto risco de transmiss\u00e3o do Novo Coronav\u00edrus.<\/span><\/p>\n<p style=\"text-align: justify;\"><span style=\"font-size: 14pt; font-family: arial, helvetica, sans-serif;\">Por fim, esclarecemos que semanalmente ir\u00e1 ocorrer a avalia\u00e7\u00e3o objetiva dos dados da Pandemia na nossa Cidade, de modo a determinar a ado\u00e7\u00e3o de novas medidas, seja para aumentar as restri\u00e7\u00f5es, seja para flexibilizar as j\u00e1 estabelecidas.\u00a0A medida \u00e9 v\u00e1lida por 10 dias.<\/span><\/p>\n<p style=\"text-align: justify;\"><span style=\"font-size: 14pt; font-family: arial, helvetica, sans-serif;\">Segundo o MP , Portanto, os Munic\u00edpios, tecnicamente, do ponto de vista jur\u00eddico, n\u00e3o podem contrariar as medidas preventivas gerais estabelecidas pelo Estado de Pernambuco. E se contrariarem podem incorrer em crime de responsabilidade previsto no Decreto-Lei n\u00ba 201, de 27 de fevereiro de 1967 (art. 1\u00ba, inciso XIV), assim como praticar o crime de infra\u00e7\u00e3o de medida sanit\u00e1ria preventiva (C\u00f3digo Penal, art. 268), al\u00e9m de pr\u00e1tica do il\u00edcito civil de improbidade administrativa (Lei n\u00ba 8.429, de 2 de junho de 1992, art. 11, incisos I e II).<\/span><\/p>\n<p style=\"text-align: justify;\"><span style=\"font-size: 14pt; font-family: arial, helvetica, sans-serif;\">\u00c9 importante destacar que o Procurador Geral de Justi\u00e7a do Estado de Pernambuco emitiu a Recomenda\u00e7\u00e3o n\u00ba 16\/2020 \u2013 que pode ser acessada clicando aqui\u00a0 na qual, expressamente, orienta que o \u201cafrouxamento das normas de quarentena antes referidas podem ensejar as condutas penais previstas no art. 1\u00ba, XIV, do Decreto Lei 201\/67 (negar execu\u00e7\u00e3o a lei federal, estadual ou municipal, ou deixar de cumprir ordem judicial, sem dar o motivo da recusa ou da impossibilidade, por escrito, \u00e0 autoridade competente) e art. 268 do C\u00f3digo Penal (infringir determina\u00e7\u00e3o do poder p\u00fablico, destinada a impedir introdu\u00e7\u00e3o ou propaga\u00e7\u00e3o de doen\u00e7a contagiosa)\u201d.<\/span><\/p>\n","protected":false},"excerpt":{"rendered":"<p>Secretaria de Sa&uacute;de constatou acelera&ccedil;&atilde;o de cont&aacute;gio por Covid-19 na cidade. Em aten&ccedil;&atilde;o necess&aacute;ria as pondera&ccedil;&otilde;es e recomenda&ccedil;&otilde;es do Minist&eacute;rio P&uacute;blico do Estado de Pernambuco no nosso Munic&iacute;pio, relacionado as &uacute;ltimas medidas de flexibiliza&ccedil;&atilde;o das atividades econ&ocirc;micas adotadas pelo Munic&iacute;pio, que objetivaram reduzir os efeitos das medidas restritivas adotadas a partir do m&ecirc;s abril para fins de enfrentamento da Pandemia do Coronavirus, por&eacute;m considerando a atual situa&ccedil;&atilde;o de acelera&ccedil;&atilde;o do cont&aacute;gio constatada em nossa Cidade nos &uacute;ltimos dez dias, decidiu-se por proibir as atividades de bares, restaurantes, lanchonetes, pizzarias e docerias, os quais poder&atilde;o funcionar apenas pela modalidade &ldquo;delivery&rdquo;, proibida &#8230; <\/p>\n<p class=\"read-more-container\"><a title=\"Decreto volta a fechar bares, restaurantes e academias em Itapetim\" class=\"read-more button\" href=\"https:\/\/blogdojuniorcavalcanti.com.br\/index.php\/2020\/08\/06\/decreto-volta-a-fechar-bares-restaurantes-e-academias-em-itapetim\/#more-7348\" aria-label=\"More on Decreto volta a fechar bares, restaurantes e academias em Itapetim\">Leia mais<\/a><\/p>\n","protected":false},"author":2,"featured_media":0,"comment_status":"open","ping_status":"open","sticky":false,"template":"","format":"standard","meta":{"footnotes":""},"categories":[1],"tags":[],"class_list":["post-7348","post","type-post","status-publish","format-standard","hentry","category-sem-categoria"],"_links":{"self":[{"href":"https:\/\/blogdojuniorcavalcanti.com.br\/index.php\/wp-json\/wp\/v2\/posts\/7348","targetHints":{"allow":["GET"]}}],"collection":[{"href":"https:\/\/blogdojuniorcavalcanti.com.br\/index.php\/wp-json\/wp\/v2\/posts"}],"about":[{"href":"https:\/\/blogdojuniorcavalcanti.com.br\/index.php\/wp-json\/wp\/v2\/types\/post"}],"author":[{"embeddable":true,"href":"https:\/\/blogdojuniorcavalcanti.com.br\/index.php\/wp-json\/wp\/v2\/users\/2"}],"replies":[{"embeddable":true,"href":"https:\/\/blogdojuniorcavalcanti.com.br\/index.php\/wp-json\/wp\/v2\/comments?post=7348"}],"version-history":[{"count":1,"href":"https:\/\/blogdojuniorcavalcanti.com.br\/index.php\/wp-json\/wp\/v2\/posts\/7348\/revisions"}],"predecessor-version":[{"id":7350,"href":"https:\/\/blogdojuniorcavalcanti.com.br\/index.php\/wp-json\/wp\/v2\/posts\/7348\/revisions\/7350"}],"wp:attachment":[{"href":"https:\/\/blogdojuniorcavalcanti.com.br\/index.php\/wp-json\/wp\/v2\/media?parent=7348"}],"wp:term":[{"taxonomy":"category","embeddable":true,"href":"https:\/\/blogdojuniorcavalcanti.com.br\/index.php\/wp-json\/wp\/v2\/categories?post=7348"},{"taxonomy":"post_tag","embeddable":true,"href":"https:\/\/blogdojuniorcavalcanti.com.br\/index.php\/wp-json\/wp\/v2\/tags?post=7348"}],"curies":[{"name":"wp","href":"https:\/\/api.w.org\/{rel}","templated":true}]}}