{"id":7384,"date":"2020-08-11T06:33:48","date_gmt":"2020-08-11T09:33:48","guid":{"rendered":"http:\/\/blogdojuniorcavalcanti.com.br\/?p=7384"},"modified":"2020-08-11T06:33:48","modified_gmt":"2020-08-11T09:33:48","slug":"arcoverde-governistas-faltam-e-oposicao-instala-cpi-contra-madalena","status":"publish","type":"post","link":"https:\/\/blogdojuniorcavalcanti.com.br\/index.php\/2020\/08\/11\/arcoverde-governistas-faltam-e-oposicao-instala-cpi-contra-madalena\/","title":{"rendered":"Arcoverde: governistas faltam e oposi\u00e7\u00e3o instala CPI contra Madalena"},"content":{"rendered":"<p style=\"text-align: justify;\"><span style=\"font-size: 14pt;\"><img fetchpriority=\"high\" decoding=\"async\" class=\"alignleft wp-image-182358\" src=\"https:\/\/i2.wp.com\/nilljunior.com.br\/wp-content\/uploads\/2020\/08\/Sem-t%C3%ADtulo-2.png?resize=400%2C221&amp;ssl=1\" sizes=\"(max-width: 400px) 100vw, 400px\" srcset=\"https:\/\/i2.wp.com\/nilljunior.com.br\/wp-content\/uploads\/2020\/08\/Sem-t\u00edtulo-2.png?w=861&amp;ssl=1 861w, https:\/\/i2.wp.com\/nilljunior.com.br\/wp-content\/uploads\/2020\/08\/Sem-t\u00edtulo-2.png?resize=300%2C166&amp;ssl=1 300w, https:\/\/i2.wp.com\/nilljunior.com.br\/wp-content\/uploads\/2020\/08\/Sem-t\u00edtulo-2.png?resize=768%2C425&amp;ssl=1 768w, https:\/\/i2.wp.com\/nilljunior.com.br\/wp-content\/uploads\/2020\/08\/Sem-t\u00edtulo-2.png?resize=600%2C332&amp;ssl=1 600w\" alt=\"\" width=\"400\" height=\"221\" data-attachment-id=\"182358\" data-permalink=\"https:\/\/nilljunior.com.br\/arcoverde-governistas-faltam-e-oposicao-instala-cpi-contra-madalena\/sem-titulo-150\/\" data-orig-file=\"https:\/\/i2.wp.com\/nilljunior.com.br\/wp-content\/uploads\/2020\/08\/Sem-t\u00edtulo-2.png?fit=861%2C476&amp;ssl=1\" data-orig-size=\"861,476\" data-comments-opened=\"1\" data-image-meta=\"{&quot;aperture&quot;:&quot;0&quot;,&quot;credit&quot;:&quot;&quot;,&quot;camera&quot;:&quot;&quot;,&quot;caption&quot;:&quot;&quot;,&quot;created_timestamp&quot;:&quot;0&quot;,&quot;copyright&quot;:&quot;&quot;,&quot;focal_length&quot;:&quot;0&quot;,&quot;iso&quot;:&quot;0&quot;,&quot;shutter_speed&quot;:&quot;0&quot;,&quot;title&quot;:&quot;&quot;,&quot;orientation&quot;:&quot;0&quot;}\" data-image-title=\"Sem t\u00edtulo\" data-image-description=\"\" data-medium-file=\"https:\/\/i2.wp.com\/nilljunior.com.br\/wp-content\/uploads\/2020\/08\/Sem-t\u00edtulo-2.png?fit=300%2C166&amp;ssl=1\" data-large-file=\"https:\/\/i2.wp.com\/nilljunior.com.br\/wp-content\/uploads\/2020\/08\/Sem-t\u00edtulo-2.png?fit=600%2C332&amp;ssl=1\" \/><span style=\"font-family: arial, helvetica, sans-serif;\">Vereadores da bancada governista em Arcoverde, incluindo a Presidente C\u00e9lia Galindo\u00a0n\u00e3o compareceram \u00e0 sess\u00e3o da C\u00e2mara destinada a instalar a CPI que investigar\u00e1 desvios num programa social do Governo da prefeita Madalena Britto.<\/span><\/span><\/p>\n<p style=\"text-align: justify;\"><span style=\"font-size: 14pt; font-family: arial, helvetica, sans-serif;\">Assim, os cinco parlamentares da oposi\u00e7\u00e3o se encarregaram de\u00a0abrir e instalar a CPI. Coube ao vice-presidente Everaldo Lira, do PTB, presidir a sess\u00e3o e dar por criada a CPI. \u201cIndepende de qu\u00f3rum para cria\u00e7\u00e3o da Comiss\u00e3o\u201d, disse Lira\u00a0<a href=\"https:\/\/www.youtube.com\/watch?time_continue=3&amp;v=9L6wAeIXHlo&amp;feature=emb_logo\"><strong>ao YouTube de Romero Albuquerque.<\/strong><\/a><\/span><\/p>\n<p style=\"text-align: justify;\"><span style=\"font-size: 14pt; font-family: arial, helvetica, sans-serif;\">O PTB ter\u00e1 dois representantes na CPI, o vereador Heriberto do Sacol\u00e3o e\u00a0a vereadora\u00a0Zirleide Monteiro. Indicada pelo Avante, Cybele Roas, pr\u00e9-candidata a prefeita completa o n\u00famero de integrantes exigido pelo regimento interno da C\u00e2mara. C\u00e9lia Galindo chegou a dizer que daria sequ\u00eancia ao processo.<\/span><\/p>\n<p style=\"text-align: justify;\"><span style=\"font-size: 14pt; font-family: arial, helvetica, sans-serif;\">Na presid\u00eancia da CPI ficou pr\u00f3pria Cybele Roas e como relatora Zirleide Monteiro. Heriberto do Sacol\u00e3o\u00a0assume a secretaria. Faltaram \u00e0 sess\u00e3o a presidente da casa, vereadora C\u00e9lia Galindo e os vereadores Siquerinha, Jo\u00e3o Taxista, Geraldo Vaz, Luiza Margarida, todos do PSB de Madalena, e a vereadora Cleriane Medeiros, que \u00e9 filiada ao Avante.<\/span><\/p>\n","protected":false},"excerpt":{"rendered":"<p>Vereadores da bancada governista em Arcoverde, incluindo a Presidente C&eacute;lia Galindo&nbsp;n&atilde;o compareceram &agrave; sess&atilde;o da C&acirc;mara destinada a instalar a CPI que investigar&aacute; desvios num programa social do Governo da prefeita Madalena Britto. Assim, os cinco parlamentares da oposi&ccedil;&atilde;o se encarregaram de&nbsp;abrir e instalar a CPI. Coube ao vice-presidente Everaldo Lira, do PTB, presidir a sess&atilde;o e dar por criada a CPI. &ldquo;Independe de qu&oacute;rum para cria&ccedil;&atilde;o da Comiss&atilde;o&rdquo;, disse Lira&nbsp;ao YouTube de Romero Albuquerque. O PTB ter&aacute; dois representantes na CPI, o vereador Heriberto do Sacol&atilde;o e&nbsp;a vereadora&nbsp;Zirleide Monteiro. Indicada pelo Avante, Cybele Roas, pr&eacute;-candidata a prefeita completa o &#8230; <\/p>\n<p class=\"read-more-container\"><a title=\"Arcoverde: governistas faltam e oposi\u00e7\u00e3o instala CPI contra Madalena\" class=\"read-more button\" href=\"https:\/\/blogdojuniorcavalcanti.com.br\/index.php\/2020\/08\/11\/arcoverde-governistas-faltam-e-oposicao-instala-cpi-contra-madalena\/#more-7384\" aria-label=\"More on Arcoverde: governistas faltam e oposi\u00e7\u00e3o instala CPI contra Madalena\">Leia mais<\/a><\/p>\n","protected":false},"author":2,"featured_media":0,"comment_status":"open","ping_status":"open","sticky":false,"template":"","format":"standard","meta":{"footnotes":""},"categories":[1],"tags":[],"class_list":["post-7384","post","type-post","status-publish","format-standard","hentry","category-sem-categoria"],"_links":{"self":[{"href":"https:\/\/blogdojuniorcavalcanti.com.br\/index.php\/wp-json\/wp\/v2\/posts\/7384","targetHints":{"allow":["GET"]}}],"collection":[{"href":"https:\/\/blogdojuniorcavalcanti.com.br\/index.php\/wp-json\/wp\/v2\/posts"}],"about":[{"href":"https:\/\/blogdojuniorcavalcanti.com.br\/index.php\/wp-json\/wp\/v2\/types\/post"}],"author":[{"embeddable":true,"href":"https:\/\/blogdojuniorcavalcanti.com.br\/index.php\/wp-json\/wp\/v2\/users\/2"}],"replies":[{"embeddable":true,"href":"https:\/\/blogdojuniorcavalcanti.com.br\/index.php\/wp-json\/wp\/v2\/comments?post=7384"}],"version-history":[{"count":1,"href":"https:\/\/blogdojuniorcavalcanti.com.br\/index.php\/wp-json\/wp\/v2\/posts\/7384\/revisions"}],"predecessor-version":[{"id":7385,"href":"https:\/\/blogdojuniorcavalcanti.com.br\/index.php\/wp-json\/wp\/v2\/posts\/7384\/revisions\/7385"}],"wp:attachment":[{"href":"https:\/\/blogdojuniorcavalcanti.com.br\/index.php\/wp-json\/wp\/v2\/media?parent=7384"}],"wp:term":[{"taxonomy":"category","embeddable":true,"href":"https:\/\/blogdojuniorcavalcanti.com.br\/index.php\/wp-json\/wp\/v2\/categories?post=7384"},{"taxonomy":"post_tag","embeddable":true,"href":"https:\/\/blogdojuniorcavalcanti.com.br\/index.php\/wp-json\/wp\/v2\/tags?post=7384"}],"curies":[{"name":"wp","href":"https:\/\/api.w.org\/{rel}","templated":true}]}}