{"id":7519,"date":"2020-08-24T06:40:37","date_gmt":"2020-08-24T09:40:37","guid":{"rendered":"http:\/\/blogdojuniorcavalcanti.com.br\/?p=7519"},"modified":"2020-08-24T06:40:37","modified_gmt":"2020-08-24T09:40:37","slug":"em-cinco-meses-brasil-pode-ter-soro-contra-covid-19-feitos-a-partir-de-cavalos","status":"publish","type":"post","link":"https:\/\/blogdojuniorcavalcanti.com.br\/index.php\/2020\/08\/24\/em-cinco-meses-brasil-pode-ter-soro-contra-covid-19-feitos-a-partir-de-cavalos\/","title":{"rendered":"Em cinco meses Brasil pode ter soro contra Covid-19, feitos a partir de cavalos"},"content":{"rendered":"<p style=\"text-align: justify;\"><span style=\"font-size: 14pt; font-family: arial, helvetica, sans-serif;\"><img decoding=\"async\" class=\"aligncenter\" src=\"https:\/\/s3-sa-east-1.amazonaws.com\/agencia-radio-arb\/variants\/78LgAwvMkbEjH5TzvmcQ3QTF\/b6ddb1640e40bdd68db56d48e7164c4813c0819bad11420b1fe7db253f4a5ce3\" alt=\"Foto: Jennifer Murray (Pexels)\" \/>O soro produzido a partir do plasma de cavalos possui anticorpos que chegam a ter 50 vezes mais pot\u00eancia do que os produzidos pelos seres humanos contra o v\u00edrus da Covid-19. \u00c9 isso o que aponta a pesquisa realizada pela Universidade Federal do Rio de Janeiro (UFRJ) e o Instituto Vital Brazil (RJ), ao divulgar resultados promissores para o tratamento da doen\u00e7a.<\/span><\/p>\n<p><span style=\"font-size: 14pt; font-family: arial, helvetica, sans-serif;\">Em uma vis\u00e3o otimista pela produ\u00e7\u00e3o para combater a doen\u00e7a, o soro estar\u00e1 dispon\u00edvel daqui a quatro ou cinco meses. De acordo com o estudo, feito em 70 dias, os plasmas de quatro dos cinco cavalos que receberam o v\u00edrus em maio deste ano, com a prote\u00edna S recombinante do coronav\u00edrus, apresentaram anticorpos com capacidade de neutralizar o v\u00edrus com 20 a 50 vezes mais pot\u00eancia contra o SARS-CoV-2 do que os plasmas de pessoas que tiveram Covid-19.<\/span><\/p>\n<p><span style=\"font-size: 14pt; font-family: arial, helvetica, sans-serif;\"><strong><a href=\"https:\/\/brasil61.com\/noticias\/comite-discutira-medidas-para-minimizar-efeitos-da-covid-19-na-economia-do-centro-oeste-bras201381\">Comit\u00ea discutir\u00e1 medidas para minimizar efeitos da Covid-19 na economia do Centro-Oeste<\/a><\/strong><\/span><\/p>\n<p style=\"text-align: justify;\"><span style=\"font-size: 14pt; font-family: arial, helvetica, sans-serif;\"><strong><a href=\"https:\/\/brasil61.com\/noticias\/comite-discutira-medidas-para-minimizar-efeitos-da-covid-19-na-economia-do-centro-oeste-bras201381\">Prefeitos m\u00e9dicos tem melhor desempenho contra Covid-19<\/a><\/strong><\/span><\/p>\n<p><span style=\"font-size: 14pt; font-family: arial, helvetica, sans-serif;\">O trabalho foi coordenado pelo professor do Instituto de Bioqu\u00edmica M\u00e9dica da Universidade Federal do Rio de Janeiro, Jerson Lima Silva, e presidente da Funda\u00e7\u00e3o de Amparo \u00e0 Pesquisa do Estado do Rio de Janeiro (Faperj). Segundo ele, a primeira evid\u00eancia apresentada pela pesquisa \u00e9 a de que os animais com o v\u00edrus passaram a produzir uma quantidade muito alta de anticorpos e foi poss\u00edvel avaliar um aumento na dificuldade de transmiss\u00e3o. \u00a0<\/span><\/p>\n<p><span style=\"font-size: 14pt; font-family: arial, helvetica, sans-serif;\">\u201c\u00c9 importante explicar o que faz com o plasma, que n\u00e3o sai direto do cavalo. Ele sai do animal, depois \u00e9 processado, as imunoglobulinas s\u00e3o purificadas e tratadas para eliminar uma parte que possa causar qualquer rea\u00e7\u00e3o adversa. E tudo isso j\u00e1 \u00e9 um tratamento tradicional, feito desde os anos 80\u201d, detalha o processo, o pesquisador.<\/span><\/p>\n<p style=\"text-align: justify;\"><span style=\"font-size: 14pt; font-family: arial, helvetica, sans-serif;\"><img fetchpriority=\"high\" decoding=\"async\" class=\"aligncenter\" src=\"\/\/s3-sa-east-1.amazonaws.com\/agencia-radio-arb\/2708\/content_Soro-e-Vacina.png\" alt=\"\" width=\"582\" height=\"458\" \/><\/span><\/p>\n<p style=\"text-align: justify;\"><span style=\"font-size: 14pt; font-family: arial, helvetica, sans-serif;\">Para al\u00e9m disso, o professor Jerson Lima Silva explica que o r\u00e1pido desenvolvimento desse soro se d\u00e1 por conta do momento de pandemia da Covid-19, que exige um esfor\u00e7o maior por uma r\u00e1pida solu\u00e7\u00e3o, mas tamb\u00e9m, por conta da equipe envolvida. Isso se deve pela rede montada anteriormente entre pesquisadores que desenvolvem projetos para controlar arboviroses e outras doen\u00e7as &#8211; As doen\u00e7as causadas pelos chamados arbov\u00edrus, incluem o v\u00edrus da dengue, Zika, chikungunya e febre amarela.<\/span><\/p>\n<p><span style=\"font-size: 14pt; font-family: arial, helvetica, sans-serif;\">O estudo recebeu financiamento da <strong><a href=\"https:\/\/capes.gov.br\/36-noticias\/10483-brasil-tera-soro-contra-a-covid-19-a-partir-de-cavalos\">Coordena\u00e7\u00e3o de Aperfei\u00e7oamento de Pessoal (Capes)<\/a><\/strong>. Desta forma, o desenvolvimento da pesquisa brasileira incentivado por programas de p\u00f3s-gradua\u00e7\u00e3o \u00e9 uma conquista do investimento continuo na \u00e1rea, como explica o presidente da Capes, Benedito Aguiar.<\/span><\/p>\n<p><span style=\"font-size: 14pt; font-family: arial, helvetica, sans-serif;\">\u201cNo nosso pa\u00eds, 95% da pesquisa cient\u00edfica relevante \u00e9 desenvolvida no \u00e2mbito da p\u00f3s-gradua\u00e7\u00e3o. Ent\u00e3o a Capes tem um papel fundamental em apoio aos projetos de pesquisa cient\u00edfica atrelados \u00e0 essa forma\u00e7\u00e3o. A ci\u00eancia tem um papel fundamental na solu\u00e7\u00e3o dos problemas da sociedade e eu creio que as ag\u00eancias de fomento, dentre elas a Capes mas n\u00e3o s\u00f3 ela, t\u00eam um papel fundamental para que possamos vencer todas essas dificuldades\u201d, destacou Aguiar.<\/span><\/p>\n<p><span style=\"font-size: 14pt; font-family: arial, helvetica, sans-serif;\">Al\u00e9m da Funda\u00e7\u00e3o Carlos Chagas Filho de Amparo \u00e0 Pesquisa do Rio de Janeiro (Faperj), da Coordena\u00e7\u00e3o de Aperfei\u00e7oamento de Pessoal de N\u00edvel Superior (Capes), a pesquisa contou com apoio de aporte de recursos da Financiadora de Estudos e Projetos (Finep) e do <strong><a href=\"http:\/\/www.cnpq.br\/web\/guest\/noticiasviews\/-\/journal_content\/56_INSTANCE_a6MO\/10157\/10045182\">Conselho Nacional de Desenvolvimento Cient\u00edfico e Tecnol\u00f3gico (CNPq)<\/a><\/strong>.<\/span><\/p>\n<p style=\"text-align: justify;\">\n<p><span style=\"font-size: 14pt; font-family: arial, helvetica, sans-serif;\">Fonte: <a href=\"https:\/\/brasil61.com\/noticias\/em-cinco-meses-brasil-pode-ter-soro-contra-covid-19-feitos-a-partir-de-cavalos-bras201395?email=fmpanorama2010@hotmail.com&amp;utm_source=newsletter&amp;utm_medium=newsletter&amp;utm_campaign=newsletter\" target=\"_blank\" rel=\"noopener noreferrer\">Brasil 61<\/a><\/span><\/p>\n","protected":false},"excerpt":{"rendered":"<p>O soro produzido a partir do plasma de cavalos possui anticorpos que chegam a ter 50 vezes mais pot&ecirc;ncia do que os produzidos pelos seres humanos contra o v&iacute;rus da Covid-19. &Eacute; isso o que aponta a pesquisa realizada pela Universidade Federal do Rio de Janeiro (UFRJ) e o Instituto Vital Brazil (RJ), ao divulgar resultados promissores para o tratamento da doen&ccedil;a. Em uma vis&atilde;o otimista pela produ&ccedil;&atilde;o para combater a doen&ccedil;a, o soro estar&aacute; dispon&iacute;vel daqui a quatro ou cinco meses. De acordo com o estudo, feito em 70 dias, os plasmas de quatro dos cinco cavalos que receberam &#8230; <\/p>\n<p class=\"read-more-container\"><a title=\"Em cinco meses Brasil pode ter soro contra Covid-19, feitos a partir de cavalos\" class=\"read-more button\" href=\"https:\/\/blogdojuniorcavalcanti.com.br\/index.php\/2020\/08\/24\/em-cinco-meses-brasil-pode-ter-soro-contra-covid-19-feitos-a-partir-de-cavalos\/#more-7519\" aria-label=\"More on Em cinco meses Brasil pode ter soro contra Covid-19, feitos a partir de cavalos\">Leia mais<\/a><\/p>\n","protected":false},"author":2,"featured_media":0,"comment_status":"open","ping_status":"open","sticky":false,"template":"","format":"standard","meta":{"footnotes":""},"categories":[1],"tags":[],"class_list":["post-7519","post","type-post","status-publish","format-standard","hentry","category-sem-categoria"],"_links":{"self":[{"href":"https:\/\/blogdojuniorcavalcanti.com.br\/index.php\/wp-json\/wp\/v2\/posts\/7519","targetHints":{"allow":["GET"]}}],"collection":[{"href":"https:\/\/blogdojuniorcavalcanti.com.br\/index.php\/wp-json\/wp\/v2\/posts"}],"about":[{"href":"https:\/\/blogdojuniorcavalcanti.com.br\/index.php\/wp-json\/wp\/v2\/types\/post"}],"author":[{"embeddable":true,"href":"https:\/\/blogdojuniorcavalcanti.com.br\/index.php\/wp-json\/wp\/v2\/users\/2"}],"replies":[{"embeddable":true,"href":"https:\/\/blogdojuniorcavalcanti.com.br\/index.php\/wp-json\/wp\/v2\/comments?post=7519"}],"version-history":[{"count":1,"href":"https:\/\/blogdojuniorcavalcanti.com.br\/index.php\/wp-json\/wp\/v2\/posts\/7519\/revisions"}],"predecessor-version":[{"id":7520,"href":"https:\/\/blogdojuniorcavalcanti.com.br\/index.php\/wp-json\/wp\/v2\/posts\/7519\/revisions\/7520"}],"wp:attachment":[{"href":"https:\/\/blogdojuniorcavalcanti.com.br\/index.php\/wp-json\/wp\/v2\/media?parent=7519"}],"wp:term":[{"taxonomy":"category","embeddable":true,"href":"https:\/\/blogdojuniorcavalcanti.com.br\/index.php\/wp-json\/wp\/v2\/categories?post=7519"},{"taxonomy":"post_tag","embeddable":true,"href":"https:\/\/blogdojuniorcavalcanti.com.br\/index.php\/wp-json\/wp\/v2\/tags?post=7519"}],"curies":[{"name":"wp","href":"https:\/\/api.w.org\/{rel}","templated":true}]}}