{"id":7602,"date":"2020-08-28T10:57:13","date_gmt":"2020-08-28T13:57:13","guid":{"rendered":"http:\/\/blogdojuniorcavalcanti.com.br\/?p=7602"},"modified":"2020-08-28T10:57:13","modified_gmt":"2020-08-28T13:57:13","slug":"pesquisa-com-amostras-de-esgoto-constata-queda-da-covid-19-em-bh-e-contagem","status":"publish","type":"post","link":"https:\/\/blogdojuniorcavalcanti.com.br\/index.php\/2020\/08\/28\/pesquisa-com-amostras-de-esgoto-constata-queda-da-covid-19-em-bh-e-contagem\/","title":{"rendered":"Pesquisa com amostras de esgoto constata queda da Covid-19 em BH e Contagem"},"content":{"rendered":"<p style=\"text-align: justify;\"><span style=\"font-size: 14pt; font-family: arial, helvetica, sans-serif;\"><img decoding=\"async\" class=\"aligncenter\" src=\"https:\/\/s3-sa-east-1.amazonaws.com\/agencia-radio-arb\/variants\/UyZsnq7KyRcJqoSFWzCbu7bQ\/b6ddb1640e40bdd68db56d48e7164c4813c0819bad11420b1fe7db253f4a5ce3\" alt=\"Foto: Zig Koch \/ Ag\u00eancia Nacional de \u00c1guas\" \/>O \u00faltimo resultado de um<a href=\"https:\/\/www.ana.gov.br\/panorama-das-aguas\/qualidade-da-agua\/boletins-monitoramento-covid-esgotos\/boletim-de-acompanhamento-no-122020.pdf\" target=\"_blank\" rel=\"noopener noreferrer\"> estudo realizado com amostras de esgoto de Belo Horizonte e Contagem,<\/a> em Minas Gerais, concluiu que a incid\u00eancia da Covid-19 nessas cidades alcan\u00e7ou o menor patamar desde o come\u00e7o de junho. O \u00faltimo boletim de acompanhamento divulgado pelos pesquisadores, referente a semana de 10 a 14 de agosto, estima que a popula\u00e7\u00e3o infectada na capital mineira alcan\u00e7ou 170 mil pessoas.\u00a0<\/span><\/p>\n<p style=\"text-align: justify;\"><span style=\"font-size: 14pt; font-family: arial, helvetica, sans-serif;\">A redu\u00e7\u00e3o foi significativa visto que na semana de 20 a 24 de julho o levantamento estimou um total de 850 mil contaminados em Belo Horizonte, cinco vezes a mais do \u00faltimo resultado. O projeto Covid Esgotos \u00e9 uma a\u00e7\u00e3o conjunta entre a Ag\u00eancia Nacional de \u00c1guas (ANA), \u00f3rg\u00e3os do governo de Minas Gerais e pesquisadores da Universidade Federal de Minas Gerais (UFMG). A estimativa de casos da doen\u00e7a \u00e9 feita a partir da an\u00e1lise da carga viral das amostras coletadas. O estudo abrange todas as regi\u00f5es da capital e parte de Contagem.\u00a0<\/span><\/p>\n<p style=\"text-align: justify;\"><span style=\"font-size: 14pt; font-family: arial, helvetica, sans-serif;\">S\u00e9rgio Ayrimoraes, superintendente de Planejamento de Recursos H\u00eddricos da ANA, afirma que a pesquisa, que \u00e9 realizada desde abril, \u00e9 uma importante ferramenta de monitoramento de ocorr\u00eancias da Covid-19. Segundo ele, a grande maioria dos testes diagn\u00f3sticos do governo s\u00e3o realizados apenas com pacientes sintom\u00e1ticos e o estudo consegue estimar todas as formas de infec\u00e7\u00e3o da doen\u00e7a.<\/span><\/p>\n<p style=\"text-align: justify;\"><span style=\"font-size: 14pt; font-family: arial, helvetica, sans-serif;\">\u201cCom essa metodologia, baseada no material gen\u00e9tico dos v\u00edrus encontrados nos esgotos, \u00e9 poss\u00edvel estimar tanto o n\u00famero de casos dos portadores sintom\u00e1ticos como os que s\u00e3o assintom\u00e1ticos\u201d, explica Ayrimoraes.\u00a0<\/span><\/p>\n<p style=\"text-align: justify;\"><span style=\"font-size: 14pt; font-family: arial, helvetica, sans-serif;\">Em Contagem, os resultados encontrados tamb\u00e9m foram satisfat\u00f3rios. No munic\u00edpio, os registros do novo coronav\u00edrus ca\u00edram de 80 mil, na semana de 27 a 31 de julho, para 40 mil, no per\u00edodo entre 10 e 14 de agosto. Os pesquisadores \u00e0 frente do estudo afirmam que o monitoramento \u00e9 um m\u00e9todo eficaz, capaz de auxiliar os gestores p\u00fablicos na implementa\u00e7\u00e3o de pol\u00edticas p\u00fablicas no enfrentamento ao novo coronav\u00edrus. Segundo eles, os resultados encontrados t\u00eam coincidido com a curva epidemiol\u00f3gica dos casos oficiais da doen\u00e7a.\u00a0<\/span><\/p>\n<p style=\"text-align: justify;\"><span style=\"font-size: 14pt; font-family: arial, helvetica, sans-serif;\">Na \u00faltima quarta-feira (26),<a href=\"http:\/\/coronavirus.saude.mg.gov.br\/images\/boletim\/08-agosto\/26.08_Boletim-Epidemiologico_COVID-19_.pdf\" target=\"_blank\" rel=\"noopener noreferrer\"> o estado de Minas Gerais alcan\u00e7ou o patamar de 201.973 de infectados e 4.948 \u00f3bitos pela Covid-19.<\/a> Apesar da alta incid\u00eancia, Marcelo Cabral, subsecret\u00e1rio-adjunto de Sa\u00fade do estado, alega que os casos v\u00eam caindo, mas alerta para que a popula\u00e7\u00e3o n\u00e3o relaxe em rela\u00e7\u00e3o ao distanciamento social.<\/span><\/p>\n<p style=\"text-align: justify;\"><span style=\"font-size: 14pt; font-family: arial, helvetica, sans-serif;\">\u201cEstamos vendo uma melhoria, mas \u00e9 importante insistir neste momento que as pessoas n\u00e3o relaxem e n\u00e3o percam a cautela em rela\u00e7\u00e3o ao distanciamento social, \u00e0 utiliza\u00e7\u00e3o de m\u00e1scaras e a higiene\u201d, defende.\u00a0<\/span><\/p>\n<p style=\"text-align: justify;\"><span style=\"font-size: 14pt; font-family: arial, helvetica, sans-serif;\"><strong><a href=\"https:\/\/brasil61.com\/noticias\/analises-de-amostras-de-esgoto-auxiliam-gestores-no-enfrentamento-a-covid-19-bras201324\" target=\"_blank\" rel=\"noopener noreferrer\">An\u00e1lises de amostras de esgoto auxiliam gestores no enfrentamento \u00e0 Covid-19<\/a><\/strong><\/span><\/p>\n<p style=\"text-align: justify;\"><span style=\"font-size: 14pt; font-family: arial, helvetica, sans-serif;\"><strong><a href=\"https:\/\/brasil61.com\/noticias\/governo-lanca-estrategia-para-cuidados-com-a-saude-mental-durante-a-pandemia-bras201489\" target=\"_blank\" rel=\"noopener noreferrer\">MS lan\u00e7a estrat\u00e9gia para cuidados com a sa\u00fade mental durante a pandemia<\/a><\/strong><\/span><\/p>\n<h2 style=\"text-align: justify;\"><span style=\"font-size: 14pt; font-family: arial, helvetica, sans-serif;\">Dados oficiais<\/span><\/h2>\n<p style=\"text-align: justify;\"><span style=\"font-size: 14pt; font-family: arial, helvetica, sans-serif;\">Os dados oficiais divulgados pelo governo de Minas Gerais colocam Belo Horizonte e Contagem como os munic\u00edpios mineiros no primeiro e quarto lugar, respectivamente, das cidades do estado com a maior quantidade de casos do novo coronav\u00edrus, com 31.840 e 6.725 registros. O n\u00famero est\u00e1 bem abaixo do encontrado na pesquisa Covid Esgotos, o que sugere que a incid\u00eancia da doen\u00e7a \u00e9 bastante superior aos dados oficiais.\u00a0<\/span><\/p>\n<p style=\"text-align: justify;\">\n<p><span style=\"font-size: 14pt; font-family: arial, helvetica, sans-serif;\">Fonte: <a href=\"https:\/\/brasil61.com\/noticias\/pesquisa-com-amostras-de-esgoto-constata-queda-da-covid-19-em-bh-e-contagem-bras201554?email=fmpanorama2010@hotmail.com&amp;utm_source=newsletter&amp;utm_medium=newsletter&amp;utm_campaign=newsletter\" target=\"_blank\" rel=\"noopener noreferrer\">Brasil 61<\/a><\/span><\/p>\n","protected":false},"excerpt":{"rendered":"<p>O &uacute;ltimo resultado de um estudo realizado com amostras de esgoto de Belo Horizonte e Contagem, em Minas Gerais, concluiu que a incid&ecirc;ncia da Covid-19 nessas cidades alcan&ccedil;ou o menor patamar desde o come&ccedil;o de junho. O &uacute;ltimo boletim de acompanhamento divulgado pelos pesquisadores, referente a semana de 10 a 14 de agosto, estima que a popula&ccedil;&atilde;o infectada na capital mineira alcan&ccedil;ou 170 mil pessoas.&nbsp; A redu&ccedil;&atilde;o foi significativa visto que na semana de 20 a 24 de julho o levantamento estimou um total de 850 mil contaminados em Belo Horizonte, cinco vezes a mais do &uacute;ltimo resultado. O projeto &#8230; <\/p>\n<p class=\"read-more-container\"><a title=\"Pesquisa com amostras de esgoto constata queda da Covid-19 em BH e Contagem\" class=\"read-more button\" href=\"https:\/\/blogdojuniorcavalcanti.com.br\/index.php\/2020\/08\/28\/pesquisa-com-amostras-de-esgoto-constata-queda-da-covid-19-em-bh-e-contagem\/#more-7602\" aria-label=\"More on Pesquisa com amostras de esgoto constata queda da Covid-19 em BH e Contagem\">Leia mais<\/a><\/p>\n","protected":false},"author":2,"featured_media":0,"comment_status":"open","ping_status":"open","sticky":false,"template":"","format":"standard","meta":{"footnotes":""},"categories":[1],"tags":[],"class_list":["post-7602","post","type-post","status-publish","format-standard","hentry","category-sem-categoria"],"_links":{"self":[{"href":"https:\/\/blogdojuniorcavalcanti.com.br\/index.php\/wp-json\/wp\/v2\/posts\/7602","targetHints":{"allow":["GET"]}}],"collection":[{"href":"https:\/\/blogdojuniorcavalcanti.com.br\/index.php\/wp-json\/wp\/v2\/posts"}],"about":[{"href":"https:\/\/blogdojuniorcavalcanti.com.br\/index.php\/wp-json\/wp\/v2\/types\/post"}],"author":[{"embeddable":true,"href":"https:\/\/blogdojuniorcavalcanti.com.br\/index.php\/wp-json\/wp\/v2\/users\/2"}],"replies":[{"embeddable":true,"href":"https:\/\/blogdojuniorcavalcanti.com.br\/index.php\/wp-json\/wp\/v2\/comments?post=7602"}],"version-history":[{"count":1,"href":"https:\/\/blogdojuniorcavalcanti.com.br\/index.php\/wp-json\/wp\/v2\/posts\/7602\/revisions"}],"predecessor-version":[{"id":7603,"href":"https:\/\/blogdojuniorcavalcanti.com.br\/index.php\/wp-json\/wp\/v2\/posts\/7602\/revisions\/7603"}],"wp:attachment":[{"href":"https:\/\/blogdojuniorcavalcanti.com.br\/index.php\/wp-json\/wp\/v2\/media?parent=7602"}],"wp:term":[{"taxonomy":"category","embeddable":true,"href":"https:\/\/blogdojuniorcavalcanti.com.br\/index.php\/wp-json\/wp\/v2\/categories?post=7602"},{"taxonomy":"post_tag","embeddable":true,"href":"https:\/\/blogdojuniorcavalcanti.com.br\/index.php\/wp-json\/wp\/v2\/tags?post=7602"}],"curies":[{"name":"wp","href":"https:\/\/api.w.org\/{rel}","templated":true}]}}