{"id":7789,"date":"2020-09-10T14:51:30","date_gmt":"2020-09-10T17:51:30","guid":{"rendered":"http:\/\/blogdojuniorcavalcanti.com.br\/?p=7789"},"modified":"2020-09-10T14:51:30","modified_gmt":"2020-09-10T17:51:30","slug":"pernambuco-registra-1-040-novos-casos-e-28-obitos-por-covid-19","status":"publish","type":"post","link":"https:\/\/blogdojuniorcavalcanti.com.br\/index.php\/2020\/09\/10\/pernambuco-registra-1-040-novos-casos-e-28-obitos-por-covid-19\/","title":{"rendered":"Pernambuco registra 1.040 novos casos e 28 \u00f3bitos por Covid-19"},"content":{"rendered":"<p style=\"text-align: justify;\"><span style=\"font-size: 14pt;\"><img fetchpriority=\"high\" decoding=\"async\" class=\"alignleft wp-image-181030\" src=\"https:\/\/i1.wp.com\/nilljunior.com.br\/wp-content\/uploads\/2020\/07\/pesquisa-corona.jpeg?resize=400%2C257&amp;ssl=1\" sizes=\"(max-width: 400px) 100vw, 400px\" srcset=\"https:\/\/i1.wp.com\/nilljunior.com.br\/wp-content\/uploads\/2020\/07\/pesquisa-corona.jpeg?resize=600%2C386&amp;ssl=1 600w, https:\/\/i1.wp.com\/nilljunior.com.br\/wp-content\/uploads\/2020\/07\/pesquisa-corona.jpeg?resize=300%2C193&amp;ssl=1 300w, https:\/\/i1.wp.com\/nilljunior.com.br\/wp-content\/uploads\/2020\/07\/pesquisa-corona.jpeg?w=700&amp;ssl=1 700w\" alt=\"\" width=\"400\" height=\"257\" data-attachment-id=\"181030\" data-permalink=\"https:\/\/nilljunior.com.br\/pesquisa-indica-que-recife-e-belem-alcancaram-curva-epidemica-da-covid-19\/pesquisa-corona\/\" data-orig-file=\"https:\/\/i1.wp.com\/nilljunior.com.br\/wp-content\/uploads\/2020\/07\/pesquisa-corona.jpeg?fit=700%2C450&amp;ssl=1\" data-orig-size=\"700,450\" data-comments-opened=\"1\" data-image-meta=\"{&quot;aperture&quot;:&quot;0&quot;,&quot;credit&quot;:&quot;&quot;,&quot;camera&quot;:&quot;&quot;,&quot;caption&quot;:&quot;&quot;,&quot;created_timestamp&quot;:&quot;0&quot;,&quot;copyright&quot;:&quot;&quot;,&quot;focal_length&quot;:&quot;0&quot;,&quot;iso&quot;:&quot;0&quot;,&quot;shutter_speed&quot;:&quot;0&quot;,&quot;title&quot;:&quot;&quot;,&quot;orientation&quot;:&quot;0&quot;}\" data-image-title=\"pesquisa-corona\" data-image-description=\"\" data-medium-file=\"https:\/\/i1.wp.com\/nilljunior.com.br\/wp-content\/uploads\/2020\/07\/pesquisa-corona.jpeg?fit=300%2C193&amp;ssl=1\" data-large-file=\"https:\/\/i1.wp.com\/nilljunior.com.br\/wp-content\/uploads\/2020\/07\/pesquisa-corona.jpeg?fit=600%2C386&amp;ssl=1\" \/><span style=\"font-family: arial, helvetica, sans-serif;\">A Secretaria Estadual de Sa\u00fade (SES-PE) registrou, nesta quinta-feira (10), 1.040 novos casos da Covid-19. Entre os confirmados hoje, 33 s\u00e3o casos de S\u00edndrome Respirat\u00f3ria Aguda Grave (SRAG) e os outros 1.007 s\u00e3o leves, ou seja, pacientes que n\u00e3o demandaram internamento hospitalar.<\/span><\/span><\/p>\n<p style=\"text-align: justify;\"><span style=\"font-size: 14pt; font-family: arial, helvetica, sans-serif;\">Agora, Pernambuco totaliza 134.619 casos confirmados, sendo 25.691 graves e 108.928 leves.<\/span><\/p>\n<p style=\"text-align: justify;\"><span style=\"font-size: 14pt; font-family: arial, helvetica, sans-serif;\">Tamb\u00e9m foram confirmados 28 \u00f3bitos, ocorridos desde o dia 22 de abril. Do total de mortes do informe de hoje, 10 ocorreram nos \u00faltimos tr\u00eas dias, sendo 2 registradas nesta quarta(09\/09), 3 em 08\/09 e 5 em 07\/09. Os outros 18 registros ocorreram entre os dias 22\/04 e 06\/09.<\/span><\/p>\n<p style=\"text-align: justify;\"><span style=\"font-size: 14pt; font-family: arial, helvetica, sans-serif;\">Com isso, o Estado totaliza 7.792 \u00f3bitos pela Covid-19. Os detalhes epidemiol\u00f3gicos ser\u00e3o repassados ao longo do dia pela Secretaria Estadual de Sa\u00fade.<\/span><\/p>\n","protected":false},"excerpt":{"rendered":"<p>A Secretaria Estadual de Sa&uacute;de (SES-PE) registrou, nesta quinta-feira (10), 1.040 novos casos da Covid-19. Entre os confirmados hoje, 33 s&atilde;o casos de S&iacute;ndrome Respirat&oacute;ria Aguda Grave (SRAG) e os outros 1.007 s&atilde;o leves, ou seja, pacientes que n&atilde;o demandaram internamento hospitalar. Agora, Pernambuco totaliza 134.619 casos confirmados, sendo 25.691 graves e 108.928 leves. Tamb&eacute;m foram confirmados 28 &oacute;bitos, ocorridos desde o dia 22 de abril. Do total de mortes do informe de hoje, 10 ocorreram nos &uacute;ltimos tr&ecirc;s dias, sendo 2 registradas nesta quarta(09\/09), 3 em 08\/09 e 5 em 07\/09. Os outros 18 registros ocorreram entre os dias &#8230; <\/p>\n<p class=\"read-more-container\"><a title=\"Pernambuco registra 1.040 novos casos e 28 \u00f3bitos por Covid-19\" class=\"read-more button\" href=\"https:\/\/blogdojuniorcavalcanti.com.br\/index.php\/2020\/09\/10\/pernambuco-registra-1-040-novos-casos-e-28-obitos-por-covid-19\/#more-7789\" aria-label=\"More on Pernambuco registra 1.040 novos casos e 28 \u00f3bitos por Covid-19\">Leia mais<\/a><\/p>\n","protected":false},"author":2,"featured_media":0,"comment_status":"open","ping_status":"open","sticky":false,"template":"","format":"standard","meta":{"footnotes":""},"categories":[1],"tags":[],"class_list":["post-7789","post","type-post","status-publish","format-standard","hentry","category-sem-categoria"],"_links":{"self":[{"href":"https:\/\/blogdojuniorcavalcanti.com.br\/index.php\/wp-json\/wp\/v2\/posts\/7789","targetHints":{"allow":["GET"]}}],"collection":[{"href":"https:\/\/blogdojuniorcavalcanti.com.br\/index.php\/wp-json\/wp\/v2\/posts"}],"about":[{"href":"https:\/\/blogdojuniorcavalcanti.com.br\/index.php\/wp-json\/wp\/v2\/types\/post"}],"author":[{"embeddable":true,"href":"https:\/\/blogdojuniorcavalcanti.com.br\/index.php\/wp-json\/wp\/v2\/users\/2"}],"replies":[{"embeddable":true,"href":"https:\/\/blogdojuniorcavalcanti.com.br\/index.php\/wp-json\/wp\/v2\/comments?post=7789"}],"version-history":[{"count":1,"href":"https:\/\/blogdojuniorcavalcanti.com.br\/index.php\/wp-json\/wp\/v2\/posts\/7789\/revisions"}],"predecessor-version":[{"id":7790,"href":"https:\/\/blogdojuniorcavalcanti.com.br\/index.php\/wp-json\/wp\/v2\/posts\/7789\/revisions\/7790"}],"wp:attachment":[{"href":"https:\/\/blogdojuniorcavalcanti.com.br\/index.php\/wp-json\/wp\/v2\/media?parent=7789"}],"wp:term":[{"taxonomy":"category","embeddable":true,"href":"https:\/\/blogdojuniorcavalcanti.com.br\/index.php\/wp-json\/wp\/v2\/categories?post=7789"},{"taxonomy":"post_tag","embeddable":true,"href":"https:\/\/blogdojuniorcavalcanti.com.br\/index.php\/wp-json\/wp\/v2\/tags?post=7789"}],"curies":[{"name":"wp","href":"https:\/\/api.w.org\/{rel}","templated":true}]}}