{"id":7872,"date":"2020-09-18T06:25:42","date_gmt":"2020-09-18T09:25:42","guid":{"rendered":"http:\/\/blogdojuniorcavalcanti.com.br\/?p=7872"},"modified":"2020-09-18T06:25:42","modified_gmt":"2020-09-18T09:25:42","slug":"prazo-para-apresentacao-de-plano-para-fim-de-lixoes-nos-municipios-encerra-no-final-do-ano-e-prefeitos-devem-ficar-atentos","status":"publish","type":"post","link":"https:\/\/blogdojuniorcavalcanti.com.br\/index.php\/2020\/09\/18\/prazo-para-apresentacao-de-plano-para-fim-de-lixoes-nos-municipios-encerra-no-final-do-ano-e-prefeitos-devem-ficar-atentos\/","title":{"rendered":"Prazo para apresenta\u00e7\u00e3o de plano para fim de lix\u00f5es nos munic\u00edpios encerra no final do ano e prefeitos devem ficar atentos"},"content":{"rendered":"<p style=\"text-align: justify;\"><span style=\"font-size: 14pt; font-family: arial, helvetica, sans-serif;\"><img decoding=\"async\" class=\"aligncenter\" src=\"https:\/\/s3-sa-east-1.amazonaws.com\/agencia-radio-arb\/variants\/NMx9M4p6J98iaiAfDFszVqWt\/b6ddb1640e40bdd68db56d48e7164c4813c0819bad11420b1fe7db253f4a5ce3\" alt=\"Foto: Andre Borges\/Ag\u00eancia Bras\u00edlia\" \/>Com a publica\u00e7\u00e3o do Novo Marco Legal do Saneamento, associa\u00e7\u00f5es de munic\u00edpios est\u00e3o alertando os gestores municipais sobre os prazos para que sejam feitas as adapta\u00e7\u00f5es contidas na lei. De acordo com as novas regras, todos os munic\u00edpios devem apresentar at\u00e9 o final de 2020 um documento detalhando como pretendem acabar com os lix\u00f5es a c\u00e9u aberto. Al\u00e9m disso, capitais e regi\u00f5es metropolitanas t\u00eam at\u00e9 agosto do ano que vem para substituir os dep\u00f3sitos de lixo por aterros sanit\u00e1rios.\u00a0<\/span><\/p>\n<p style=\"text-align: justify;\"><span style=\"font-size: 14pt; font-family: arial, helvetica, sans-serif;\"><a href=\"https:\/\/brasil61.com\/noticias\/saiba-porque-a-questao-de-saneamento-basico-e-tao-importante-ao-brasil-bras200224\">Saiba porque a quest\u00e3o de saneamento b\u00e1sico \u00e9 t\u00e3o importante ao Brasil<\/a><\/span><\/p>\n<p style=\"text-align: justify;\"><span style=\"font-size: 14pt; font-family: arial, helvetica, sans-serif;\"><a href=\"https:\/\/brasil61.com\/noticias\/saneamento-basico-2033-e-uma-data-muito-otimista-afirma-presidente-do-trata-brasil-sobre-universalizacao-dos-servicos-de-agua-e-esgoto-bras200763\">Saneamento b\u00e1sico: \u201c2033 \u00e9 uma data muito otimista\u201d, afirma presidente do Trata Brasil sobre universaliza\u00e7\u00e3o dos servi\u00e7os de \u00e1gua e esgoto<\/a><\/span><\/p>\n<p style=\"text-align: justify;\"><span style=\"font-size: 14pt; font-family: arial, helvetica, sans-serif;\">A<a href=\"https:\/\/famep.org.br\/\"> Federa\u00e7\u00e3o das Associa\u00e7\u00f5es de Munic\u00edpios do Estado do Par\u00e1 (FAMEP) <\/a>alerta que alguns munic\u00edpios ainda n\u00e3o regulamentaram o que s\u00e3o os grandes geradores de lixo e por isso as empresas n\u00e3o est\u00e3o sendo cobradas pelos Planos de Gerenciamento de Res\u00edduos S\u00f3lidos (PGRS). A entidade ressalta que cobrar o documento \u00e9 tarefa dos munic\u00edpios, que tamb\u00e9m devem fiscalizar coleta de res\u00edduos, limpeza urbana, transportadores, destina\u00e7\u00e3o adequada e da log\u00edstica reversa.<\/span><\/p>\n<p style=\"text-align: justify;\"><span style=\"font-size: 14pt; font-family: arial, helvetica, sans-serif;\">Os gestores locais tamb\u00e9m s\u00e3o respons\u00e1veis por cobrar a taxa de coleta de res\u00edduos e de limpeza urbana dos contribuintes, e por isso precisam adequar o c\u00f3digo tribut\u00e1rio para poderem realizar os servi\u00e7os.<\/span><\/p>\n<p style=\"text-align: justify;\">\n<p><span style=\"font-size: 14pt; font-family: arial, helvetica, sans-serif;\">Fonte: <a href=\"https:\/\/brasil61.com\/noticias\/prazo-para-apresentacao-de-plano-para-fim-de-lixoes-nos-municipios-encerra-no-final-do-ano-e-prefeitos-devem-ficar-atentos-bras201870?email=fmpanorama2010@hotmail.com&amp;utm_source=newsletter&amp;utm_medium=newsletter&amp;utm_campaign=newsletter\" target=\"_blank\" rel=\"noopener noreferrer\">Brasil 61<\/a><\/span><\/p>\n","protected":false},"excerpt":{"rendered":"<p>Com a publica&ccedil;&atilde;o do Novo Marco Legal do Saneamento, associa&ccedil;&otilde;es de munic&iacute;pios est&atilde;o alertando os gestores municipais sobre os prazos para que sejam feitas as adapta&ccedil;&otilde;es contidas na lei. De acordo com as novas regras, todos os munic&iacute;pios devem apresentar at&eacute; o final de 2020 um documento detalhando como pretendem acabar com os lix&otilde;es a c&eacute;u aberto. Al&eacute;m disso, capitais e regi&otilde;es metropolitanas t&ecirc;m at&eacute; agosto do ano que vem para substituir os dep&oacute;sitos de lixo por aterros sanit&aacute;rios.&nbsp; Saiba porque a quest&atilde;o de saneamento b&aacute;sico &eacute; t&atilde;o importante ao Brasil Saneamento b&aacute;sico: &ldquo;2033 &eacute; uma data muito otimista&rdquo;, afirma &#8230; <\/p>\n<p class=\"read-more-container\"><a title=\"Prazo para apresenta\u00e7\u00e3o de plano para fim de lix\u00f5es nos munic\u00edpios encerra no final do ano e prefeitos devem ficar atentos\" class=\"read-more button\" href=\"https:\/\/blogdojuniorcavalcanti.com.br\/index.php\/2020\/09\/18\/prazo-para-apresentacao-de-plano-para-fim-de-lixoes-nos-municipios-encerra-no-final-do-ano-e-prefeitos-devem-ficar-atentos\/#more-7872\" aria-label=\"More on Prazo para apresenta\u00e7\u00e3o de plano para fim de lix\u00f5es nos munic\u00edpios encerra no final do ano e prefeitos devem ficar atentos\">Leia mais<\/a><\/p>\n","protected":false},"author":2,"featured_media":0,"comment_status":"open","ping_status":"open","sticky":false,"template":"","format":"standard","meta":{"footnotes":""},"categories":[1],"tags":[],"class_list":["post-7872","post","type-post","status-publish","format-standard","hentry","category-sem-categoria"],"_links":{"self":[{"href":"https:\/\/blogdojuniorcavalcanti.com.br\/index.php\/wp-json\/wp\/v2\/posts\/7872","targetHints":{"allow":["GET"]}}],"collection":[{"href":"https:\/\/blogdojuniorcavalcanti.com.br\/index.php\/wp-json\/wp\/v2\/posts"}],"about":[{"href":"https:\/\/blogdojuniorcavalcanti.com.br\/index.php\/wp-json\/wp\/v2\/types\/post"}],"author":[{"embeddable":true,"href":"https:\/\/blogdojuniorcavalcanti.com.br\/index.php\/wp-json\/wp\/v2\/users\/2"}],"replies":[{"embeddable":true,"href":"https:\/\/blogdojuniorcavalcanti.com.br\/index.php\/wp-json\/wp\/v2\/comments?post=7872"}],"version-history":[{"count":1,"href":"https:\/\/blogdojuniorcavalcanti.com.br\/index.php\/wp-json\/wp\/v2\/posts\/7872\/revisions"}],"predecessor-version":[{"id":7873,"href":"https:\/\/blogdojuniorcavalcanti.com.br\/index.php\/wp-json\/wp\/v2\/posts\/7872\/revisions\/7873"}],"wp:attachment":[{"href":"https:\/\/blogdojuniorcavalcanti.com.br\/index.php\/wp-json\/wp\/v2\/media?parent=7872"}],"wp:term":[{"taxonomy":"category","embeddable":true,"href":"https:\/\/blogdojuniorcavalcanti.com.br\/index.php\/wp-json\/wp\/v2\/categories?post=7872"},{"taxonomy":"post_tag","embeddable":true,"href":"https:\/\/blogdojuniorcavalcanti.com.br\/index.php\/wp-json\/wp\/v2\/tags?post=7872"}],"curies":[{"name":"wp","href":"https:\/\/api.w.org\/{rel}","templated":true}]}}