{"id":7910,"date":"2020-09-22T06:33:23","date_gmt":"2020-09-22T09:33:23","guid":{"rendered":"http:\/\/blogdojuniorcavalcanti.com.br\/?p=7910"},"modified":"2020-09-22T06:33:23","modified_gmt":"2020-09-22T09:33:23","slug":"ministro-da-educacao-expoe-ao-congresso-estrategias-de-retorno-as-aulas-presenciais","status":"publish","type":"post","link":"https:\/\/blogdojuniorcavalcanti.com.br\/index.php\/2020\/09\/22\/ministro-da-educacao-expoe-ao-congresso-estrategias-de-retorno-as-aulas-presenciais\/","title":{"rendered":"Ministro da Educa\u00e7\u00e3o exp\u00f5e ao Congresso estrat\u00e9gias de retorno \u00e0s aulas presenciais"},"content":{"rendered":"<p style=\"text-align: justify;\"><span style=\"font-size: 14pt; font-family: arial, helvetica, sans-serif;\"><img decoding=\"async\" class=\"aligncenter\" src=\"https:\/\/s3-sa-east-1.amazonaws.com\/agencia-radio-arb\/variants\/MhrrDjsbjZK12mDTDxVow6n9\/b6ddb1640e40bdd68db56d48e7164c4813c0819bad11420b1fe7db253f4a5ce3\" alt=\"Foto: Pixabay (Pexels)\" \/>A volta \u00e0s aulas, de maneira presencial, por todo o pa\u00eds \u00e9 um momento bastante aguardado pela popula\u00e7\u00e3o brasileira. Por isso, o ministro da Educa\u00e7\u00e3o, Milton Ribeiro, participou de audi\u00eancia p\u00fablica do Congresso Nacional para explicar as estrat\u00e9gias e investimentos do Governo Federal em rela\u00e7\u00e3o ao assunto e tirar as d\u00favidas dos parlamentares a respeito das medidas que est\u00e3o sendo adotadas para garantir seguran\u00e7a aos estudantes e profissionais da \u00e1rea. \u00a0\u00a0<\/span><\/p>\n<p><span style=\"font-size: 14pt; font-family: arial, helvetica, sans-serif;\">De acordo com Milton Ribeiro, o MEC est\u00e1 realizando uma s\u00e9rie de a\u00e7\u00f5es em apoio \u00e0s redes de ensino federal, estadual e municipal, sendo a principal delas o repasse de R$ 525 milh\u00f5es de reais para as escolas p\u00fablicas, por meio do Programa Dinheiro Direto na Escola (PDDE), que vai alcan\u00e7ar aproximadamente 116.757 escolas.<\/span><\/p>\n<p style=\"text-align: justify;\"><span style=\"font-size: 14pt; font-family: arial, helvetica, sans-serif;\"><img fetchpriority=\"high\" decoding=\"async\" class=\"aligncenter\" src=\"\/\/s3-sa-east-1.amazonaws.com\/agencia-radio-arb\/2883\/content_Monitoramento-das-institui%C3%A7%C3%B5es-de-ensino.jpg\" alt=\"\" width=\"600\" height=\"725\" \/><\/span><\/p>\n<p><span style=\"font-size: 14pt; font-family: arial, helvetica, sans-serif;\">Esses recursos ser\u00e3o usados de forma estrat\u00e9gica pelas escolas na aquisi\u00e7\u00e3o de produtos e contrata\u00e7\u00e3o de servi\u00e7os para dar seguran\u00e7a aos profissionais da educa\u00e7\u00e3o e aos alunos contra a Covid-19, como destacou o ministro. \u201cS\u00e3o itens de consumo para a higiene do ambiente e das m\u00e3os, contrata\u00e7\u00e3o de servi\u00e7os especializados para desinfec\u00e7\u00e3o. Realiza\u00e7\u00e3o de pequenos reparos e adequa\u00e7\u00e3o das salas e dos ambientes para o acesso \u00e0 internet para alunos e professores\u201d, afirmou o ministro.<\/span><\/p>\n<p><span style=\"font-size: 14pt; font-family: arial, helvetica, sans-serif;\">A medida pode beneficiar mais de 36 milh\u00f5es de alunos, uma vez que a previs\u00e3o \u00e9 de que os recursos contemplem as escolas municipais, estaduais e federais da Educa\u00e7\u00e3o B\u00e1sica, que inclui pr\u00e9-escolas, ensinos fundamental e m\u00e9dio. Segundo o <strong><a href=\"https:\/\/www.todospelaeducacao.org.br\/_uploads\/_posts\/456.pdf?1969753478\/=&amp;utm_source=content&amp;utm_medium=site-todos\">Anu\u00e1rio Brasileiro da Educa\u00e7\u00e3o B\u00e1sica<\/a><\/strong>, publica\u00e7\u00e3o que re\u00fane as informa\u00e7\u00f5es mais recentes como as pesquisas do IBGE e do Inep\/MEC, fazem parte dessa estrutura mais de tr\u00eas milh\u00f5es de crian\u00e7as de zero aos tr\u00eas anos de idade, quase cinco milh\u00f5es de estudantes de quatro e cinco anos, vinte e cinco milh\u00f5es de jovens entre 6 e 14 anos, al\u00e9m de pouco mais de oito milh\u00f5es de adolescentes entre os 15 e 17 anos. A publica\u00e7\u00e3o ainda estima que nas escolas p\u00fablicas, estejam lotados mais de um milh\u00e3o e setecentos mil professores.<\/span><\/p>\n<p><span style=\"font-size: 14pt; font-family: arial, helvetica, sans-serif;\"><strong><a href=\"https:\/\/brasil61.com\/noticias\/retorno-as-aulas-r-454-milhoes-sao-repassados-aos-municipios-para-combater-a-covid-19-bras201779\">Retorno \u00e0s aulas: R$ 454 milh\u00f5es s\u00e3o repassados aos munic\u00edpios para combater a Covid-19<\/p>\n<p>Governo prop\u00f5e aumento de cerca de R$ 1,7 bi no or\u00e7amento do Minist\u00e9rio da Educa\u00e7\u00e3o para 2021<\/a><\/strong><\/span><\/p>\n<p><span style=\"font-size: 14pt; font-family: arial, helvetica, sans-serif;\">Al\u00e9m disso, dados apresentados pelo ministro mostram que, das 69 universidades federais, 15 suspenderam totalmente as atividades durante a pandemia. Dos 41 institutos federais, 4 tomaram a mesma provid\u00eancia. O Minist\u00e9rio da Educa\u00e7\u00e3o informou que ser\u00e3o destinadas verbas extras para as institui\u00e7\u00f5es de ensino superior.<\/span><br \/>\n<span style=\"font-size: 14pt; font-family: arial, helvetica, sans-serif;\">Para o professor do Instituto de Medicina Social (IMS\/Uerj), Guilherme Werneck, que tamb\u00e9m \u00e9 vice-presidente da <strong><a href=\"https:\/\/www.abrasco.org.br\/site\/\">Associa\u00e7\u00e3o Brasileira de Sa\u00fade Coletiva (Abrasco)<\/a><\/strong> e responde pela Frente Pela Vida, \u00e9 necess\u00e1rio mais a\u00e7\u00f5es deste tipo para que a Covid-19 n\u00e3o seja uma amea\u00e7a para estudantes e professores nesse momento de reabertura das escolas.<\/span><\/p>\n<p><span style=\"font-size: 14pt; font-family: arial, helvetica, sans-serif;\">\u201cEsses s\u00e3o recursos importantes e v\u00e3o ajudar as escolas a se organizarem nos munic\u00edpios, mas obviamente \u00e9 muito mais complexo e que vai envolver, principalmente, o controle da infec\u00e7\u00e3o naquela comunidade. E \u00e9 importante salientar, \u00e9 uma boa iniciativa mas n\u00e3o resolve o problema apenas cria condi\u00e7\u00f5es para quando as escolas e os munic\u00edpios retornarem\u201d, avaliou.<\/span><\/p>\n<h2 style=\"text-align: justify;\"><span style=\"font-size: 14pt; font-family: arial, helvetica, sans-serif;\">Protocolos<\/span><\/h2>\n<p style=\"text-align: justify;\"><span style=\"font-size: 14pt; font-family: arial, helvetica, sans-serif;\">De acordo com o ministro da Educa\u00e7\u00e3o, at\u00e9 o final deste m\u00eas, vai ser finalizado um protocolo de biosseguran\u00e7a para a educa\u00e7\u00e3o b\u00e1sica, a exemplo do que j\u00e1 existe para o ensino superior. Esse material est\u00e1 em elabora\u00e7\u00e3o juntamente com o Conselho Nacional de Secret\u00e1rios de Educa\u00e7\u00e3o (Consed) e a Uni\u00e3o Nacional dos Dirigentes Municipais de Educa\u00e7\u00e3o (Undime). O Protocolo de Biosseguran\u00e7a para a educa\u00e7\u00e3o b\u00e1sica, de acordo com as recomenda\u00e7\u00f5es sanit\u00e1rias das principais autoridades nacionais e mundiais de sa\u00fade. O mesmo j\u00e1 foi feito para a educa\u00e7\u00e3o superior, que teve o lan\u00e7amento da cartilha em julho deste ano.<\/span><\/p>\n<p style=\"text-align: justify;\">\n<p><span style=\"font-size: 14pt; font-family: arial, helvetica, sans-serif;\">Fonte: <a href=\"https:\/\/brasil61.com\/noticias\/ministro-da-educacao-expoe-ao-congresso-estrategias-de-retorno-as-aulas-presenciais-bras201897?email=fmpanorama2010@hotmail.com&amp;utm_source=newsletter&amp;utm_medium=newsletter&amp;utm_campaign=newsletter\" target=\"_blank\" rel=\"noopener noreferrer\">Brasil 61<\/a><\/span><\/p>\n","protected":false},"excerpt":{"rendered":"<p>A volta &agrave;s aulas, de maneira presencial, por todo o pa&iacute;s &eacute; um momento bastante aguardado pela popula&ccedil;&atilde;o brasileira. Por isso, o ministro da Educa&ccedil;&atilde;o, Milton Ribeiro, participou de audi&ecirc;ncia p&uacute;blica do Congresso Nacional para explicar as estrat&eacute;gias e investimentos do Governo Federal em rela&ccedil;&atilde;o ao assunto e tirar as d&uacute;vidas dos parlamentares a respeito das medidas que est&atilde;o sendo adotadas para garantir seguran&ccedil;a aos estudantes e profissionais da &aacute;rea. &nbsp;&nbsp; De acordo com Milton Ribeiro, o MEC est&aacute; realizando uma s&eacute;rie de a&ccedil;&otilde;es em apoio &agrave;s redes de ensino federal, estadual e municipal, sendo a principal delas o repasse &#8230; <\/p>\n<p class=\"read-more-container\"><a title=\"Ministro da Educa\u00e7\u00e3o exp\u00f5e ao Congresso estrat\u00e9gias de retorno \u00e0s aulas presenciais\" class=\"read-more button\" href=\"https:\/\/blogdojuniorcavalcanti.com.br\/index.php\/2020\/09\/22\/ministro-da-educacao-expoe-ao-congresso-estrategias-de-retorno-as-aulas-presenciais\/#more-7910\" aria-label=\"More on Ministro da Educa\u00e7\u00e3o exp\u00f5e ao Congresso estrat\u00e9gias de retorno \u00e0s aulas presenciais\">Leia mais<\/a><\/p>\n","protected":false},"author":2,"featured_media":0,"comment_status":"open","ping_status":"open","sticky":false,"template":"","format":"standard","meta":{"footnotes":""},"categories":[1],"tags":[],"class_list":["post-7910","post","type-post","status-publish","format-standard","hentry","category-sem-categoria"],"_links":{"self":[{"href":"https:\/\/blogdojuniorcavalcanti.com.br\/index.php\/wp-json\/wp\/v2\/posts\/7910","targetHints":{"allow":["GET"]}}],"collection":[{"href":"https:\/\/blogdojuniorcavalcanti.com.br\/index.php\/wp-json\/wp\/v2\/posts"}],"about":[{"href":"https:\/\/blogdojuniorcavalcanti.com.br\/index.php\/wp-json\/wp\/v2\/types\/post"}],"author":[{"embeddable":true,"href":"https:\/\/blogdojuniorcavalcanti.com.br\/index.php\/wp-json\/wp\/v2\/users\/2"}],"replies":[{"embeddable":true,"href":"https:\/\/blogdojuniorcavalcanti.com.br\/index.php\/wp-json\/wp\/v2\/comments?post=7910"}],"version-history":[{"count":1,"href":"https:\/\/blogdojuniorcavalcanti.com.br\/index.php\/wp-json\/wp\/v2\/posts\/7910\/revisions"}],"predecessor-version":[{"id":7911,"href":"https:\/\/blogdojuniorcavalcanti.com.br\/index.php\/wp-json\/wp\/v2\/posts\/7910\/revisions\/7911"}],"wp:attachment":[{"href":"https:\/\/blogdojuniorcavalcanti.com.br\/index.php\/wp-json\/wp\/v2\/media?parent=7910"}],"wp:term":[{"taxonomy":"category","embeddable":true,"href":"https:\/\/blogdojuniorcavalcanti.com.br\/index.php\/wp-json\/wp\/v2\/categories?post=7910"},{"taxonomy":"post_tag","embeddable":true,"href":"https:\/\/blogdojuniorcavalcanti.com.br\/index.php\/wp-json\/wp\/v2\/tags?post=7910"}],"curies":[{"name":"wp","href":"https:\/\/api.w.org\/{rel}","templated":true}]}}