{"id":8207,"date":"2020-10-12T06:44:25","date_gmt":"2020-10-12T09:44:25","guid":{"rendered":"http:\/\/blogdojuniorcavalcanti.com.br\/?p=8207"},"modified":"2020-10-12T06:44:25","modified_gmt":"2020-10-12T09:44:25","slug":"projeto-de-lei-prorroga-plano-nacional-de-cultura-por-dois-anos","status":"publish","type":"post","link":"https:\/\/blogdojuniorcavalcanti.com.br\/index.php\/2020\/10\/12\/projeto-de-lei-prorroga-plano-nacional-de-cultura-por-dois-anos\/","title":{"rendered":"Projeto de lei prorroga Plano Nacional de Cultura por dois anos"},"content":{"rendered":"<p style=\"text-align: justify;\"><span style=\"font-size: 14pt; font-family: arial, helvetica, sans-serif;\"><img decoding=\"async\" class=\"aligncenter\" src=\"https:\/\/s3-sa-east-1.amazonaws.com\/agencia-radio-arb\/variants\/gxbsi9JDQzcNcyZvvqA4fab5\/b6ddb1640e40bdd68db56d48e7164c4813c0819bad11420b1fe7db253f4a5ce3\" alt=\"Foto: Marcello Casal Jr\/Ag\u00eancia Brasil\" \/>O presidente Jair Bolsonaro encaminhou ao Congresso Nacional um projeto de lei que prev\u00ea a prorroga\u00e7\u00e3o do Plano Nacional de Cultura (PNC) por mais dois anos. O plano se encerraria em 2 de dezembro de 2020. A ideia do Executivo \u00e9 dar suporte ao Sistema Nacional de Cultura, processo de gest\u00e3o e promo\u00e7\u00e3o das pol\u00edticas p\u00fablicas de cultura, pactuadas entre Uni\u00e3o, estados, Distrito Federal e munic\u00edpios e a sociedade.\u00a0<\/span><\/p>\n<p style=\"text-align: justify;\">\n<span style=\"font-size: 14pt; font-family: arial, helvetica, sans-serif;\">O Plano Nacional de Cultura (PNC) \u00e9 um conjunto de objetivos, diretrizes, estrat\u00e9gias e metas que orientam o poder p\u00fablico na formula\u00e7\u00e3o de pol\u00edticas para o setor. O objetivo \u00e9 orientar o desenvolvimento de iniciativas culturais que visem a valoriza\u00e7\u00e3o, a promo\u00e7\u00e3o e a preserva\u00e7\u00e3o da diversidade cultural existente no Brasil.<\/span><br \/>\n<span style=\"font-size: 14pt; font-family: arial, helvetica, sans-serif;\">\u00a0<\/span><\/p>\n<p style=\"text-align: justify;\">\n<p><span style=\"font-size: 14pt; font-family: arial, helvetica, sans-serif;\">Fonte: <a href=\"https:\/\/brasil61.com\/noticias\/projeto-de-lei-prorroga-plano-nacional-de-cultura-por-dois-anos-bras202164?email=fmpanorama2010@hotmail.com&amp;utm_source=newsletter&amp;utm_medium=newsletter&amp;utm_campaign=newsletter\" target=\"_blank\" rel=\"noopener noreferrer\">Brasil 61<\/a><\/span><\/p>\n","protected":false},"excerpt":{"rendered":"<p>O presidente Jair Bolsonaro encaminhou ao Congresso Nacional um projeto de lei que prev&ecirc; a prorroga&ccedil;&atilde;o do Plano Nacional de Cultura (PNC) por mais dois anos. O plano se encerraria em 2 de dezembro de 2020. A ideia do Executivo &eacute; dar suporte ao Sistema Nacional de Cultura, processo de gest&atilde;o e promo&ccedil;&atilde;o das pol&iacute;ticas p&uacute;blicas de cultura, pactuadas entre Uni&atilde;o, estados, Distrito Federal e munic&iacute;pios e a sociedade.&nbsp; O Plano Nacional de Cultura (PNC) &eacute; um conjunto de objetivos, diretrizes, estrat&eacute;gias e metas que orientam o poder p&uacute;blico na formula&ccedil;&atilde;o de pol&iacute;ticas para o setor. O objetivo &eacute; orientar &#8230; <\/p>\n<p class=\"read-more-container\"><a title=\"Projeto de lei prorroga Plano Nacional de Cultura por dois anos\" class=\"read-more button\" href=\"https:\/\/blogdojuniorcavalcanti.com.br\/index.php\/2020\/10\/12\/projeto-de-lei-prorroga-plano-nacional-de-cultura-por-dois-anos\/#more-8207\" aria-label=\"More on Projeto de lei prorroga Plano Nacional de Cultura por dois anos\">Leia mais<\/a><\/p>\n","protected":false},"author":2,"featured_media":0,"comment_status":"open","ping_status":"open","sticky":false,"template":"","format":"standard","meta":{"footnotes":""},"categories":[1],"tags":[],"class_list":["post-8207","post","type-post","status-publish","format-standard","hentry","category-sem-categoria"],"_links":{"self":[{"href":"https:\/\/blogdojuniorcavalcanti.com.br\/index.php\/wp-json\/wp\/v2\/posts\/8207","targetHints":{"allow":["GET"]}}],"collection":[{"href":"https:\/\/blogdojuniorcavalcanti.com.br\/index.php\/wp-json\/wp\/v2\/posts"}],"about":[{"href":"https:\/\/blogdojuniorcavalcanti.com.br\/index.php\/wp-json\/wp\/v2\/types\/post"}],"author":[{"embeddable":true,"href":"https:\/\/blogdojuniorcavalcanti.com.br\/index.php\/wp-json\/wp\/v2\/users\/2"}],"replies":[{"embeddable":true,"href":"https:\/\/blogdojuniorcavalcanti.com.br\/index.php\/wp-json\/wp\/v2\/comments?post=8207"}],"version-history":[{"count":1,"href":"https:\/\/blogdojuniorcavalcanti.com.br\/index.php\/wp-json\/wp\/v2\/posts\/8207\/revisions"}],"predecessor-version":[{"id":8208,"href":"https:\/\/blogdojuniorcavalcanti.com.br\/index.php\/wp-json\/wp\/v2\/posts\/8207\/revisions\/8208"}],"wp:attachment":[{"href":"https:\/\/blogdojuniorcavalcanti.com.br\/index.php\/wp-json\/wp\/v2\/media?parent=8207"}],"wp:term":[{"taxonomy":"category","embeddable":true,"href":"https:\/\/blogdojuniorcavalcanti.com.br\/index.php\/wp-json\/wp\/v2\/categories?post=8207"},{"taxonomy":"post_tag","embeddable":true,"href":"https:\/\/blogdojuniorcavalcanti.com.br\/index.php\/wp-json\/wp\/v2\/tags?post=8207"}],"curies":[{"name":"wp","href":"https:\/\/api.w.org\/{rel}","templated":true}]}}