{"id":8244,"date":"2020-10-14T06:22:01","date_gmt":"2020-10-14T09:22:01","guid":{"rendered":"http:\/\/blogdojuniorcavalcanti.com.br\/?p=8244"},"modified":"2020-10-14T06:22:01","modified_gmt":"2020-10-14T09:22:01","slug":"ciro-gomes-testa-positivo-para-covid-19","status":"publish","type":"post","link":"https:\/\/blogdojuniorcavalcanti.com.br\/index.php\/2020\/10\/14\/ciro-gomes-testa-positivo-para-covid-19\/","title":{"rendered":"Ciro Gomes testa positivo para Covid-19"},"content":{"rendered":"<p style=\"text-align: justify;\"><span style=\"font-size: 14pt;\"><img fetchpriority=\"high\" decoding=\"async\" class=\"alignleft wp-image-143663\" src=\"https:\/\/i2.wp.com\/nilljunior.com.br\/wp-content\/uploads\/2019\/02\/ciro-1.jpg?resize=400%2C240&amp;ssl=1\" sizes=\"(max-width: 400px) 100vw, 400px\" srcset=\"https:\/\/i2.wp.com\/nilljunior.com.br\/wp-content\/uploads\/2019\/02\/ciro-1.jpg?resize=600%2C361&amp;ssl=1 600w, https:\/\/i2.wp.com\/nilljunior.com.br\/wp-content\/uploads\/2019\/02\/ciro-1.jpg?resize=300%2C180&amp;ssl=1 300w, https:\/\/i2.wp.com\/nilljunior.com.br\/wp-content\/uploads\/2019\/02\/ciro-1.jpg?w=639&amp;ssl=1 639w\" alt=\"\" width=\"400\" height=\"241\" data-attachment-id=\"143663\" data-permalink=\"https:\/\/nilljunior.com.br\/o-lula-esta-preso-eu-nao-babaca-diz-ciro-em-evento-da-une\/ciro-1\/\" data-orig-file=\"https:\/\/i2.wp.com\/nilljunior.com.br\/wp-content\/uploads\/2019\/02\/ciro-1.jpg?fit=639%2C384&amp;ssl=1\" data-orig-size=\"639,384\" data-comments-opened=\"1\" data-image-meta=\"{&quot;aperture&quot;:&quot;0&quot;,&quot;credit&quot;:&quot;&quot;,&quot;camera&quot;:&quot;&quot;,&quot;caption&quot;:&quot;&quot;,&quot;created_timestamp&quot;:&quot;0&quot;,&quot;copyright&quot;:&quot;&quot;,&quot;focal_length&quot;:&quot;0&quot;,&quot;iso&quot;:&quot;0&quot;,&quot;shutter_speed&quot;:&quot;0&quot;,&quot;title&quot;:&quot;&quot;,&quot;orientation&quot;:&quot;0&quot;}\" data-image-title=\"ciro-1\" data-image-description=\"\" data-medium-file=\"https:\/\/i2.wp.com\/nilljunior.com.br\/wp-content\/uploads\/2019\/02\/ciro-1.jpg?fit=300%2C180&amp;ssl=1\" data-large-file=\"https:\/\/i2.wp.com\/nilljunior.com.br\/wp-content\/uploads\/2019\/02\/ciro-1.jpg?fit=600%2C361&amp;ssl=1\" \/><span style=\"font-family: arial, helvetica, sans-serif;\">O ex-governador do Cear\u00e1 e ex-ministro Ciro Gomes (PDT) afirmou, hoje, que testou positivo para Covid-19. Ciro afirmou que fez o teste ap\u00f3s sentir sintomas de gripe no s\u00e1bado e que est\u00e1 bem de sa\u00fade.<\/span><\/span><\/p>\n<p style=\"text-align: justify;\"><span style=\"font-size: 14pt; font-family: arial, helvetica, sans-serif;\">Conforme nota publicada em rede social, Ciro Gomes \u201cest\u00e1 bem, com acompanhamento m\u00e9dico e em isolamento em casa\u201d. A companheira do pol\u00edtico, Giselle Bezerra, testou negativo para a doen\u00e7a.<\/span><\/p>\n<p style=\"text-align: justify;\"><span style=\"font-size: 14pt; font-family: arial, helvetica, sans-serif;\">O pol\u00edtico afirmou ainda que adotou cuidados e seguiu os \u201cprotocolos exigidos pelas autoridades sanit\u00e1rias\u201d.<\/span><\/p>\n<p style=\"text-align: justify;\"><span style=\"font-size: 14pt; font-family: arial, helvetica, sans-serif;\">Ciro Gomes n\u00e3o possui cargo pol\u00edtico atualmente, mas atua apoiando a candidatura para prefeito de Fortaleza de Sarto Nogueira (PDT), que tamb\u00e9m testou positivo para a doen\u00e7a. O candidato Sarto faz campanha de casa, por meio de v\u00eddeos, desde que confirmou ter contra\u00eddo a doen\u00e7a, em 5 de outubro.<\/span><\/p>\n<p style=\"text-align: justify;\"><span style=\"font-size: 14pt; font-family: arial, helvetica, sans-serif;\">O governador do Cear\u00e1, Camilo Santana, aliado pol\u00edtico de Ciro Gomes e Sarto Nogueira, testou positivo para Covid-19 dois dias depois, em 7 de outubro. Sarto e Camilo afirmam estar bem e est\u00e3o se cuidando em casa.<\/span><\/p>\n","protected":false},"excerpt":{"rendered":"<p>O ex-governador do Cear&aacute; e ex-ministro Ciro Gomes (PDT) afirmou, hoje, que testou positivo para Covid-19. Ciro afirmou que fez o teste ap&oacute;s sentir sintomas de gripe no s&aacute;bado e que est&aacute; bem de sa&uacute;de. Conforme nota publicada em rede social, Ciro Gomes &ldquo;est&aacute; bem, com acompanhamento m&eacute;dico e em isolamento em casa&rdquo;. A companheira do pol&iacute;tico, Giselle Bezerra, testou negativo para a doen&ccedil;a. O pol&iacute;tico afirmou ainda que adotou cuidados e seguiu os &ldquo;protocolos exigidos pelas autoridades sanit&aacute;rias&rdquo;. Ciro Gomes n&atilde;o possui cargo pol&iacute;tico atualmente, mas atua apoiando a candidatura para prefeito de Fortaleza de Sarto Nogueira (PDT), que &#8230; <\/p>\n<p class=\"read-more-container\"><a title=\"Ciro Gomes testa positivo para Covid-19\" class=\"read-more button\" href=\"https:\/\/blogdojuniorcavalcanti.com.br\/index.php\/2020\/10\/14\/ciro-gomes-testa-positivo-para-covid-19\/#more-8244\" aria-label=\"More on Ciro Gomes testa positivo para Covid-19\">Leia mais<\/a><\/p>\n","protected":false},"author":2,"featured_media":0,"comment_status":"open","ping_status":"open","sticky":false,"template":"","format":"standard","meta":{"footnotes":""},"categories":[1],"tags":[],"class_list":["post-8244","post","type-post","status-publish","format-standard","hentry","category-sem-categoria"],"_links":{"self":[{"href":"https:\/\/blogdojuniorcavalcanti.com.br\/index.php\/wp-json\/wp\/v2\/posts\/8244","targetHints":{"allow":["GET"]}}],"collection":[{"href":"https:\/\/blogdojuniorcavalcanti.com.br\/index.php\/wp-json\/wp\/v2\/posts"}],"about":[{"href":"https:\/\/blogdojuniorcavalcanti.com.br\/index.php\/wp-json\/wp\/v2\/types\/post"}],"author":[{"embeddable":true,"href":"https:\/\/blogdojuniorcavalcanti.com.br\/index.php\/wp-json\/wp\/v2\/users\/2"}],"replies":[{"embeddable":true,"href":"https:\/\/blogdojuniorcavalcanti.com.br\/index.php\/wp-json\/wp\/v2\/comments?post=8244"}],"version-history":[{"count":1,"href":"https:\/\/blogdojuniorcavalcanti.com.br\/index.php\/wp-json\/wp\/v2\/posts\/8244\/revisions"}],"predecessor-version":[{"id":8245,"href":"https:\/\/blogdojuniorcavalcanti.com.br\/index.php\/wp-json\/wp\/v2\/posts\/8244\/revisions\/8245"}],"wp:attachment":[{"href":"https:\/\/blogdojuniorcavalcanti.com.br\/index.php\/wp-json\/wp\/v2\/media?parent=8244"}],"wp:term":[{"taxonomy":"category","embeddable":true,"href":"https:\/\/blogdojuniorcavalcanti.com.br\/index.php\/wp-json\/wp\/v2\/categories?post=8244"},{"taxonomy":"post_tag","embeddable":true,"href":"https:\/\/blogdojuniorcavalcanti.com.br\/index.php\/wp-json\/wp\/v2\/tags?post=8244"}],"curies":[{"name":"wp","href":"https:\/\/api.w.org\/{rel}","templated":true}]}}