{"id":8261,"date":"2020-10-14T11:17:13","date_gmt":"2020-10-14T14:17:13","guid":{"rendered":"http:\/\/blogdojuniorcavalcanti.com.br\/?p=8261"},"modified":"2020-10-14T11:17:13","modified_gmt":"2020-10-14T14:17:13","slug":"bomba-em-tabira-nelly-sampaio-desiste-de-candidatura-e-sera-vice-de-dinca","status":"publish","type":"post","link":"https:\/\/blogdojuniorcavalcanti.com.br\/index.php\/2020\/10\/14\/bomba-em-tabira-nelly-sampaio-desiste-de-candidatura-e-sera-vice-de-dinca\/","title":{"rendered":"Bomba em Tabira: Nelly Sampaio desiste de candidatura e ser\u00e1 vice de Dinca"},"content":{"rendered":"<p style=\"text-align: justify;\"><span style=\"font-size: 14pt;\"><img fetchpriority=\"high\" decoding=\"async\" class=\"alignleft wp-image-187204\" src=\"https:\/\/i2.wp.com\/nilljunior.com.br\/wp-content\/uploads\/2020\/10\/118120981_328135768566869_223557169120142931_o-1.jpg?resize=400%2C301&amp;ssl=1\" sizes=\"(max-width: 400px) 100vw, 400px\" srcset=\"https:\/\/i2.wp.com\/nilljunior.com.br\/wp-content\/uploads\/2020\/10\/118120981_328135768566869_223557169120142931_o-1.jpg?w=457&amp;ssl=1 457w, https:\/\/i2.wp.com\/nilljunior.com.br\/wp-content\/uploads\/2020\/10\/118120981_328135768566869_223557169120142931_o-1.jpg?resize=300%2C226&amp;ssl=1 300w\" alt=\"\" width=\"400\" height=\"301\" data-attachment-id=\"187204\" data-permalink=\"https:\/\/nilljunior.com.br\/bomba-em-tabira-nelly-sampaio-desiste-de-candidatura-e-sera-vice-de-dinca\/118120981_328135768566869_223557169120142931_o-2\/\" data-orig-file=\"https:\/\/i2.wp.com\/nilljunior.com.br\/wp-content\/uploads\/2020\/10\/118120981_328135768566869_223557169120142931_o-1.jpg?fit=457%2C344&amp;ssl=1\" data-orig-size=\"457,344\" data-comments-opened=\"1\" data-image-meta=\"{&quot;aperture&quot;:&quot;0&quot;,&quot;credit&quot;:&quot;&quot;,&quot;camera&quot;:&quot;&quot;,&quot;caption&quot;:&quot;&quot;,&quot;created_timestamp&quot;:&quot;0&quot;,&quot;copyright&quot;:&quot;&quot;,&quot;focal_length&quot;:&quot;0&quot;,&quot;iso&quot;:&quot;0&quot;,&quot;shutter_speed&quot;:&quot;0&quot;,&quot;title&quot;:&quot;&quot;,&quot;orientation&quot;:&quot;1&quot;}\" data-image-title=\"118120981_328135768566869_223557169120142931_o\" data-image-description=\"\" data-medium-file=\"https:\/\/i2.wp.com\/nilljunior.com.br\/wp-content\/uploads\/2020\/10\/118120981_328135768566869_223557169120142931_o-1.jpg?fit=300%2C226&amp;ssl=1\" data-large-file=\"https:\/\/i2.wp.com\/nilljunior.com.br\/wp-content\/uploads\/2020\/10\/118120981_328135768566869_223557169120142931_o-1.jpg?fit=457%2C344&amp;ssl=1\" \/><span style=\"font-family: arial, helvetica, sans-serif;\">A bomba do dia vem de Tabira. A candidata Nelly Sampaio est\u00e1 abrindo m\u00e3o da candidatura a prefeita e foi anunciada ainda esta manh\u00e3 como candidata a vice de Dinca Brandino, do MDB. As negocia\u00e7\u00f5es j\u00e1 vinham acontecendo.<\/span><\/span><\/p>\n<p style=\"text-align: justify;\"><span style=\"font-size: 14pt; font-family: arial, helvetica, sans-serif;\">Nelly avaliou que n\u00e3o teria condi\u00e7\u00f5es de seguir com o projeto solo e decidiu pelo alinhamento com o emedebista. Curioso \u00e9 que sua candidatura tinha sido deferida pela Justi\u00e7a Eleitoral assim como o petista Fl\u00e1vio Marques. O blog manteve contato com a Presidente da C\u00e2mara. Ela informou que soltar\u00e1 uma nota.<\/span><\/p>\n<p style=\"text-align: justify;\"><span style=\"font-size: 14pt; font-family: arial, helvetica, sans-serif;\">Outra curiosidade \u00e9 que a C\u00e2mara teria recorrido da decis\u00e3o que anulou as decis\u00f5es de TCE e do pr\u00f3prio legislativo que haviam suspendido os efeitos dessa decis\u00e3o. MP tamb\u00e9m estudava como recorrer \u00e0 decis\u00e3o monocr\u00e1tica. Mais uma pergunta: se Dinca n\u00e3o puder ser o candidato, teria Nelley tido a garantia que encabe\u00e7ar\u00e1 a chapa ou o nome ser\u00e1 o de Nicinha Brandino?<\/span><\/p>\n<p style=\"text-align: justify;\"><span style=\"font-size: 14pt; font-family: arial, helvetica, sans-serif;\">Como tudo que acontece na Cidade das Tradi\u00e7\u00f5es a not\u00edcia \u00e9 comemorada com grande foguet\u00f3rio. A not\u00edcia representa uma reviravolta na sucess\u00e3o da cidade. A d\u00favida \u00e9 saber se Nelly leva sua vota\u00e7\u00e3o para Dinca ou n\u00e3o. Z\u00e9 Amaral e a filha, Maria Helena (PSC), n\u00e3o se pronunciaram, mas devem seguir Nelly.<\/span><\/p>\n","protected":false},"excerpt":{"rendered":"<p>A bomba do dia vem de Tabira. A candidata Nelly Sampaio est&aacute; abrindo m&atilde;o da candidatura a prefeita e foi anunciada ainda esta manh&atilde; como candidata a vice de Dinca Brandino, do MDB. As negocia&ccedil;&otilde;es j&aacute; vinham acontecendo. Nelly avaliou que n&atilde;o teria condi&ccedil;&otilde;es de seguir com o projeto solo e decidiu pelo alinhamento com o emedebista. Curioso &eacute; que sua candidatura tinha sido deferida pela Justi&ccedil;a Eleitoral assim como o petista Fl&aacute;vio Marques. O blog manteve contato com a Presidente da C&acirc;mara. Ela informou que soltar&aacute; uma nota. Outra curiosidade &eacute; que a C&acirc;mara teria recorrido da decis&atilde;o que &#8230; <\/p>\n<p class=\"read-more-container\"><a title=\"Bomba em Tabira: Nelly Sampaio desiste de candidatura e ser\u00e1 vice de Dinca\" class=\"read-more button\" href=\"https:\/\/blogdojuniorcavalcanti.com.br\/index.php\/2020\/10\/14\/bomba-em-tabira-nelly-sampaio-desiste-de-candidatura-e-sera-vice-de-dinca\/#more-8261\" aria-label=\"More on Bomba em Tabira: Nelly Sampaio desiste de candidatura e ser\u00e1 vice de Dinca\">Leia mais<\/a><\/p>\n","protected":false},"author":2,"featured_media":0,"comment_status":"open","ping_status":"open","sticky":false,"template":"","format":"standard","meta":{"footnotes":""},"categories":[1],"tags":[],"class_list":["post-8261","post","type-post","status-publish","format-standard","hentry","category-sem-categoria"],"_links":{"self":[{"href":"https:\/\/blogdojuniorcavalcanti.com.br\/index.php\/wp-json\/wp\/v2\/posts\/8261","targetHints":{"allow":["GET"]}}],"collection":[{"href":"https:\/\/blogdojuniorcavalcanti.com.br\/index.php\/wp-json\/wp\/v2\/posts"}],"about":[{"href":"https:\/\/blogdojuniorcavalcanti.com.br\/index.php\/wp-json\/wp\/v2\/types\/post"}],"author":[{"embeddable":true,"href":"https:\/\/blogdojuniorcavalcanti.com.br\/index.php\/wp-json\/wp\/v2\/users\/2"}],"replies":[{"embeddable":true,"href":"https:\/\/blogdojuniorcavalcanti.com.br\/index.php\/wp-json\/wp\/v2\/comments?post=8261"}],"version-history":[{"count":1,"href":"https:\/\/blogdojuniorcavalcanti.com.br\/index.php\/wp-json\/wp\/v2\/posts\/8261\/revisions"}],"predecessor-version":[{"id":8262,"href":"https:\/\/blogdojuniorcavalcanti.com.br\/index.php\/wp-json\/wp\/v2\/posts\/8261\/revisions\/8262"}],"wp:attachment":[{"href":"https:\/\/blogdojuniorcavalcanti.com.br\/index.php\/wp-json\/wp\/v2\/media?parent=8261"}],"wp:term":[{"taxonomy":"category","embeddable":true,"href":"https:\/\/blogdojuniorcavalcanti.com.br\/index.php\/wp-json\/wp\/v2\/categories?post=8261"},{"taxonomy":"post_tag","embeddable":true,"href":"https:\/\/blogdojuniorcavalcanti.com.br\/index.php\/wp-json\/wp\/v2\/tags?post=8261"}],"curies":[{"name":"wp","href":"https:\/\/api.w.org\/{rel}","templated":true}]}}