{"id":8363,"date":"2020-10-21T06:20:37","date_gmt":"2020-10-21T09:20:37","guid":{"rendered":"http:\/\/blogdojuniorcavalcanti.com.br\/?p=8363"},"modified":"2020-10-21T06:20:37","modified_gmt":"2020-10-21T09:20:37","slug":"mudanca-na-clt-propoe-mesma-regra-do-presencial-para-home-office","status":"publish","type":"post","link":"https:\/\/blogdojuniorcavalcanti.com.br\/index.php\/2020\/10\/21\/mudanca-na-clt-propoe-mesma-regra-do-presencial-para-home-office\/","title":{"rendered":"Mudan\u00e7a na CLT prop\u00f5e mesma regra do presencial para home office"},"content":{"rendered":"<p style=\"text-align: justify;\"><span style=\"font-size: 14pt; font-family: arial, helvetica, sans-serif;\"><img decoding=\"async\" class=\"aligncenter\" src=\"https:\/\/s3-sa-east-1.amazonaws.com\/agencia-radio-arb\/variants\/P8ha4rLq9cP2unnHzg77qhzf\/b6ddb1640e40bdd68db56d48e7164c4813c0819bad11420b1fe7db253f4a5ce3\" alt=\"Ag\u00eancia Brasil\" \/>Um Projeto de Lei apresentado na C\u00e2mara dos Deputados prev\u00ea que a jornada de trabalho no regime de home office atenda \u00e0s mesmas normas do trabalho presencial, preconizadas pela <a href=\"http:\/\/www.planalto.gov.br\/ccivil_03\/decreto-lei\/del5452.htm\">Consolida\u00e7\u00e3o das Leis do Trabalho<\/a> (CLT). De acordo com as regras atuais, a jornada de oito horas e o descanso m\u00ednimo de 11 horas entre duas jornadas n\u00e3o se aplicam ao trabalho remoto.\u00a0<\/span><\/p>\n<p style=\"text-align: justify;\"><span style=\"font-size: 14pt; font-family: arial, helvetica, sans-serif;\">O <a href=\"https:\/\/www.camara.leg.br\/proposicoesWeb\/prop_mostrarintegra;jsessionid=9B8B7FE96E1F532C5235AE8DF5BB7796.proposicoesWebExterno1?codteor=1934565&amp;filename=PL+4831\/2020\">PL 4831\/20<\/a>, que tem autoria do deputado Jo\u00e3o Daniel (PT\/SE), tamb\u00e9m acrescenta novos dispositivos \u00e0 legisla\u00e7\u00e3o atual, como permitir as atividades durante o intervalo entre jornadas. Mas para isso ser\u00e1 necess\u00e1rio um acordo entre o empregador e o empregado. As atividades seriam computadas como tempo de servi\u00e7o, com garantia de hora-extra.\u00a0<\/span><\/p>\n<p style=\"text-align: justify;\"><span style=\"font-size: 14pt; font-family: arial, helvetica, sans-serif;\">Em outro ponto que alteraria o artigo 75-C da CLT, o texto prop\u00f5e que a comunica\u00e7\u00e3o entre o trabalhador e o empregador por meio de quaisquer plataformas, programas, aplicativos ou redes sociais para tratar de trabalho e em hor\u00e1rio fora da jornada, dever\u00e1, tamb\u00e9m, ser computada como tempo de servi\u00e7o, com garantia de hora-extra.\u00a0<\/span><\/p>\n<p style=\"text-align: justify;\"><span style=\"font-size: 14pt; font-family: arial, helvetica, sans-serif;\">O deputado justificou a apresenta\u00e7\u00e3o do projeto apontando \u201camplia\u00e7\u00e3o n\u00e3o apenas da intensidade de trabalho\u201d, como \u201caumento da jornada informal\u201d. Al\u00e9m disso, o parlamentar diz que \u201cinstrumentos particulares, como redes sociais e aplicativos de uso exclusivo pessoal viraram extens\u00e3o do trabalho, sem respeito \u00e0 privacidade, jornada ou garantias trabalhistas.\u201d<\/span><\/p>\n<p style=\"text-align: justify;\"><span style=\"font-size: 14pt; font-family: arial, helvetica, sans-serif;\">Para o advogado trabalhista F\u00e1bio Ferraz dos Passos, o projeto traz algumas falhas. \u201cEle me parece um pouco in\u00f3cuo e tem pouca serventia. A aplica\u00e7\u00e3o da limita\u00e7\u00e3o da jornada de trabalho conforme a presencial j\u00e1 \u00e9 prevista na Constitui\u00e7\u00e3o, que limita a jornada em oito horas de trabalho e que tudo o que passar esse limite deve ser compensado devidamente\u201d, critica.\u00a0<\/span><\/p>\n<p style=\"text-align: justify;\"><span style=\"font-size: 14pt; font-family: arial, helvetica, sans-serif;\"><img fetchpriority=\"high\" decoding=\"async\" class=\"aligncenter\" title=\"Arte: Brasil 61\" src=\"\/\/s3-sa-east-1.amazonaws.com\/agencia-radio-arb\/3031\/content_Arte_Teletrabalho.png\" alt=\"Arte: Brasil 61\" width=\"582\" height=\"198\" \/><\/span><\/p>\n<h2 style=\"text-align: justify;\"><span style=\"font-size: 14pt; font-family: arial, helvetica, sans-serif;\">Custos<\/span><\/h2>\n<p style=\"text-align: justify;\"><span style=\"font-size: 14pt; font-family: arial, helvetica, sans-serif;\">O projeto de lei tamb\u00e9m estabelece que os empregadores passam a ser respons\u00e1veis pela aquisi\u00e7\u00e3o, manuten\u00e7\u00e3o ou fornecimento dos equipamentos tecnol\u00f3gicos e da infraestrutura necess\u00e1ria e adequada \u00e0 presta\u00e7\u00e3o do trabalho remoto e pelo reembolso de despesas com as quais o funcion\u00e1rio arcou para trabalhar. De acordo com a CLT, a responsabilidade sobre os custos da infraestrutura necess\u00e1ria para o teletrabalho deve estar prevista em contrato de trabalho.\u00a0<\/span><\/p>\n<p style=\"text-align: justify;\"><span style=\"font-size: 14pt; font-family: arial, helvetica, sans-serif;\">Passos tamb\u00e9m acredita que a proposta poderia ser mais abrangente e que deixa de especificar pontos importantes, como a fiscaliza\u00e7\u00e3o. \u201cQuem \u00e9 que vai fiscalizar o ambiente de trabalho? O ambiente em que o teletrabalho \u00e9 realizado \u00e9 adequado, a cadeira \u00e9 ergon\u00f4mica, a mesa \u00e9 interessante, a conex\u00e3o \u00e9 boa ou trabalha em p\u00e9ssimas condi\u00e7\u00f5es? Tudo isso n\u00e3o foi abordado, infelizmente\u201d, avalia. \u00a0\u00a0<\/span><\/p>\n<p style=\"text-align: justify;\"><span style=\"font-size: 14pt; font-family: arial, helvetica, sans-serif;\">Lu\u00eds Ot\u00e1vio Camargo Pinto, presidente da Sociedade Brasileira de Teletrabalho e Teleatividades, avalia que os custos com despesas por causa do teletrabalho para os funcion\u00e1rios s\u00e3o compensados, em parte, pela economia com o deslocamento casa-trabalho que era feito. No entanto, ele entende que as empresas devem buscar acordos para equilibrar essa rela\u00e7\u00e3o. \u00a0<\/span><\/p>\n<p style=\"text-align: justify;\"><span style=\"font-size: 14pt; font-family: arial, helvetica, sans-serif;\">\u201cSe o colaborador, tinha uma despesa isso passou a crescer com o home office, o bom senso pede que as empresas estabele\u00e7am junto com seus funcion\u00e1rios, custeando parte desse acr\u00e9scimo, seja na utiliza\u00e7\u00e3o do telefone, da banda larga ou conta de luz\u201d, exemplifica.\u00a0<\/span><\/p>\n<h2 style=\"text-align: justify;\"><span style=\"font-size: 14pt; font-family: arial, helvetica, sans-serif;\">Benef\u00edcios<\/span><\/h2>\n<p style=\"text-align: justify;\"><span style=\"font-size: 14pt; font-family: arial, helvetica, sans-serif;\">Para Camargo Pinto, este tipo de regime de trabalho veio para ficar definitivamente. A expectativa dele \u00e9 de que o n\u00famero de trabalhadores em home office no pa\u00eds salte para cerca de 20 milh\u00f5es nos pr\u00f3ximos anos. Segundo o IBGE (Instituto Brasileiro de Geografia e Estat\u00edstica), at\u00e9 a primeira semana de setembro, esse n\u00famero era de 8,3 milh\u00f5es.\u00a0<\/span><\/p>\n<p style=\"text-align: justify;\"><span style=\"font-size: 14pt; font-family: arial, helvetica, sans-serif;\">Ele acredita que al\u00e9m da economia do governo e das empresas privadas com a ado\u00e7\u00e3o do teletrabalho, h\u00e1 muitas outras vantagens para todos os envolvidos. \u201cO teletrabalho \u00e9 uma forma de atrair e reter talentos. Pesquisas tamb\u00e9m est\u00e3o demonstrando a melhoria da produtividade. Outro benef\u00edcio \u00e9 a qualidade de vida, porque profissionais que antes demandavam at\u00e9 tr\u00eas horas [para se deslocar ao trabalho], esse benef\u00edcio veio para ficar. E mais um benef\u00edcio, para o meio ambiente, com menos carros nas ruas e menos emiss\u00e3o de CO2\u201d, elenca.\u00a0<\/span><\/p>\n<p style=\"text-align: justify;\"><span style=\"font-size: 14pt; font-family: arial, helvetica, sans-serif;\">Uma pesquisa do DataSenado apontou que 41% dos entrevistados que trabalham em casa relataram maior produtividade do que no modelo laboral tradicional, de ida a um escrit\u00f3rio, por exemplo. Outros 38% alegaram que o desempenho n\u00e3o se alterou, ante 19% que sentiram queda no rendimento.\u00a0<\/span><\/p>\n<h2 style=\"text-align: justify;\"><span style=\"font-size: 14pt; font-family: arial, helvetica, sans-serif;\">Economia<\/span><\/h2>\n<p style=\"text-align: justify;\"><span style=\"font-size: 14pt; font-family: arial, helvetica, sans-serif;\">Um dos grandes pontos apontados pelos defensores do teletrabalho \u00e9 a economia que isso gera aos cofres p\u00fablicos e ao caixa das empresas. O Governo Federal, por exemplo, divulgou que, entre abril e setembro, economizou cerca de R$ 1 bilh\u00e3o gra\u00e7as ao home office. A redu\u00e7\u00e3o de custos mais significativa ocorreu com di\u00e1rias, passagens e despesas com locomo\u00e7\u00e3o, cerca de R$ 471 milh\u00f5es.\u00a0<\/span><\/p>\n<p style=\"text-align: justify;\"><span style=\"font-size: 14pt; font-family: arial, helvetica, sans-serif;\">Outro Executivo que publicou um balan\u00e7o da economia com o teletrabalho foi o governo de Goi\u00e1s. Ao todo, o estado conseguiu economizar mais de R$ 83 milh\u00f5es com despesas de custeio entre abril e agosto, na compara\u00e7\u00e3o com o mesmo per\u00edodo do ano passado.\u00a0<\/span><\/p>\n<p style=\"text-align: justify;\">\n<p><span style=\"font-size: 14pt; font-family: arial, helvetica, sans-serif;\">Fonte: <a href=\"https:\/\/brasil61.com\/noticias\/mudanca-na-clt-propoe-mesma-regra-do-presencial-para-home-office-bras202273?email=fmpanorama2010@hotmail.com&amp;utm_source=newsletter&amp;utm_medium=newsletter&amp;utm_campaign=newsletter\" target=\"_blank\" rel=\"noopener noreferrer\">Brasil 61<\/a><\/span><\/p>\n","protected":false},"excerpt":{"rendered":"<p>Um Projeto de Lei apresentado na C&acirc;mara dos Deputados prev&ecirc; que a jornada de trabalho no regime de home office atenda &agrave;s mesmas normas do trabalho presencial, preconizadas pela Consolida&ccedil;&atilde;o das Leis do Trabalho (CLT). De acordo com as regras atuais, a jornada de oito horas e o descanso m&iacute;nimo de 11 horas entre duas jornadas n&atilde;o se aplicam ao trabalho remoto.&nbsp; O PL 4831\/20, que tem autoria do deputado Jo&atilde;o Daniel (PT\/SE), tamb&eacute;m acrescenta novos dispositivos &agrave; legisla&ccedil;&atilde;o atual, como permitir as atividades durante o intervalo entre jornadas. Mas para isso ser&aacute; necess&aacute;rio um acordo entre o empregador e &#8230; <\/p>\n<p class=\"read-more-container\"><a title=\"Mudan\u00e7a na CLT prop\u00f5e mesma regra do presencial para home office\" class=\"read-more button\" href=\"https:\/\/blogdojuniorcavalcanti.com.br\/index.php\/2020\/10\/21\/mudanca-na-clt-propoe-mesma-regra-do-presencial-para-home-office\/#more-8363\" aria-label=\"More on Mudan\u00e7a na CLT prop\u00f5e mesma regra do presencial para home office\">Leia mais<\/a><\/p>\n","protected":false},"author":2,"featured_media":0,"comment_status":"open","ping_status":"open","sticky":false,"template":"","format":"standard","meta":{"footnotes":""},"categories":[1],"tags":[],"class_list":["post-8363","post","type-post","status-publish","format-standard","hentry","category-sem-categoria"],"_links":{"self":[{"href":"https:\/\/blogdojuniorcavalcanti.com.br\/index.php\/wp-json\/wp\/v2\/posts\/8363","targetHints":{"allow":["GET"]}}],"collection":[{"href":"https:\/\/blogdojuniorcavalcanti.com.br\/index.php\/wp-json\/wp\/v2\/posts"}],"about":[{"href":"https:\/\/blogdojuniorcavalcanti.com.br\/index.php\/wp-json\/wp\/v2\/types\/post"}],"author":[{"embeddable":true,"href":"https:\/\/blogdojuniorcavalcanti.com.br\/index.php\/wp-json\/wp\/v2\/users\/2"}],"replies":[{"embeddable":true,"href":"https:\/\/blogdojuniorcavalcanti.com.br\/index.php\/wp-json\/wp\/v2\/comments?post=8363"}],"version-history":[{"count":1,"href":"https:\/\/blogdojuniorcavalcanti.com.br\/index.php\/wp-json\/wp\/v2\/posts\/8363\/revisions"}],"predecessor-version":[{"id":8364,"href":"https:\/\/blogdojuniorcavalcanti.com.br\/index.php\/wp-json\/wp\/v2\/posts\/8363\/revisions\/8364"}],"wp:attachment":[{"href":"https:\/\/blogdojuniorcavalcanti.com.br\/index.php\/wp-json\/wp\/v2\/media?parent=8363"}],"wp:term":[{"taxonomy":"category","embeddable":true,"href":"https:\/\/blogdojuniorcavalcanti.com.br\/index.php\/wp-json\/wp\/v2\/categories?post=8363"},{"taxonomy":"post_tag","embeddable":true,"href":"https:\/\/blogdojuniorcavalcanti.com.br\/index.php\/wp-json\/wp\/v2\/tags?post=8363"}],"curies":[{"name":"wp","href":"https:\/\/api.w.org\/{rel}","templated":true}]}}