{"id":8399,"date":"2020-10-22T15:21:44","date_gmt":"2020-10-22T18:21:44","guid":{"rendered":"http:\/\/blogdojuniorcavalcanti.com.br\/?p=8399"},"modified":"2020-10-22T15:21:44","modified_gmt":"2020-10-22T18:21:44","slug":"governo-federal-divulga-balanco-do-fundo-constitucional-de-financiamento-do-nordeste-emergencial","status":"publish","type":"post","link":"https:\/\/blogdojuniorcavalcanti.com.br\/index.php\/2020\/10\/22\/governo-federal-divulga-balanco-do-fundo-constitucional-de-financiamento-do-nordeste-emergencial\/","title":{"rendered":"Governo Federal divulga balan\u00e7o do Fundo Constitucional de Financiamento do Nordeste emergencial"},"content":{"rendered":"<p style=\"text-align: justify;\"><span style=\"font-size: 14pt; font-family: arial, helvetica, sans-serif;\"><img decoding=\"async\" class=\"aligncenter\" src=\"https:\/\/s3-sa-east-1.amazonaws.com\/agencia-radio-arb\/variants\/Mbuir9bFoimE3UpzNA8vf7vz\/b6ddb1640e40bdd68db56d48e7164c4813c0819bad11420b1fe7db253f4a5ce3\" alt=\"Foto: Marcello Casal Jr.\/Ag\u00eancia Brasil\" \/>O Governo Federal divulgou o balan\u00e7o dos repasses do Fundo Constitucional de Financiamento do Nordeste (FNE) emergencial, destinado a empreendedores afetados pela crise econ\u00f4mica causada pela Covid-19. O Cear\u00e1 foi o estado mais beneficiado, com R$ 609,7 milh\u00f5es de recursos, seguido pela Bahia (R$ 511,6 milh\u00f5es) e Pernambuco (R$ 326,4 milh\u00f5es).<\/span><\/p>\n<p style=\"text-align: justify;\"><span style=\"font-size: 14pt; font-family: arial, helvetica, sans-serif;\">O setor de com\u00e9rcio e servi\u00e7os ficou com R$ 2,5 bilh\u00f5es dos repasses do FNE emergencial e ind\u00fastria R$ 178,8 milh\u00f5es. Ao todo, segundo o governo federal, foram contratados R$ 2,5 bilh\u00f5es para capital de giro e R$ 294,7 milh\u00f5es para investimentos.<\/span><\/p>\n<p style=\"text-align: justify;\"><span style=\"font-size: 14pt; font-family: arial, helvetica, sans-serif;\"><a href=\"https:\/\/brasil61.com\/noticias\/fundo-de-financiamento-do-centro-oeste-tem-diretrizes-definidas-por-meio-de-resolucao-bras201631\">Fundo Constitucional de Financiamento do Centro-Oeste t\u00eam diretrizes definidas por meio de resolu\u00e7\u00e3o<\/a><\/span><\/p>\n<p style=\"text-align: justify;\"><span style=\"font-size: 14pt; font-family: arial, helvetica, sans-serif;\">De acordo com o Governo Federal, o Fundo Constitucional de Financiamento do Nordeste tem como finalidade contribuir para o desenvolvimento dos estados da regi\u00e3o e parte de Minas Gerais e Esp\u00edrito Santo. T\u00eam direito ao benef\u00edcio produtores, empresas, pessoas f\u00edsicas e jur\u00eddicas, cooperativas de produ\u00e7\u00e3o, entre outros empreendedores.<\/span><\/p>\n<p style=\"text-align: justify;\">\n<p><span style=\"font-size: 14pt; font-family: arial, helvetica, sans-serif;\">Fonte: <a href=\"https:\/\/brasil61.com\/noticias\/governo-federal-divulga-balanco-do-fundo-constitucional-de-financiamento-do-nordeste-emergencial-bras202315?email=fmpanorama2010@hotmail.com&amp;utm_source=newsletter&amp;utm_medium=newsletter&amp;utm_campaign=newsletter\" target=\"_blank\" rel=\"noopener noreferrer\">Brasil 61<\/a><\/span><\/p>\n","protected":false},"excerpt":{"rendered":"<p>O Governo Federal divulgou o balan&ccedil;o dos repasses do Fundo Constitucional de Financiamento do Nordeste (FNE) emergencial, destinado a empreendedores afetados pela crise econ&ocirc;mica causada pela Covid-19. O Cear&aacute; foi o estado mais beneficiado, com R$ 609,7 milh&otilde;es de recursos, seguido pela Bahia (R$ 511,6 milh&otilde;es) e Pernambuco (R$ 326,4 milh&otilde;es). O setor de com&eacute;rcio e servi&ccedil;os ficou com R$ 2,5 bilh&otilde;es dos repasses do FNE emergencial e ind&uacute;stria R$ 178,8 milh&otilde;es. Ao todo, segundo o governo federal, foram contratados R$ 2,5 bilh&otilde;es para capital de giro e R$ 294,7 milh&otilde;es para investimentos. Fundo Constitucional de Financiamento do Centro-Oeste t&ecirc;m &#8230; <\/p>\n<p class=\"read-more-container\"><a title=\"Governo Federal divulga balan\u00e7o do Fundo Constitucional de Financiamento do Nordeste emergencial\" class=\"read-more button\" href=\"https:\/\/blogdojuniorcavalcanti.com.br\/index.php\/2020\/10\/22\/governo-federal-divulga-balanco-do-fundo-constitucional-de-financiamento-do-nordeste-emergencial\/#more-8399\" aria-label=\"More on Governo Federal divulga balan\u00e7o do Fundo Constitucional de Financiamento do Nordeste emergencial\">Leia mais<\/a><\/p>\n","protected":false},"author":2,"featured_media":0,"comment_status":"open","ping_status":"open","sticky":false,"template":"","format":"standard","meta":{"footnotes":""},"categories":[1],"tags":[],"class_list":["post-8399","post","type-post","status-publish","format-standard","hentry","category-sem-categoria"],"_links":{"self":[{"href":"https:\/\/blogdojuniorcavalcanti.com.br\/index.php\/wp-json\/wp\/v2\/posts\/8399","targetHints":{"allow":["GET"]}}],"collection":[{"href":"https:\/\/blogdojuniorcavalcanti.com.br\/index.php\/wp-json\/wp\/v2\/posts"}],"about":[{"href":"https:\/\/blogdojuniorcavalcanti.com.br\/index.php\/wp-json\/wp\/v2\/types\/post"}],"author":[{"embeddable":true,"href":"https:\/\/blogdojuniorcavalcanti.com.br\/index.php\/wp-json\/wp\/v2\/users\/2"}],"replies":[{"embeddable":true,"href":"https:\/\/blogdojuniorcavalcanti.com.br\/index.php\/wp-json\/wp\/v2\/comments?post=8399"}],"version-history":[{"count":1,"href":"https:\/\/blogdojuniorcavalcanti.com.br\/index.php\/wp-json\/wp\/v2\/posts\/8399\/revisions"}],"predecessor-version":[{"id":8400,"href":"https:\/\/blogdojuniorcavalcanti.com.br\/index.php\/wp-json\/wp\/v2\/posts\/8399\/revisions\/8400"}],"wp:attachment":[{"href":"https:\/\/blogdojuniorcavalcanti.com.br\/index.php\/wp-json\/wp\/v2\/media?parent=8399"}],"wp:term":[{"taxonomy":"category","embeddable":true,"href":"https:\/\/blogdojuniorcavalcanti.com.br\/index.php\/wp-json\/wp\/v2\/categories?post=8399"},{"taxonomy":"post_tag","embeddable":true,"href":"https:\/\/blogdojuniorcavalcanti.com.br\/index.php\/wp-json\/wp\/v2\/tags?post=8399"}],"curies":[{"name":"wp","href":"https:\/\/api.w.org\/{rel}","templated":true}]}}