{"id":8429,"date":"2020-10-26T06:13:21","date_gmt":"2020-10-26T09:13:21","guid":{"rendered":"http:\/\/blogdojuniorcavalcanti.com.br\/?p=8429"},"modified":"2020-10-26T06:13:21","modified_gmt":"2020-10-26T09:13:21","slug":"30-dos-estabelecimentos-nao-vao-abrir-as-portas-diz-diretor-da-abrasel","status":"publish","type":"post","link":"https:\/\/blogdojuniorcavalcanti.com.br\/index.php\/2020\/10\/26\/30-dos-estabelecimentos-nao-vao-abrir-as-portas-diz-diretor-da-abrasel\/","title":{"rendered":"\u201c30% dos estabelecimentos n\u00e3o v\u00e3o abrir as portas\u201d, diz diretor da Abrasel"},"content":{"rendered":"<p style=\"text-align: justify;\"><span style=\"font-size: 14pt; font-family: arial, helvetica, sans-serif;\"><img decoding=\"async\" class=\"aligncenter\" src=\"https:\/\/s3-sa-east-1.amazonaws.com\/agencia-radio-arb\/variants\/FYPzmqTXNbMbtY1de9TwSM98\/b6ddb1640e40bdd68db56d48e7164c4813c0819bad11420b1fe7db253f4a5ce3\" alt=\"Marcelo Casall Jr.\" \/>Ap\u00f3s sete meses de quarentena em raz\u00e3o da pandemia do novo\u00a0coronav\u00edrus, os setores econ\u00f4micos de todo mundo precisaram se reinventar. Mesmo com todas as solu\u00e7\u00f5es encontradas para os estabelecimentos aliment\u00edcios, a Associa\u00e7\u00e3o Nacional de Restaurantes (ANR)\u00a0calcula que dois milh\u00f5es de trabalhadores formais, em todo Brasil, foram demitidos\u00a0para equilibrar as contas negativas.<\/span><\/p>\n<p style=\"text-align: justify;\"><span style=\"font-size: 14pt; font-family: arial, helvetica, sans-serif;\">Mesmo ap\u00f3s a reabertura gradual dos servi\u00e7os, de acordo com o diretor da Associa\u00e7\u00e3o Brasileira de Bares e Restaurantes (Abrasel),\u00a0Jos\u00e9 Eduardo Camargo, o faturamento do setor caiu quase a metade, o que fez com que parte dos empres\u00e1rios fechassem os estabelecimentos definitivamente.<\/span><\/p>\n<p style=\"text-align: justify;\"><span style=\"font-size: 14pt; font-family: arial, helvetica, sans-serif;\">\u201cO que as nossas pesquisas tem apontado \u00e9 de que houve uma recupera\u00e7\u00e3o em setembro, de faturamento, principalmente por conta da permiss\u00e3o de abertura em\u00a0algumas cidades e da extens\u00e3o do hor\u00e1rio. No entanto o faturamento\u00a0est\u00e1 bem abaixo do mesmo per\u00edodo do ano passado. Isso para aqueles que reabriram, porque a gente estima que 30% dos estabelecimentos n\u00e3o v\u00e3o abrir as portas\u201d, avalia.\u00a0<\/span><\/p>\n<p style=\"text-align: justify;\"><span style=\"font-size: 14pt; font-family: arial, helvetica, sans-serif;\">As pesquisas ainda mostram\u00a0que no momento, os empres\u00e1rios est\u00e3o temerosos em contratar\u00a0pessoal. Situa\u00e7\u00e3o que a Associa\u00e7\u00e3o espera mudar com a chegada de fim de ano.\u00a0Segundo Fernando\u00a0Blower, diretor executivo da Associa\u00e7\u00e3o Nacional de Restaurantes (ANR), a recupera\u00e7\u00e3o total do setor est\u00e1\u00a0longe. De acordo com ele, os n\u00edveis de 2019\u00a0s\u00f3 voltar\u00e3o aser uma realidade\u00a0em 2022.<\/span><\/p>\n<p style=\"text-align: justify;\"><span style=\"font-size: 14pt; font-family: arial, helvetica, sans-serif;\">\u201cA recupera\u00e7\u00e3o\u00a0dos estabelecimentos aliment\u00edcios\u00a0dependente,\u00a0sobretudo, de se ter uma vacina ou n\u00e3o. Caso n\u00e3o tenha ou\u00a0demore,\u00a0essa retomada ser\u00e1\u00a0lenta. Nossas previs\u00f5es, acompanhando o cen\u00e1rio econ\u00f4mico no Brasil como um todo \u00e9 de\u00a0que s\u00f3 em 2022 retomemos os n\u00edveis\u00a0pr\u00e9-pandemia\u201d, alertou.\u00a0<\/span><\/p>\n<p style=\"text-align: justify;\"><span style=\"font-size: 14pt; font-family: arial, helvetica, sans-serif;\">Ainda de acordo com os levantamentos das associa\u00e7\u00f5es, odesempenho\u00a0dos restaurantes varia\u00a0de acordo com o tipo de servi\u00e7o, a localiza\u00e7\u00e3o e o p\u00fablico-alvo. Restaurantes voltados para classes A e B enfrentam mais dificuldades, apresentando quedas de 65% a 70% em vendas em compara\u00e7\u00e3o com o per\u00edodo\u00a0pr\u00e9-pandemia. J\u00e1\u00a0restaurantes voltados para classes C e D se recuperam mais rapidamente, com queda de 20%.<\/span><\/p>\n<p style=\"text-align: justify;\"><span style=\"font-size: 14pt; font-family: arial, helvetica, sans-serif;\"><img fetchpriority=\"high\" decoding=\"async\" class=\"aligncenter\" src=\"\/\/s3-sa-east-1.amazonaws.com\/agencia-radio-arb\/3048\/content_perdas-setor-restaurante.png\" alt=\"\" width=\"594\" height=\"251\" \/><\/span><\/p>\n<p style=\"text-align: justify;\">\n<p><span style=\"font-size: 14pt; font-family: arial, helvetica, sans-serif;\">Fonte: <a href=\"https:\/\/brasil61.com\/noticias\/30-dos-estabelecimentos-nao-vao-abrir-as-portas-diz-diretor-da-abrasel-bras202327?email=fmpanorama2010@hotmail.com&amp;utm_source=newsletter&amp;utm_medium=newsletter&amp;utm_campaign=newsletter\" target=\"_blank\" rel=\"noopener noreferrer\">Brasil 61<\/a><\/span><\/p>\n","protected":false},"excerpt":{"rendered":"<p>Ap&oacute;s sete meses de quarentena em raz&atilde;o da pandemia do novo&nbsp;coronav&iacute;rus, os setores econ&ocirc;micos de todo mundo precisaram se reinventar. Mesmo com todas as solu&ccedil;&otilde;es encontradas para os estabelecimentos aliment&iacute;cios, a Associa&ccedil;&atilde;o Nacional de Restaurantes (ANR)&nbsp;calcula que dois milh&otilde;es de trabalhadores formais, em todo Brasil, foram demitidos&nbsp;para equilibrar as contas negativas. Mesmo ap&oacute;s a reabertura gradual dos servi&ccedil;os, de acordo com o diretor da Associa&ccedil;&atilde;o Brasileira de Bares e Restaurantes (Abrasel),&nbsp;Jos&eacute; Eduardo Camargo, o faturamento do setor caiu quase a metade, o que fez com que parte dos empres&aacute;rios fechassem os estabelecimentos definitivamente. &ldquo;O que as nossas pesquisas tem apontado &#8230; <\/p>\n<p class=\"read-more-container\"><a title=\"\u201c30% dos estabelecimentos n\u00e3o v\u00e3o abrir as portas\u201d, diz diretor da Abrasel\" class=\"read-more button\" href=\"https:\/\/blogdojuniorcavalcanti.com.br\/index.php\/2020\/10\/26\/30-dos-estabelecimentos-nao-vao-abrir-as-portas-diz-diretor-da-abrasel\/#more-8429\" aria-label=\"More on \u201c30% dos estabelecimentos n\u00e3o v\u00e3o abrir as portas\u201d, diz diretor da Abrasel\">Leia mais<\/a><\/p>\n","protected":false},"author":2,"featured_media":0,"comment_status":"open","ping_status":"open","sticky":false,"template":"","format":"standard","meta":{"footnotes":""},"categories":[1],"tags":[],"class_list":["post-8429","post","type-post","status-publish","format-standard","hentry","category-sem-categoria"],"_links":{"self":[{"href":"https:\/\/blogdojuniorcavalcanti.com.br\/index.php\/wp-json\/wp\/v2\/posts\/8429","targetHints":{"allow":["GET"]}}],"collection":[{"href":"https:\/\/blogdojuniorcavalcanti.com.br\/index.php\/wp-json\/wp\/v2\/posts"}],"about":[{"href":"https:\/\/blogdojuniorcavalcanti.com.br\/index.php\/wp-json\/wp\/v2\/types\/post"}],"author":[{"embeddable":true,"href":"https:\/\/blogdojuniorcavalcanti.com.br\/index.php\/wp-json\/wp\/v2\/users\/2"}],"replies":[{"embeddable":true,"href":"https:\/\/blogdojuniorcavalcanti.com.br\/index.php\/wp-json\/wp\/v2\/comments?post=8429"}],"version-history":[{"count":1,"href":"https:\/\/blogdojuniorcavalcanti.com.br\/index.php\/wp-json\/wp\/v2\/posts\/8429\/revisions"}],"predecessor-version":[{"id":8430,"href":"https:\/\/blogdojuniorcavalcanti.com.br\/index.php\/wp-json\/wp\/v2\/posts\/8429\/revisions\/8430"}],"wp:attachment":[{"href":"https:\/\/blogdojuniorcavalcanti.com.br\/index.php\/wp-json\/wp\/v2\/media?parent=8429"}],"wp:term":[{"taxonomy":"category","embeddable":true,"href":"https:\/\/blogdojuniorcavalcanti.com.br\/index.php\/wp-json\/wp\/v2\/categories?post=8429"},{"taxonomy":"post_tag","embeddable":true,"href":"https:\/\/blogdojuniorcavalcanti.com.br\/index.php\/wp-json\/wp\/v2\/tags?post=8429"}],"curies":[{"name":"wp","href":"https:\/\/api.w.org\/{rel}","templated":true}]}}