{"id":8493,"date":"2020-10-30T06:10:49","date_gmt":"2020-10-30T09:10:49","guid":{"rendered":"http:\/\/blogdojuniorcavalcanti.com.br\/?p=8493"},"modified":"2020-10-30T06:10:49","modified_gmt":"2020-10-30T09:10:49","slug":"rodovias-estaduais-terao-fiscalizacao-especial-durante-feriadao-de-finados","status":"publish","type":"post","link":"https:\/\/blogdojuniorcavalcanti.com.br\/index.php\/2020\/10\/30\/rodovias-estaduais-terao-fiscalizacao-especial-durante-feriadao-de-finados\/","title":{"rendered":"Rodovias estaduais ter\u00e3o fiscaliza\u00e7\u00e3o especial durante feriad\u00e3o de Finados"},"content":{"rendered":"<p style=\"text-align: justify;\"><span style=\"font-size: 14pt;\"><b><i><a href=\"https:\/\/i1.wp.com\/nilljunior.com.br\/wp-content\/uploads\/2020\/10\/rodovia-estadual.jpg?ssl=1\"><img fetchpriority=\"high\" decoding=\"async\" class=\"alignleft wp-image-188469\" src=\"https:\/\/i1.wp.com\/nilljunior.com.br\/wp-content\/uploads\/2020\/10\/rodovia-estadual.jpg?resize=400%2C533&amp;ssl=1\" sizes=\"(max-width: 400px) 100vw, 400px\" srcset=\"https:\/\/i1.wp.com\/nilljunior.com.br\/wp-content\/uploads\/2020\/10\/rodovia-estadual.jpg?w=864&amp;ssl=1 864w, https:\/\/i1.wp.com\/nilljunior.com.br\/wp-content\/uploads\/2020\/10\/rodovia-estadual.jpg?resize=188%2C250&amp;ssl=1 188w, https:\/\/i1.wp.com\/nilljunior.com.br\/wp-content\/uploads\/2020\/10\/rodovia-estadual.jpg?resize=768%2C1024&amp;ssl=1 768w, https:\/\/i1.wp.com\/nilljunior.com.br\/wp-content\/uploads\/2020\/10\/rodovia-estadual.jpg?resize=300%2C400&amp;ssl=1 300w\" alt=\"\" width=\"400\" height=\"533\" data-attachment-id=\"188469\" data-permalink=\"https:\/\/nilljunior.com.br\/rodovias-estaduais-terao-fiscalizacao-especial-durante-feriadao-de-finados\/rodovia-estadual\/\" data-orig-file=\"https:\/\/i1.wp.com\/nilljunior.com.br\/wp-content\/uploads\/2020\/10\/rodovia-estadual.jpg?fit=864%2C1152&amp;ssl=1\" data-orig-size=\"864,1152\" data-comments-opened=\"1\" data-image-meta=\"{&quot;aperture&quot;:&quot;0&quot;,&quot;credit&quot;:&quot;&quot;,&quot;camera&quot;:&quot;&quot;,&quot;caption&quot;:&quot;&quot;,&quot;created_timestamp&quot;:&quot;0&quot;,&quot;copyright&quot;:&quot;&quot;,&quot;focal_length&quot;:&quot;0&quot;,&quot;iso&quot;:&quot;0&quot;,&quot;shutter_speed&quot;:&quot;0&quot;,&quot;title&quot;:&quot;&quot;,&quot;orientation&quot;:&quot;1&quot;}\" data-image-title=\"rodovia-estadual\" data-image-description=\"\" data-medium-file=\"https:\/\/i1.wp.com\/nilljunior.com.br\/wp-content\/uploads\/2020\/10\/rodovia-estadual.jpg?fit=188%2C250&amp;ssl=1\" data-large-file=\"https:\/\/i1.wp.com\/nilljunior.com.br\/wp-content\/uploads\/2020\/10\/rodovia-estadual.jpg?fit=300%2C400&amp;ssl=1\" \/><\/a><span style=\"font-family: arial, helvetica, sans-serif;\">O trabalho nas estradas contar\u00e1 com refor\u00e7o do Batalh\u00e3o de Pol\u00edcia Rodovi\u00e1ria e da Pol\u00edcia Rodovi\u00e1ria Federal<\/span><\/i><\/b><\/span><\/p>\n<p style=\"text-align: justify;\"><span style=\"font-size: 14pt; font-family: arial, helvetica, sans-serif;\">Para melhorar a fluidez do tr\u00e1fego nas rodovias, garantir mais seguran\u00e7a e a mobilidade dos pernambucanos durante o per\u00edodo do feriad\u00e3o de Finados, o Departamento de Estradas de Rodagem (DER), \u00f3rg\u00e3o vinculado \u00e0 Secretaria de Infraestrutura e Recursos H\u00eddricos (Seinfra), realizar\u00e1 um conjunto de a\u00e7\u00f5es preventivas e refor\u00e7ar\u00e1 a fiscaliza\u00e7\u00e3o nas estradas, a partir das 12h desta sexta (30) at\u00e9 \u00e0s 05h da pr\u00f3xima ter\u00e7a (03).<\/span><\/p>\n<p style=\"text-align: justify;\"><span style=\"font-size: 14pt; font-family: arial, helvetica, sans-serif;\">Na sexta-feira (30), as lombadas eletr\u00f4nicas nos trechos mais movimentados da BR-232,\u00a0 no bairro do Curado, zona Oeste da capital, com destino ao Agreste e ao Sert\u00e3o do estado e da rodovia PE-060, que d\u00e1 acesso ao Litoral Sul, no munic\u00edpio de Ipojuca, ser\u00e3o desligadas.\u00a0<\/span><\/p>\n<p style=\"text-align: justify;\"><span style=\"font-size: 14pt; font-family: arial, helvetica, sans-serif;\">Os equipamentos s\u00f3 ser\u00e3o religados \u00e0s 05h\u202c da manh\u00e3 da ter\u00e7a-feira\u202c (03). Essa a\u00e7\u00e3o visa melhorar a fluidez do tr\u00e2nsito nos locais, identificados como pontos onde h\u00e1 o maior volume de carros circulando nas vias.<\/span><\/p>\n<p style=\"text-align: justify;\"><span style=\"font-size: 14pt; font-family: arial, helvetica, sans-serif;\">O DER refor\u00e7ar\u00e1 tamb\u00e9m a fiscaliza\u00e7\u00e3o nas estradas, com aux\u00edlio do Batalh\u00e3o de Pol\u00edcia Rodovi\u00e1ria (BPRv) e da Pol\u00edcia Rodovi\u00e1ria Federal (PRF), nas vias federais que est\u00e3o sob sua responsabilidade.<\/span><\/p>\n<p style=\"text-align: justify;\"><span style=\"font-size: 14pt; font-family: arial, helvetica, sans-serif;\">A PE-009 e suas vias de acesso: VPE-052 e VPE-034, situadas nos munic\u00edpios do Cabo de Santo Agostinho e em Ipojuca, passar\u00e3o a contar com fiscaliza\u00e7\u00e3o por meio de videomonitoramento.\u00a0<\/span><\/p>\n<p style=\"text-align: justify;\"><span style=\"font-size: 14pt; font-family: arial, helvetica, sans-serif;\">A iniciativa ser\u00e1 realizada pelo BPRv, em tempo real, diretamente do Centro de Controle Operacional da Concession\u00e1ria Rota do Atl\u00e2ntico, atrav\u00e9s da capta\u00e7\u00e3o de imagens das 49 c\u00e2meras instaladas no Complexo Vi\u00e1rio, identificando situa\u00e7\u00f5es de risco e autuando os motoristas infratores.\u00a0<\/span><\/p>\n<p style=\"text-align: justify;\"><span style=\"font-size: 14pt; font-family: arial, helvetica, sans-serif;\">\u201cEstamos mais uma vez com as aten\u00e7\u00f5es redobradas e as a\u00e7\u00f5es intensificadas, como sempre fazemos nos per\u00edodos especiais, a exemplo dos feriados prolongados. Um dos nossos prop\u00f3sitos \u00e9 melhorar a mobilidade nas rodovias, minimizando os transtornos como os congestionamentos nos hor\u00e1rios de pico, na ida e na volta. A determina\u00e7\u00e3o do Governo de Pernambuco \u00e9 impedir as irregularidades, garantindo mais seguran\u00e7a nas vias,\u201d destacou o coordenador de Transporte e Tr\u00e2nsito do DER, F\u00e1bio Barbosa.<\/span><\/p>\n","protected":false},"excerpt":{"rendered":"<p>O trabalho nas estradas contar&aacute; com refor&ccedil;o do Batalh&atilde;o de Pol&iacute;cia Rodovi&aacute;ria e da Pol&iacute;cia Rodovi&aacute;ria Federal Para melhorar a fluidez do tr&aacute;fego nas rodovias, garantir mais seguran&ccedil;a e a mobilidade dos pernambucanos durante o per&iacute;odo do feriad&atilde;o de Finados, o Departamento de Estradas de Rodagem (DER), &oacute;rg&atilde;o vinculado &agrave; Secretaria de Infraestrutura e Recursos H&iacute;dricos (Seinfra), realizar&aacute; um conjunto de a&ccedil;&otilde;es preventivas e refor&ccedil;ar&aacute; a fiscaliza&ccedil;&atilde;o nas estradas, a partir das 12h desta sexta (30) at&eacute; &agrave;s 05h da pr&oacute;xima ter&ccedil;a (03). Na sexta-feira (30), as lombadas eletr&ocirc;nicas nos trechos mais movimentados da BR-232,&nbsp; no bairro do Curado, zona &#8230; <\/p>\n<p class=\"read-more-container\"><a title=\"Rodovias estaduais ter\u00e3o fiscaliza\u00e7\u00e3o especial durante feriad\u00e3o de Finados\" class=\"read-more button\" href=\"https:\/\/blogdojuniorcavalcanti.com.br\/index.php\/2020\/10\/30\/rodovias-estaduais-terao-fiscalizacao-especial-durante-feriadao-de-finados\/#more-8493\" aria-label=\"More on Rodovias estaduais ter\u00e3o fiscaliza\u00e7\u00e3o especial durante feriad\u00e3o de Finados\">Leia mais<\/a><\/p>\n","protected":false},"author":2,"featured_media":0,"comment_status":"open","ping_status":"open","sticky":false,"template":"","format":"standard","meta":{"footnotes":""},"categories":[1],"tags":[],"class_list":["post-8493","post","type-post","status-publish","format-standard","hentry","category-sem-categoria"],"_links":{"self":[{"href":"https:\/\/blogdojuniorcavalcanti.com.br\/index.php\/wp-json\/wp\/v2\/posts\/8493","targetHints":{"allow":["GET"]}}],"collection":[{"href":"https:\/\/blogdojuniorcavalcanti.com.br\/index.php\/wp-json\/wp\/v2\/posts"}],"about":[{"href":"https:\/\/blogdojuniorcavalcanti.com.br\/index.php\/wp-json\/wp\/v2\/types\/post"}],"author":[{"embeddable":true,"href":"https:\/\/blogdojuniorcavalcanti.com.br\/index.php\/wp-json\/wp\/v2\/users\/2"}],"replies":[{"embeddable":true,"href":"https:\/\/blogdojuniorcavalcanti.com.br\/index.php\/wp-json\/wp\/v2\/comments?post=8493"}],"version-history":[{"count":1,"href":"https:\/\/blogdojuniorcavalcanti.com.br\/index.php\/wp-json\/wp\/v2\/posts\/8493\/revisions"}],"predecessor-version":[{"id":8494,"href":"https:\/\/blogdojuniorcavalcanti.com.br\/index.php\/wp-json\/wp\/v2\/posts\/8493\/revisions\/8494"}],"wp:attachment":[{"href":"https:\/\/blogdojuniorcavalcanti.com.br\/index.php\/wp-json\/wp\/v2\/media?parent=8493"}],"wp:term":[{"taxonomy":"category","embeddable":true,"href":"https:\/\/blogdojuniorcavalcanti.com.br\/index.php\/wp-json\/wp\/v2\/categories?post=8493"},{"taxonomy":"post_tag","embeddable":true,"href":"https:\/\/blogdojuniorcavalcanti.com.br\/index.php\/wp-json\/wp\/v2\/tags?post=8493"}],"curies":[{"name":"wp","href":"https:\/\/api.w.org\/{rel}","templated":true}]}}