{"id":8593,"date":"2020-11-05T14:55:14","date_gmt":"2020-11-05T17:55:14","guid":{"rendered":"http:\/\/blogdojuniorcavalcanti.com.br\/?p=8593"},"modified":"2020-11-05T14:55:14","modified_gmt":"2020-11-05T17:55:14","slug":"wellington-da-lw-falta-a-debate-com-professores-e-servidores-da-aesa","status":"publish","type":"post","link":"https:\/\/blogdojuniorcavalcanti.com.br\/index.php\/2020\/11\/05\/wellington-da-lw-falta-a-debate-com-professores-e-servidores-da-aesa\/","title":{"rendered":"Wellington da LW falta a debate com professores e servidores da AESA"},"content":{"rendered":"<p style=\"text-align: justify;\"><span style=\"font-size: 14pt;\"><img fetchpriority=\"high\" decoding=\"async\" class=\"alignleft wp-image-188991\" src=\"https:\/\/i0.wp.com\/nilljunior.com.br\/wp-content\/uploads\/2020\/11\/WhatsApp-Image-2020-11-05-at-10.37.18.jpeg?resize=400%2C254&amp;ssl=1\" sizes=\"(max-width: 400px) 100vw, 400px\" srcset=\"https:\/\/i0.wp.com\/nilljunior.com.br\/wp-content\/uploads\/2020\/11\/WhatsApp-Image-2020-11-05-at-10.37.18.jpeg?w=817&amp;ssl=1 817w, https:\/\/i0.wp.com\/nilljunior.com.br\/wp-content\/uploads\/2020\/11\/WhatsApp-Image-2020-11-05-at-10.37.18.jpeg?resize=300%2C191&amp;ssl=1 300w, https:\/\/i0.wp.com\/nilljunior.com.br\/wp-content\/uploads\/2020\/11\/WhatsApp-Image-2020-11-05-at-10.37.18.jpeg?resize=768%2C488&amp;ssl=1 768w, https:\/\/i0.wp.com\/nilljunior.com.br\/wp-content\/uploads\/2020\/11\/WhatsApp-Image-2020-11-05-at-10.37.18.jpeg?resize=600%2C380&amp;ssl=1 600w\" alt=\"\" width=\"400\" height=\"253\" data-attachment-id=\"188991\" data-permalink=\"https:\/\/nilljunior.com.br\/wellington-da-lw-falta-a-debate-com-professores-e-servidores-da-aesa\/whatsapp-image-2020-11-05-at-10-37-18\/\" data-orig-file=\"https:\/\/i0.wp.com\/nilljunior.com.br\/wp-content\/uploads\/2020\/11\/WhatsApp-Image-2020-11-05-at-10.37.18.jpeg?fit=817%2C519&amp;ssl=1\" data-orig-size=\"817,519\" data-comments-opened=\"1\" data-image-meta=\"{&quot;aperture&quot;:&quot;0&quot;,&quot;credit&quot;:&quot;&quot;,&quot;camera&quot;:&quot;&quot;,&quot;caption&quot;:&quot;&quot;,&quot;created_timestamp&quot;:&quot;0&quot;,&quot;copyright&quot;:&quot;&quot;,&quot;focal_length&quot;:&quot;0&quot;,&quot;iso&quot;:&quot;0&quot;,&quot;shutter_speed&quot;:&quot;0&quot;,&quot;title&quot;:&quot;&quot;,&quot;orientation&quot;:&quot;0&quot;}\" data-image-title=\"WhatsApp Image 2020-11-05 at 10.37.18\" data-image-description=\"\" data-medium-file=\"https:\/\/i0.wp.com\/nilljunior.com.br\/wp-content\/uploads\/2020\/11\/WhatsApp-Image-2020-11-05-at-10.37.18.jpeg?fit=300%2C191&amp;ssl=1\" data-large-file=\"https:\/\/i0.wp.com\/nilljunior.com.br\/wp-content\/uploads\/2020\/11\/WhatsApp-Image-2020-11-05-at-10.37.18.jpeg?fit=600%2C381&amp;ssl=1\" \/><span style=\"font-family: arial, helvetica, sans-serif;\">O candidato do MDB, Wellington da LW, apoiado pela prefeita Madalena Britto (PSB), n\u00e3o compareceu ao debate programado para esta quarta-feira (04) com os professores e servidores da Autarquia de Ensino Superior de Arcoverde \u2013 AESA.<\/span><\/span><\/p>\n<p style=\"text-align: justify;\"><span style=\"font-size: 14pt; font-family: arial, helvetica, sans-serif;\">Na semana passada os representantes de todos os candidatos participaram de reuni\u00e3o com a dire\u00e7\u00e3o do sindicato das duas categorias. Assinou a ata e confirmou a presen\u00e7a do candidato o advogado Anselmo Pacheco Filho.<\/span><\/p>\n<p style=\"text-align: justify;\"><span style=\"font-size: 14pt; font-family: arial, helvetica, sans-serif;\">No debate, que ocorreria entre o candidato e os representantes dos funcion\u00e1rios e professores, Wellington, assim como os demais prefeitur\u00e1veis (Francisco Leite, Zeca Cavalcanti e Cybele Roa), teria um tempo de 20 minutos para expor suas ideias e projetos para a Autarquia de Ensino Superior de Arcoverde caso fosse eleito. Mas ele n\u00e3o compareceu.<\/span><\/p>\n<p style=\"text-align: justify;\"><span style=\"font-size: 14pt; font-family: arial, helvetica, sans-serif;\">Na mesa, ficou a cadeira vazia que seria destinada ao candidato Wellington, ao lado do professor Ot\u00e1vio Rolim, que teve que pedir desculpas aos participantes do debate e que iriam formular perguntas ao prefeitur\u00e1vel. Nesta quinta-feira (05) \u00e9 a vez da candidata do AVANTE, Cybele Roa, debater com a comunidade acad\u00eamica da AESA. Na sexta-feira (06), \u00e9 a vez do candidato do PTB, Zeca Cavalcanti.<\/span><\/p>\n","protected":false},"excerpt":{"rendered":"<p>O candidato do MDB, Wellington da LW, apoiado pela prefeita Madalena Britto (PSB), n&atilde;o compareceu ao debate programado para esta quarta-feira (04) com os professores e servidores da Autarquia de Ensino Superior de Arcoverde &ndash; AESA. Na semana passada os representantes de todos os candidatos participaram de reuni&atilde;o com a dire&ccedil;&atilde;o do sindicato das duas categorias. Assinou a ata e confirmou a presen&ccedil;a do candidato o advogado Anselmo Pacheco Filho. No debate, que ocorreria entre o candidato e os representantes dos funcion&aacute;rios e professores, Wellington, assim como os demais prefeitur&aacute;veis (Francisco Leite, Zeca Cavalcanti e Cybele Roa), teria um tempo &#8230; <\/p>\n<p class=\"read-more-container\"><a title=\"Wellington da LW falta a debate com professores e servidores da AESA\" class=\"read-more button\" href=\"https:\/\/blogdojuniorcavalcanti.com.br\/index.php\/2020\/11\/05\/wellington-da-lw-falta-a-debate-com-professores-e-servidores-da-aesa\/#more-8593\" aria-label=\"More on Wellington da LW falta a debate com professores e servidores da AESA\">Leia mais<\/a><\/p>\n","protected":false},"author":2,"featured_media":0,"comment_status":"open","ping_status":"open","sticky":false,"template":"","format":"standard","meta":{"footnotes":""},"categories":[1],"tags":[],"class_list":["post-8593","post","type-post","status-publish","format-standard","hentry","category-sem-categoria"],"_links":{"self":[{"href":"https:\/\/blogdojuniorcavalcanti.com.br\/index.php\/wp-json\/wp\/v2\/posts\/8593","targetHints":{"allow":["GET"]}}],"collection":[{"href":"https:\/\/blogdojuniorcavalcanti.com.br\/index.php\/wp-json\/wp\/v2\/posts"}],"about":[{"href":"https:\/\/blogdojuniorcavalcanti.com.br\/index.php\/wp-json\/wp\/v2\/types\/post"}],"author":[{"embeddable":true,"href":"https:\/\/blogdojuniorcavalcanti.com.br\/index.php\/wp-json\/wp\/v2\/users\/2"}],"replies":[{"embeddable":true,"href":"https:\/\/blogdojuniorcavalcanti.com.br\/index.php\/wp-json\/wp\/v2\/comments?post=8593"}],"version-history":[{"count":1,"href":"https:\/\/blogdojuniorcavalcanti.com.br\/index.php\/wp-json\/wp\/v2\/posts\/8593\/revisions"}],"predecessor-version":[{"id":8594,"href":"https:\/\/blogdojuniorcavalcanti.com.br\/index.php\/wp-json\/wp\/v2\/posts\/8593\/revisions\/8594"}],"wp:attachment":[{"href":"https:\/\/blogdojuniorcavalcanti.com.br\/index.php\/wp-json\/wp\/v2\/media?parent=8593"}],"wp:term":[{"taxonomy":"category","embeddable":true,"href":"https:\/\/blogdojuniorcavalcanti.com.br\/index.php\/wp-json\/wp\/v2\/categories?post=8593"},{"taxonomy":"post_tag","embeddable":true,"href":"https:\/\/blogdojuniorcavalcanti.com.br\/index.php\/wp-json\/wp\/v2\/tags?post=8593"}],"curies":[{"name":"wp","href":"https:\/\/api.w.org\/{rel}","templated":true}]}}