{"id":8622,"date":"2020-11-09T06:29:08","date_gmt":"2020-11-09T09:29:08","guid":{"rendered":"http:\/\/blogdojuniorcavalcanti.com.br\/?p=8622"},"modified":"2020-11-09T06:29:08","modified_gmt":"2020-11-09T09:29:08","slug":"governo-mineiro-lanca-programa-de-capacitacao-para-retomada-economica-em-municipios","status":"publish","type":"post","link":"https:\/\/blogdojuniorcavalcanti.com.br\/index.php\/2020\/11\/09\/governo-mineiro-lanca-programa-de-capacitacao-para-retomada-economica-em-municipios\/","title":{"rendered":"Governo mineiro lan\u00e7a programa de capacita\u00e7\u00e3o para retomada econ\u00f4mica em munic\u00edpios"},"content":{"rendered":"<p style=\"text-align: justify;\"><span style=\"font-size: 14pt; font-family: arial, helvetica, sans-serif;\"><img decoding=\"async\" class=\"aligncenter\" src=\"https:\/\/s3-sa-east-1.amazonaws.com\/agencia-radio-arb\/variants\/vN1VfnPX5E7RCSJqvdH4iw8L\/b6ddb1640e40bdd68db56d48e7164c4813c0819bad11420b1fe7db253f4a5ce3\" alt=\"Foto: Gil Leonardi\/ Imprensa MG\" \/>O governador de Minas Gerais, Romeu Zema, anunciou, nessa quarta-feira (4), a cria\u00e7\u00e3o do Programa de Lideran\u00e7a para a Retomada Econ\u00f4mica. O objetivo, segundo Zema, \u00e9 atrair novos investimentos, desenvolver neg\u00f3cios e gerar empregos por meio de pol\u00edticas econ\u00f4micas.\u00a0<\/span><\/p>\n<p style=\"text-align: justify;\"><span style=\"font-size: 14pt; font-family: arial, helvetica, sans-serif;\">A iniciativa \u00e9 voltada para os prefeitos (as) e gestores (as) de secretarias municipais que v\u00e3o iniciar seus mandatos. At\u00e9 2021, segundo o planejamento, ser\u00e3o capacitadas seis turmas, totalizando 300 lideran\u00e7as e 150 cidades mineiras alcan\u00e7adas.\u00a0<\/span><\/p>\n<p style=\"text-align: justify;\"><span style=\"font-size: 14pt; font-family: arial, helvetica, sans-serif;\"><strong><a href=\"https:\/\/brasil61.com\/noticias\/confianca-dos-empresarios-da-industria-mineira-se-aproxima-do-patamar-anterior-a-pandemia-pind202242\" target=\"_blank\" rel=\"noopener noreferrer\">Confian\u00e7a dos empres\u00e1rios da ind\u00fastria mineira se aproxima do patamar anterior \u00e0 pandemia<\/a><\/strong><\/span><\/p>\n<p style=\"text-align: justify;\"><span style=\"font-size: 14pt; font-family: arial, helvetica, sans-serif;\"><strong><a href=\"https:\/\/brasil61.com\/noticias\/educacao-pode-perder-ate-r-40-bi-em-tributos-bras202477\" target=\"_blank\" rel=\"noopener noreferrer\">Educa\u00e7\u00e3o pode perder at\u00e9 R$ 40 bi em tributos<\/a><\/strong><\/span><\/p>\n<p style=\"text-align: justify;\"><span style=\"font-size: 14pt; font-family: arial, helvetica, sans-serif;\">De acordo com o governo, a capacita\u00e7\u00e3o vai abordar conhecimento econ\u00f4mico e tribut\u00e1rio para a elabora\u00e7\u00e3o de pol\u00edticas que ampliem os investimentos locais, criando melhores ambientes de neg\u00f3cio e fomentando a gera\u00e7\u00e3o de empregos e o empreendedorismo. Paralelamente, os participantes ser\u00e3o estimulados a desenvolver comportamentos e utilizar t\u00e9cnicas de lideran\u00e7a para mobilizar esfor\u00e7os e recursos de forma assertiva para ampliar a capacidade de recupera\u00e7\u00e3o econ\u00f4mica.<\/span><\/p>\n<p style=\"text-align: justify;\"><span style=\"font-size: 14pt; font-family: arial, helvetica, sans-serif;\">O programa \u00e9 uma parceria com a Funda\u00e7\u00e3o Jo\u00e3o Pinheiro (FJP), Secretaria de Estado de Desenvolvimento Econ\u00f4mico (Sede) e Associa\u00e7\u00e3o Mineira de Munic\u00edpios (AMM). A cria\u00e7\u00e3o foi motivada pelo contexto de perdas econ\u00f4micas causadas pela pandemia neste ano.\u00a0<\/span><\/p>\n<p style=\"text-align: justify;\"><span style=\"font-size: 14pt; font-family: arial, helvetica, sans-serif;\">Mais informa\u00e7\u00f5es do Programa e como participar est\u00e3o no site <a href=\"http:\/\/www.agenciaminas.mg.gov.br\/\" target=\"_blank\" rel=\"noopener noreferrer\">agenciaminas.mg.gov.br<\/a>.<\/span><\/p>\n<p style=\"text-align: justify;\">\n<p><span style=\"font-size: 14pt; font-family: arial, helvetica, sans-serif;\">Fonte: <a href=\"https:\/\/brasil61.com\/noticias\/governo-mineiro-lanca-programa-de-capacitacao-para-retomada-economica-em-municipios-bras202478?email=fmpanorama2010@hotmail.com&amp;utm_source=newsletter&amp;utm_medium=newsletter&amp;utm_campaign=newsletter\" target=\"_blank\" rel=\"noopener noreferrer\">Brasil 61<\/a><\/span><\/p>\n","protected":false},"excerpt":{"rendered":"<p>O governador de Minas Gerais, Romeu Zema, anunciou, nessa quarta-feira (4), a cria&ccedil;&atilde;o do Programa de Lideran&ccedil;a para a Retomada Econ&ocirc;mica. O objetivo, segundo Zema, &eacute; atrair novos investimentos, desenvolver neg&oacute;cios e gerar empregos por meio de pol&iacute;ticas econ&ocirc;micas.&nbsp; A iniciativa &eacute; voltada para os prefeitos (as) e gestores (as) de secretarias municipais que v&atilde;o iniciar seus mandatos. At&eacute; 2021, segundo o planejamento, ser&atilde;o capacitadas seis turmas, totalizando 300 lideran&ccedil;as e 150 cidades mineiras alcan&ccedil;adas.&nbsp; Confian&ccedil;a dos empres&aacute;rios da ind&uacute;stria mineira se aproxima do patamar anterior &agrave; pandemia Educa&ccedil;&atilde;o pode perder at&eacute; R$ 40 bi em tributos De acordo com &#8230; <\/p>\n<p class=\"read-more-container\"><a title=\"Governo mineiro lan\u00e7a programa de capacita\u00e7\u00e3o para retomada econ\u00f4mica em munic\u00edpios\" class=\"read-more button\" href=\"https:\/\/blogdojuniorcavalcanti.com.br\/index.php\/2020\/11\/09\/governo-mineiro-lanca-programa-de-capacitacao-para-retomada-economica-em-municipios\/#more-8622\" aria-label=\"More on Governo mineiro lan\u00e7a programa de capacita\u00e7\u00e3o para retomada econ\u00f4mica em munic\u00edpios\">Leia mais<\/a><\/p>\n","protected":false},"author":2,"featured_media":0,"comment_status":"open","ping_status":"open","sticky":false,"template":"","format":"standard","meta":{"footnotes":""},"categories":[1],"tags":[],"class_list":["post-8622","post","type-post","status-publish","format-standard","hentry","category-sem-categoria"],"_links":{"self":[{"href":"https:\/\/blogdojuniorcavalcanti.com.br\/index.php\/wp-json\/wp\/v2\/posts\/8622","targetHints":{"allow":["GET"]}}],"collection":[{"href":"https:\/\/blogdojuniorcavalcanti.com.br\/index.php\/wp-json\/wp\/v2\/posts"}],"about":[{"href":"https:\/\/blogdojuniorcavalcanti.com.br\/index.php\/wp-json\/wp\/v2\/types\/post"}],"author":[{"embeddable":true,"href":"https:\/\/blogdojuniorcavalcanti.com.br\/index.php\/wp-json\/wp\/v2\/users\/2"}],"replies":[{"embeddable":true,"href":"https:\/\/blogdojuniorcavalcanti.com.br\/index.php\/wp-json\/wp\/v2\/comments?post=8622"}],"version-history":[{"count":1,"href":"https:\/\/blogdojuniorcavalcanti.com.br\/index.php\/wp-json\/wp\/v2\/posts\/8622\/revisions"}],"predecessor-version":[{"id":8623,"href":"https:\/\/blogdojuniorcavalcanti.com.br\/index.php\/wp-json\/wp\/v2\/posts\/8622\/revisions\/8623"}],"wp:attachment":[{"href":"https:\/\/blogdojuniorcavalcanti.com.br\/index.php\/wp-json\/wp\/v2\/media?parent=8622"}],"wp:term":[{"taxonomy":"category","embeddable":true,"href":"https:\/\/blogdojuniorcavalcanti.com.br\/index.php\/wp-json\/wp\/v2\/categories?post=8622"},{"taxonomy":"post_tag","embeddable":true,"href":"https:\/\/blogdojuniorcavalcanti.com.br\/index.php\/wp-json\/wp\/v2\/tags?post=8622"}],"curies":[{"name":"wp","href":"https:\/\/api.w.org\/{rel}","templated":true}]}}