{"id":8730,"date":"2020-11-17T06:18:10","date_gmt":"2020-11-17T09:18:10","guid":{"rendered":"http:\/\/blogdojuniorcavalcanti.com.br\/?p=8730"},"modified":"2020-11-17T06:18:10","modified_gmt":"2020-11-17T09:18:10","slug":"pernambuco-chega-a-171-216-casos-e-8-838-mortes-por-covid-19","status":"publish","type":"post","link":"https:\/\/blogdojuniorcavalcanti.com.br\/index.php\/2020\/11\/17\/pernambuco-chega-a-171-216-casos-e-8-838-mortes-por-covid-19\/","title":{"rendered":"Pernambuco chega a 171.216 casos e 8.838 mortes por Covid-19"},"content":{"rendered":"<p style=\"text-align: justify;\"><span style=\"font-size: 14pt;\"><a href=\"https:\/\/i1.wp.com\/nilljunior.com.br\/wp-content\/uploads\/2020\/07\/pesquisa-corona.jpeg?ssl=1\"><img fetchpriority=\"high\" decoding=\"async\" class=\"alignleft wp-image-181030\" src=\"https:\/\/i1.wp.com\/nilljunior.com.br\/wp-content\/uploads\/2020\/07\/pesquisa-corona.jpeg?resize=400%2C257&amp;ssl=1\" sizes=\"(max-width: 400px) 100vw, 400px\" srcset=\"https:\/\/i1.wp.com\/nilljunior.com.br\/wp-content\/uploads\/2020\/07\/pesquisa-corona.jpeg?w=700&amp;ssl=1 700w, https:\/\/i1.wp.com\/nilljunior.com.br\/wp-content\/uploads\/2020\/07\/pesquisa-corona.jpeg?resize=300%2C193&amp;ssl=1 300w, https:\/\/i1.wp.com\/nilljunior.com.br\/wp-content\/uploads\/2020\/07\/pesquisa-corona.jpeg?resize=600%2C386&amp;ssl=1 600w\" alt=\"\" width=\"400\" height=\"257\" data-attachment-id=\"181030\" data-permalink=\"https:\/\/nilljunior.com.br\/pesquisa-indica-que-recife-e-belem-alcancaram-curva-epidemica-da-covid-19\/pesquisa-corona\/\" data-orig-file=\"https:\/\/i1.wp.com\/nilljunior.com.br\/wp-content\/uploads\/2020\/07\/pesquisa-corona.jpeg?fit=700%2C450&amp;ssl=1\" data-orig-size=\"700,450\" data-comments-opened=\"1\" data-image-meta=\"{&quot;aperture&quot;:&quot;0&quot;,&quot;credit&quot;:&quot;&quot;,&quot;camera&quot;:&quot;&quot;,&quot;caption&quot;:&quot;&quot;,&quot;created_timestamp&quot;:&quot;0&quot;,&quot;copyright&quot;:&quot;&quot;,&quot;focal_length&quot;:&quot;0&quot;,&quot;iso&quot;:&quot;0&quot;,&quot;shutter_speed&quot;:&quot;0&quot;,&quot;title&quot;:&quot;&quot;,&quot;orientation&quot;:&quot;0&quot;}\" data-image-title=\"pesquisa-corona\" data-image-description=\"\" data-medium-file=\"https:\/\/i1.wp.com\/nilljunior.com.br\/wp-content\/uploads\/2020\/07\/pesquisa-corona.jpeg?fit=300%2C193&amp;ssl=1\" data-large-file=\"https:\/\/i1.wp.com\/nilljunior.com.br\/wp-content\/uploads\/2020\/07\/pesquisa-corona.jpeg?fit=600%2C386&amp;ssl=1\" \/><\/a><span style=\"font-family: arial, helvetica, sans-serif;\">Foram confirmados, nesta segunda-feira (16), 356 novos casos e 11 \u00f3bitos de pacientes com a Covid-19 em Pernambuco. Com esse acr\u00e9scimo, o estado passou a contabilizar 171.216 pessoas infectadas e 8.838 mortes de pessoas que estavam com o novo coronav\u00edrus. Os n\u00fameros come\u00e7aram a ser registrados em 12 de mar\u00e7o.<\/span><\/span><\/p>\n<p style=\"text-align: justify;\"><span style=\"font-size: 14pt; font-family: arial, helvetica, sans-serif;\">De acordo com a Secretaria Estadual de Sa\u00fade (SES), 22 dos 356 casos confirmados nesta segunda foram de S\u00edndrome Respirat\u00f3ria Aguda Grave (Srag). Outras 334 pessoas tiveram quadro cl\u00ednico considerado leve. Com essa divis\u00e3o, o estado passou a ter 27.557 casos graves e 143.659 leves.<\/span><\/p>\n<p style=\"text-align: justify;\"><span style=\"font-size: 14pt; font-family: arial, helvetica, sans-serif;\">Do total de 11 mortes registradas nesta segunda, tr\u00eas ocorreram em novembro. Outras oito pessoas faleceram entre os dias 28 de julho e 31 de outubro.<\/span><\/p>\n","protected":false},"excerpt":{"rendered":"<p>Foram confirmados, nesta segunda-feira (16), 356 novos casos e 11 &oacute;bitos de pacientes com a Covid-19 em Pernambuco. Com esse acr&eacute;scimo, o estado passou a contabilizar 171.216 pessoas infectadas e 8.838 mortes de pessoas que estavam com o novo coronav&iacute;rus. Os n&uacute;meros come&ccedil;aram a ser registrados em 12 de mar&ccedil;o. De acordo com a Secretaria Estadual de Sa&uacute;de (SES), 22 dos 356 casos confirmados nesta segunda foram de S&iacute;ndrome Respirat&oacute;ria Aguda Grave (Srag). Outras 334 pessoas tiveram quadro cl&iacute;nico considerado leve. Com essa divis&atilde;o, o estado passou a ter 27.557 casos graves e 143.659 leves. Do total de 11 mortes &#8230; <\/p>\n<p class=\"read-more-container\"><a title=\"Pernambuco chega a 171.216 casos e 8.838 mortes por Covid-19\" class=\"read-more button\" href=\"https:\/\/blogdojuniorcavalcanti.com.br\/index.php\/2020\/11\/17\/pernambuco-chega-a-171-216-casos-e-8-838-mortes-por-covid-19\/#more-8730\" aria-label=\"More on Pernambuco chega a 171.216 casos e 8.838 mortes por Covid-19\">Leia mais<\/a><\/p>\n","protected":false},"author":2,"featured_media":0,"comment_status":"open","ping_status":"open","sticky":false,"template":"","format":"standard","meta":{"footnotes":""},"categories":[1],"tags":[],"class_list":["post-8730","post","type-post","status-publish","format-standard","hentry","category-sem-categoria"],"_links":{"self":[{"href":"https:\/\/blogdojuniorcavalcanti.com.br\/index.php\/wp-json\/wp\/v2\/posts\/8730","targetHints":{"allow":["GET"]}}],"collection":[{"href":"https:\/\/blogdojuniorcavalcanti.com.br\/index.php\/wp-json\/wp\/v2\/posts"}],"about":[{"href":"https:\/\/blogdojuniorcavalcanti.com.br\/index.php\/wp-json\/wp\/v2\/types\/post"}],"author":[{"embeddable":true,"href":"https:\/\/blogdojuniorcavalcanti.com.br\/index.php\/wp-json\/wp\/v2\/users\/2"}],"replies":[{"embeddable":true,"href":"https:\/\/blogdojuniorcavalcanti.com.br\/index.php\/wp-json\/wp\/v2\/comments?post=8730"}],"version-history":[{"count":1,"href":"https:\/\/blogdojuniorcavalcanti.com.br\/index.php\/wp-json\/wp\/v2\/posts\/8730\/revisions"}],"predecessor-version":[{"id":8731,"href":"https:\/\/blogdojuniorcavalcanti.com.br\/index.php\/wp-json\/wp\/v2\/posts\/8730\/revisions\/8731"}],"wp:attachment":[{"href":"https:\/\/blogdojuniorcavalcanti.com.br\/index.php\/wp-json\/wp\/v2\/media?parent=8730"}],"wp:term":[{"taxonomy":"category","embeddable":true,"href":"https:\/\/blogdojuniorcavalcanti.com.br\/index.php\/wp-json\/wp\/v2\/categories?post=8730"},{"taxonomy":"post_tag","embeddable":true,"href":"https:\/\/blogdojuniorcavalcanti.com.br\/index.php\/wp-json\/wp\/v2\/tags?post=8730"}],"curies":[{"name":"wp","href":"https:\/\/api.w.org\/{rel}","templated":true}]}}