{"id":8732,"date":"2020-11-17T06:18:41","date_gmt":"2020-11-17T09:18:41","guid":{"rendered":"http:\/\/blogdojuniorcavalcanti.com.br\/?p=8732"},"modified":"2020-11-17T06:18:41","modified_gmt":"2020-11-17T09:18:41","slug":"apos-deixar-sacerdocio-para-casar-padre-joselito-e-eleito-prefeito-em-gravata","status":"publish","type":"post","link":"https:\/\/blogdojuniorcavalcanti.com.br\/index.php\/2020\/11\/17\/apos-deixar-sacerdocio-para-casar-padre-joselito-e-eleito-prefeito-em-gravata\/","title":{"rendered":"Ap\u00f3s deixar sacerd\u00f3cio para casar, Padre Joselito \u00e9 eleito prefeito em Gravat\u00e1"},"content":{"rendered":"<p style=\"text-align: justify;\"><span style=\"font-size: 14pt;\"><a href=\"https:\/\/i2.wp.com\/nilljunior.com.br\/wp-content\/uploads\/2020\/11\/padre-joselito.jpg?ssl=1\"><img fetchpriority=\"high\" decoding=\"async\" class=\"alignleft wp-image-190131\" src=\"https:\/\/i2.wp.com\/nilljunior.com.br\/wp-content\/uploads\/2020\/11\/padre-joselito.jpg?resize=400%2C219&amp;ssl=1\" sizes=\"(max-width: 400px) 100vw, 400px\" srcset=\"https:\/\/i2.wp.com\/nilljunior.com.br\/wp-content\/uploads\/2020\/11\/padre-joselito.jpg?w=1366&amp;ssl=1 1366w, https:\/\/i2.wp.com\/nilljunior.com.br\/wp-content\/uploads\/2020\/11\/padre-joselito.jpg?resize=300%2C164&amp;ssl=1 300w, https:\/\/i2.wp.com\/nilljunior.com.br\/wp-content\/uploads\/2020\/11\/padre-joselito.jpg?resize=768%2C421&amp;ssl=1 768w, https:\/\/i2.wp.com\/nilljunior.com.br\/wp-content\/uploads\/2020\/11\/padre-joselito.jpg?resize=600%2C329&amp;ssl=1 600w\" alt=\"\" width=\"400\" height=\"219\" data-attachment-id=\"190131\" data-permalink=\"https:\/\/nilljunior.com.br\/apos-deixar-sacerdocio-para-casar-padre-joselito-e-eleito-prefeito-em-gravata\/padre-joselito\/\" data-orig-file=\"https:\/\/i2.wp.com\/nilljunior.com.br\/wp-content\/uploads\/2020\/11\/padre-joselito.jpg?fit=1366%2C748&amp;ssl=1\" data-orig-size=\"1366,748\" data-comments-opened=\"1\" data-image-meta=\"{&quot;aperture&quot;:&quot;0&quot;,&quot;credit&quot;:&quot;&quot;,&quot;camera&quot;:&quot;&quot;,&quot;caption&quot;:&quot;&quot;,&quot;created_timestamp&quot;:&quot;0&quot;,&quot;copyright&quot;:&quot;&quot;,&quot;focal_length&quot;:&quot;0&quot;,&quot;iso&quot;:&quot;0&quot;,&quot;shutter_speed&quot;:&quot;0&quot;,&quot;title&quot;:&quot;&quot;,&quot;orientation&quot;:&quot;0&quot;}\" data-image-title=\"padre-joselito\" data-image-description=\"\" data-medium-file=\"https:\/\/i2.wp.com\/nilljunior.com.br\/wp-content\/uploads\/2020\/11\/padre-joselito.jpg?fit=300%2C164&amp;ssl=1\" data-large-file=\"https:\/\/i2.wp.com\/nilljunior.com.br\/wp-content\/uploads\/2020\/11\/padre-joselito.jpg?fit=600%2C329&amp;ssl=1\" \/><\/a><span style=\"font-family: arial, helvetica, sans-serif;\"><strong>NE 10<\/strong><\/span><\/span><\/p>\n<p style=\"text-align: justify;\"><span style=\"font-size: 14pt; font-family: arial, helvetica, sans-serif;\">O candidato Padre Joselito (PSB) foi eleito neste domingo (15) em Gravat\u00e1, no Agreste de Pernambuco. Com 54,69% dos votos (26.909), ele superou o atual prefeito, que concorria \u00e0 reelei\u00e7\u00e3o, Joaquim Neto (PSDB), que obteve 41,68% (20.508 votos).<\/span><\/p>\n<p style=\"text-align: justify;\"><span style=\"font-size: 14pt; font-family: arial, helvetica, sans-serif;\">Joselito Gomes da Silva, 59 anos, foi ordenado padre em 1985. Ele come\u00e7ou o sacerd\u00f3cio na Par\u00f3quia de Nossa Senhora das Dores, a Catedral de Caruaru, e passou por outras cidades da regi\u00e3o.<\/span><\/p>\n<p style=\"text-align: justify;\"><span style=\"font-size: 14pt; font-family: arial, helvetica, sans-serif;\">Em 2012, o padre apresentou a carta de dispensa do sacerd\u00f3cio, uma vez que decidiu casar-se. Hoje, tem tr\u00eas filhos. O candidato afirma que o termo \u201cex-padre\u201d n\u00e3o existe.<\/span><\/p>\n<p style=\"text-align: justify;\"><span style=\"font-size: 14pt; font-family: arial, helvetica, sans-serif;\">Antes de ser eleito prefeito, Joselito concorreu ao cargo de conselheiro tutelar de Gravat\u00e1, e foi eleito em primeiro lugar. Em janeiro de 2020, ele apresentou a carta de desincompatibiliza\u00e7\u00e3o para concorrer \u00e0s elei\u00e7\u00f5es deste ano. Esta foi a primeira vez que ele disputou uma elei\u00e7\u00e3o.<\/span><\/p>\n<p style=\"text-align: justify;\"><span style=\"font-size: 14pt; font-family: arial, helvetica, sans-serif;\">Joselito concorreu na coliga\u00e7\u00e3o Frente Popular de Gravat\u00e1, que conta com os partidos PCdoB, PL, PT, PDT, PSC, Patriota, PV e PSB. O vice \u00e9 J\u00fanior Darita (PL).<\/span><\/p>\n<p style=\"text-align: justify;\"><span style=\"font-size: 14pt; font-family: arial, helvetica, sans-serif;\"><strong>Vota\u00e7\u00e3o \u2013<\/strong>\u00a0O terceiro lugar ficou com Rodolfo Silva (Cidadania), que obteve 3,39% dos votos (1.670) e o quarto, com o Delegado Wilson Alves (PTC), que obteve 0,23% (115 votos).<\/span><\/p>\n","protected":false},"excerpt":{"rendered":"<p>NE 10 O candidato Padre Joselito (PSB) foi eleito neste domingo (15) em Gravat&aacute;, no Agreste de Pernambuco. Com 54,69% dos votos (26.909), ele superou o atual prefeito, que concorria &agrave; reelei&ccedil;&atilde;o, Joaquim Neto (PSDB), que obteve 41,68% (20.508 votos). Joselito Gomes da Silva, 59 anos, foi ordenado padre em 1985. Ele come&ccedil;ou o sacerd&oacute;cio na Par&oacute;quia de Nossa Senhora das Dores, a Catedral de Caruaru, e passou por outras cidades da regi&atilde;o. Em 2012, o padre apresentou a carta de dispensa do sacerd&oacute;cio, uma vez que decidiu casar-se. Hoje, tem tr&ecirc;s filhos. O candidato afirma que o termo &ldquo;ex-padre&rdquo; &#8230; <\/p>\n<p class=\"read-more-container\"><a title=\"Ap\u00f3s deixar sacerd\u00f3cio para casar, Padre Joselito \u00e9 eleito prefeito em Gravat\u00e1\" class=\"read-more button\" href=\"https:\/\/blogdojuniorcavalcanti.com.br\/index.php\/2020\/11\/17\/apos-deixar-sacerdocio-para-casar-padre-joselito-e-eleito-prefeito-em-gravata\/#more-8732\" aria-label=\"More on Ap\u00f3s deixar sacerd\u00f3cio para casar, Padre Joselito \u00e9 eleito prefeito em Gravat\u00e1\">Leia mais<\/a><\/p>\n","protected":false},"author":2,"featured_media":0,"comment_status":"open","ping_status":"open","sticky":false,"template":"","format":"standard","meta":{"footnotes":""},"categories":[1],"tags":[],"class_list":["post-8732","post","type-post","status-publish","format-standard","hentry","category-sem-categoria"],"_links":{"self":[{"href":"https:\/\/blogdojuniorcavalcanti.com.br\/index.php\/wp-json\/wp\/v2\/posts\/8732","targetHints":{"allow":["GET"]}}],"collection":[{"href":"https:\/\/blogdojuniorcavalcanti.com.br\/index.php\/wp-json\/wp\/v2\/posts"}],"about":[{"href":"https:\/\/blogdojuniorcavalcanti.com.br\/index.php\/wp-json\/wp\/v2\/types\/post"}],"author":[{"embeddable":true,"href":"https:\/\/blogdojuniorcavalcanti.com.br\/index.php\/wp-json\/wp\/v2\/users\/2"}],"replies":[{"embeddable":true,"href":"https:\/\/blogdojuniorcavalcanti.com.br\/index.php\/wp-json\/wp\/v2\/comments?post=8732"}],"version-history":[{"count":1,"href":"https:\/\/blogdojuniorcavalcanti.com.br\/index.php\/wp-json\/wp\/v2\/posts\/8732\/revisions"}],"predecessor-version":[{"id":8733,"href":"https:\/\/blogdojuniorcavalcanti.com.br\/index.php\/wp-json\/wp\/v2\/posts\/8732\/revisions\/8733"}],"wp:attachment":[{"href":"https:\/\/blogdojuniorcavalcanti.com.br\/index.php\/wp-json\/wp\/v2\/media?parent=8732"}],"wp:term":[{"taxonomy":"category","embeddable":true,"href":"https:\/\/blogdojuniorcavalcanti.com.br\/index.php\/wp-json\/wp\/v2\/categories?post=8732"},{"taxonomy":"post_tag","embeddable":true,"href":"https:\/\/blogdojuniorcavalcanti.com.br\/index.php\/wp-json\/wp\/v2\/tags?post=8732"}],"curies":[{"name":"wp","href":"https:\/\/api.w.org\/{rel}","templated":true}]}}