{"id":8959,"date":"2020-12-03T06:19:52","date_gmt":"2020-12-03T09:19:52","guid":{"rendered":"http:\/\/blogdojuniorcavalcanti.com.br\/?p=8959"},"modified":"2020-12-03T06:19:52","modified_gmt":"2020-12-03T09:19:52","slug":"controladoria-geral-de-pernambuco-promove-semana-de-combate-a-corrupcao","status":"publish","type":"post","link":"https:\/\/blogdojuniorcavalcanti.com.br\/index.php\/2020\/12\/03\/controladoria-geral-de-pernambuco-promove-semana-de-combate-a-corrupcao\/","title":{"rendered":"Controladoria-Geral de Pernambuco promove \u201cSemana de Combate \u00e0 Corrup\u00e7\u00e3o\u201d"},"content":{"rendered":"<p style=\"text-align: justify;\"><span style=\"font-size: 14pt;\"><a href=\"https:\/\/i1.wp.com\/nilljunior.com.br\/wp-content\/uploads\/2020\/12\/combate-%C3%A0-corrup%C3%A7%C3%A3o_site.jpg?ssl=1\"><img fetchpriority=\"high\" decoding=\"async\" class=\"alignleft wp-image-191278\" src=\"https:\/\/i1.wp.com\/nilljunior.com.br\/wp-content\/uploads\/2020\/12\/combate-%C3%A0-corrup%C3%A7%C3%A3o_site.jpg?resize=400%2C267&amp;ssl=1\" sizes=\"(max-width: 400px) 100vw, 400px\" srcset=\"https:\/\/i1.wp.com\/nilljunior.com.br\/wp-content\/uploads\/2020\/12\/combate-\u00e0-corrup\u00e7\u00e3o_site.jpg?w=786&amp;ssl=1 786w, https:\/\/i1.wp.com\/nilljunior.com.br\/wp-content\/uploads\/2020\/12\/combate-\u00e0-corrup\u00e7\u00e3o_site.jpg?resize=150%2C100&amp;ssl=1 150w, https:\/\/i1.wp.com\/nilljunior.com.br\/wp-content\/uploads\/2020\/12\/combate-\u00e0-corrup\u00e7\u00e3o_site.jpg?resize=300%2C200&amp;ssl=1 300w, https:\/\/i1.wp.com\/nilljunior.com.br\/wp-content\/uploads\/2020\/12\/combate-\u00e0-corrup\u00e7\u00e3o_site.jpg?resize=768%2C512&amp;ssl=1 768w, https:\/\/i1.wp.com\/nilljunior.com.br\/wp-content\/uploads\/2020\/12\/combate-\u00e0-corrup\u00e7\u00e3o_site.jpg?resize=600%2C400&amp;ssl=1 600w\" alt=\"\" width=\"400\" height=\"267\" data-attachment-id=\"191278\" data-permalink=\"https:\/\/nilljunior.com.br\/controladoria-geral-de-pernambuco-promove-semana-de-combate-a-corrupcao\/combate-a-corrupcao_site\/\" data-orig-file=\"https:\/\/i1.wp.com\/nilljunior.com.br\/wp-content\/uploads\/2020\/12\/combate-\u00e0-corrup\u00e7\u00e3o_site.jpg?fit=786%2C524&amp;ssl=1\" data-orig-size=\"786,524\" data-comments-opened=\"1\" data-image-meta=\"{&quot;aperture&quot;:&quot;0&quot;,&quot;credit&quot;:&quot;&quot;,&quot;camera&quot;:&quot;&quot;,&quot;caption&quot;:&quot;&quot;,&quot;created_timestamp&quot;:&quot;0&quot;,&quot;copyright&quot;:&quot;&quot;,&quot;focal_length&quot;:&quot;0&quot;,&quot;iso&quot;:&quot;0&quot;,&quot;shutter_speed&quot;:&quot;0&quot;,&quot;title&quot;:&quot;&quot;,&quot;orientation&quot;:&quot;0&quot;}\" data-image-title=\"combate-\u00e0-corrup\u00e7\u00e3o_site\" data-image-description=\"\" data-medium-file=\"https:\/\/i1.wp.com\/nilljunior.com.br\/wp-content\/uploads\/2020\/12\/combate-\u00e0-corrup\u00e7\u00e3o_site.jpg?fit=300%2C200&amp;ssl=1\" data-large-file=\"https:\/\/i1.wp.com\/nilljunior.com.br\/wp-content\/uploads\/2020\/12\/combate-\u00e0-corrup\u00e7\u00e3o_site.jpg?fit=600%2C400&amp;ssl=1\" \/><\/a><span style=\"font-family: arial, helvetica, sans-serif;\">O governador Paulo C\u00e2mara e o ministro Augusto Nardes, do Tribunal de Contas da Uni\u00e3o (TCU), participam da programa\u00e7\u00e3o, que ocorre no per\u00edodo de 9 a 11 de dezembro.<\/span><\/span><\/p>\n<p style=\"text-align: justify;\"><span style=\"font-size: 14pt; font-family: arial, helvetica, sans-serif;\">A Secretaria da Controladoria-Geral do Estado de Pernambuco (SCGE) promove, no per\u00edodo de 9 a 11 de dezembro, a Semana de Combate \u00e0 Corrup\u00e7\u00e3o. A programa\u00e7\u00e3o ser\u00e1 aberta \u00e0s 15h, no Pal\u00e1cio do Campo das Princesas, com a presen\u00e7a do governador Paulo C\u00e2mara.\u00a0<\/span><\/p>\n<p style=\"text-align: justify;\"><span style=\"font-size: 14pt; font-family: arial, helvetica, sans-serif;\">Ele presidir\u00e1 a solenidade de institui\u00e7\u00e3o da Comiss\u00e3o de \u00c9tica P\u00fablica Estadual (CEP) e, em seguida, far\u00e1 o lan\u00e7amento de uma campanha institucional que tem o objetivo de incentivar a \u00e9tica e a integridade na administra\u00e7\u00e3o de Pernambuco. O evento ser\u00e1 transmitido, ao vivo, pelo canal da SCGE no YouTube.<\/span><\/p>\n<p style=\"text-align: justify;\"><span style=\"font-size: 14pt; font-family: arial, helvetica, sans-serif;\">No dia 10, das 14h \u00e0s 16h40, tamb\u00e9m com transmiss\u00e3o via YouTube, ser\u00e1 realizado o \u201cII Semin\u00e1rio de Combate \u00e0 Corrup\u00e7\u00e3o: governan\u00e7a e integridade no Estado de Pernambuco\u201d. A secret\u00e1ria da SCGE, \u00c9rika Lacet, far\u00e1 a abertura e iniciar\u00e1 uma conversa sobre \u201cCompliance na Administra\u00e7\u00e3o P\u00fablica e em Pernambuco\u201d, com a participa\u00e7\u00e3o do ministro Augusto Nardes, do Tribunal de Contas da Uni\u00e3o (TCU).<\/span><\/p>\n<p style=\"text-align: justify;\"><span style=\"font-size: 14pt; font-family: arial, helvetica, sans-serif;\">Na sequ\u00eancia, ocorrer\u00e1 o painel \u201cIntegridade nas contrata\u00e7\u00f5es p\u00fablicas\u201d, com Joyce Chagas, subcontroladora de Governan\u00e7a e Compliance da Controladoria-Geral do Distrito Federal (CGDF); Fabiana Maranh\u00e3o, coordenadora da Unidade de Compliance, Gest\u00e3o de Risco e Controles Internos de Suape; e M\u00e1rcia Muniz, presidente do Conselho Consultivo da Alliance for Integrity. A media\u00e7\u00e3o ser\u00e1 de Filipe Castro, diretor de Correi\u00e7\u00e3o da SCGE.<\/span><\/p>\n<p style=\"text-align: justify;\"><span style=\"font-size: 14pt; font-family: arial, helvetica, sans-serif;\">Fechando a programa\u00e7\u00e3o do dia 10, haver\u00e1 a palestra \u201cDesafios para o desenvolvimento das estruturas para medi\u00e7\u00e3o do desempenho correcional na administra\u00e7\u00e3o p\u00fablica\u201d, com Ricardo Miranda, coordenador dos Atos de Correi\u00e7\u00e3o e Tomada de Contas Especial da SCGE.<\/span><\/p>\n<p style=\"text-align: justify;\"><span style=\"font-size: 14pt; font-family: arial, helvetica, sans-serif;\">J\u00e1 na manh\u00e3 da sexta-feira, dia 11, ser\u00e1 realizada a primeira reuni\u00e3o t\u00e9cnica dos integrantes da Comiss\u00e3o de \u00c9tica P\u00fablica Estadual. E, \u00e0s 14h, encerrando a programa\u00e7\u00e3o da Semana de Combate \u00e0 Corrup\u00e7\u00e3o, a Controladoria-Geral apresentar\u00e1 aos seus servidores, numa atividade interna, o Programa de Integridade do \u00f3rg\u00e3o.\u00a0<\/span><\/p>\n<p style=\"text-align: justify;\"><span style=\"font-size: 14pt; font-family: arial, helvetica, sans-serif;\">Plano que engloba um conjunto estruturado de medidas institucionais voltadas para preven\u00e7\u00e3o, detec\u00e7\u00e3o, puni\u00e7\u00e3o e remedia\u00e7\u00e3o de pr\u00e1ticas de corrup\u00e7\u00e3o, fraudes, irregularidades e desvios \u00e9ticos e de conduta.<\/span><\/p>\n<p style=\"text-align: justify;\"><span style=\"font-size: 14pt; font-family: arial, helvetica, sans-serif;\">DATA \u2013 A Semana de Combate \u00e0 Corrup\u00e7\u00e3o da SCGE foi programada para marcar o Dia Internacional de Combate \u00e0 Corrup\u00e7\u00e3o, institu\u00eddo pela Organiza\u00e7\u00e3o das Na\u00e7\u00f5es Unidas (ONU) em outubro de 2003, no M\u00e9xico, e aceito pelo Brasil no dia 9 de dezembro do mesmo ano. A partir desta data, o governo brasileiro assumiu diversos compromissos contra a corrup\u00e7\u00e3o, perante a comunidade internacional.<\/span><\/p>\n","protected":false},"excerpt":{"rendered":"<p>O governador Paulo C&acirc;mara e o ministro Augusto Nardes, do Tribunal de Contas da Uni&atilde;o (TCU), participam da programa&ccedil;&atilde;o, que ocorre no per&iacute;odo de 9 a 11 de dezembro. A Secretaria da Controladoria-Geral do Estado de Pernambuco (SCGE) promove, no per&iacute;odo de 9 a 11 de dezembro, a Semana de Combate &agrave; Corrup&ccedil;&atilde;o. A programa&ccedil;&atilde;o ser&aacute; aberta &agrave;s 15h, no Pal&aacute;cio do Campo das Princesas, com a presen&ccedil;a do governador Paulo C&acirc;mara.&nbsp; Ele presidir&aacute; a solenidade de institui&ccedil;&atilde;o da Comiss&atilde;o de &Eacute;tica P&uacute;blica Estadual (CEP) e, em seguida, far&aacute; o lan&ccedil;amento de uma campanha institucional que tem o objetivo de &#8230; <\/p>\n<p class=\"read-more-container\"><a title=\"Controladoria-Geral de Pernambuco promove \u201cSemana de Combate \u00e0 Corrup\u00e7\u00e3o\u201d\" class=\"read-more button\" href=\"https:\/\/blogdojuniorcavalcanti.com.br\/index.php\/2020\/12\/03\/controladoria-geral-de-pernambuco-promove-semana-de-combate-a-corrupcao\/#more-8959\" aria-label=\"More on Controladoria-Geral de Pernambuco promove \u201cSemana de Combate \u00e0 Corrup\u00e7\u00e3o\u201d\">Leia mais<\/a><\/p>\n","protected":false},"author":2,"featured_media":0,"comment_status":"open","ping_status":"open","sticky":false,"template":"","format":"standard","meta":{"footnotes":""},"categories":[1],"tags":[],"class_list":["post-8959","post","type-post","status-publish","format-standard","hentry","category-sem-categoria"],"_links":{"self":[{"href":"https:\/\/blogdojuniorcavalcanti.com.br\/index.php\/wp-json\/wp\/v2\/posts\/8959","targetHints":{"allow":["GET"]}}],"collection":[{"href":"https:\/\/blogdojuniorcavalcanti.com.br\/index.php\/wp-json\/wp\/v2\/posts"}],"about":[{"href":"https:\/\/blogdojuniorcavalcanti.com.br\/index.php\/wp-json\/wp\/v2\/types\/post"}],"author":[{"embeddable":true,"href":"https:\/\/blogdojuniorcavalcanti.com.br\/index.php\/wp-json\/wp\/v2\/users\/2"}],"replies":[{"embeddable":true,"href":"https:\/\/blogdojuniorcavalcanti.com.br\/index.php\/wp-json\/wp\/v2\/comments?post=8959"}],"version-history":[{"count":1,"href":"https:\/\/blogdojuniorcavalcanti.com.br\/index.php\/wp-json\/wp\/v2\/posts\/8959\/revisions"}],"predecessor-version":[{"id":8960,"href":"https:\/\/blogdojuniorcavalcanti.com.br\/index.php\/wp-json\/wp\/v2\/posts\/8959\/revisions\/8960"}],"wp:attachment":[{"href":"https:\/\/blogdojuniorcavalcanti.com.br\/index.php\/wp-json\/wp\/v2\/media?parent=8959"}],"wp:term":[{"taxonomy":"category","embeddable":true,"href":"https:\/\/blogdojuniorcavalcanti.com.br\/index.php\/wp-json\/wp\/v2\/categories?post=8959"},{"taxonomy":"post_tag","embeddable":true,"href":"https:\/\/blogdojuniorcavalcanti.com.br\/index.php\/wp-json\/wp\/v2\/tags?post=8959"}],"curies":[{"name":"wp","href":"https:\/\/api.w.org\/{rel}","templated":true}]}}