{"id":9127,"date":"2020-12-14T06:17:25","date_gmt":"2020-12-14T09:17:25","guid":{"rendered":"http:\/\/blogdojuniorcavalcanti.com.br\/?p=9127"},"modified":"2020-12-14T06:17:25","modified_gmt":"2020-12-14T09:17:25","slug":"comite-autoriza-vacina-da-pfizer-nos-eua-e-vacinacao-comeca-hoje","status":"publish","type":"post","link":"https:\/\/blogdojuniorcavalcanti.com.br\/index.php\/2020\/12\/14\/comite-autoriza-vacina-da-pfizer-nos-eua-e-vacinacao-comeca-hoje\/","title":{"rendered":"Comit\u00ea autoriza vacina da Pfizer nos EUA e vacina\u00e7\u00e3o come\u00e7a hoje"},"content":{"rendered":"<p style=\"text-align: justify;\"><span style=\"font-size: 14pt;\"><a href=\"https:\/\/i1.wp.com\/nilljunior.com.br\/wp-content\/uploads\/2020\/06\/Vacina.jpg?ssl=1\"><img fetchpriority=\"high\" decoding=\"async\" class=\"alignleft wp-image-176943\" src=\"https:\/\/i1.wp.com\/nilljunior.com.br\/wp-content\/uploads\/2020\/06\/Vacina.jpg?resize=400%2C255&amp;ssl=1\" sizes=\"(max-width: 400px) 100vw, 400px\" srcset=\"https:\/\/i1.wp.com\/nilljunior.com.br\/wp-content\/uploads\/2020\/06\/Vacina.jpg?w=4949&amp;ssl=1 4949w, https:\/\/i1.wp.com\/nilljunior.com.br\/wp-content\/uploads\/2020\/06\/Vacina.jpg?resize=300%2C191&amp;ssl=1 300w, https:\/\/i1.wp.com\/nilljunior.com.br\/wp-content\/uploads\/2020\/06\/Vacina.jpg?resize=768%2C490&amp;ssl=1 768w, https:\/\/i1.wp.com\/nilljunior.com.br\/wp-content\/uploads\/2020\/06\/Vacina.jpg?resize=600%2C383&amp;ssl=1 600w, https:\/\/i1.wp.com\/nilljunior.com.br\/wp-content\/uploads\/2020\/06\/Vacina.jpg?w=2000&amp;ssl=1 2000w, https:\/\/i1.wp.com\/nilljunior.com.br\/wp-content\/uploads\/2020\/06\/Vacina.jpg?w=3000&amp;ssl=1 3000w\" alt=\"\" width=\"400\" height=\"255\" data-attachment-id=\"176943\" data-permalink=\"https:\/\/nilljunior.com.br\/vacina-de-oxford-contra-covid-19-sera-testada-em-2-mil-voluntarios-no-brasil\/vacina-3\/\" data-orig-file=\"https:\/\/i1.wp.com\/nilljunior.com.br\/wp-content\/uploads\/2020\/06\/Vacina.jpg?fit=4949%2C3156&amp;ssl=1\" data-orig-size=\"4949,3156\" data-comments-opened=\"1\" data-image-meta=\"{&quot;aperture&quot;:&quot;0&quot;,&quot;credit&quot;:&quot;&quot;,&quot;camera&quot;:&quot;&quot;,&quot;caption&quot;:&quot;&quot;,&quot;created_timestamp&quot;:&quot;0&quot;,&quot;copyright&quot;:&quot;&quot;,&quot;focal_length&quot;:&quot;0&quot;,&quot;iso&quot;:&quot;0&quot;,&quot;shutter_speed&quot;:&quot;0&quot;,&quot;title&quot;:&quot;&quot;,&quot;orientation&quot;:&quot;0&quot;}\" data-image-title=\"Vacina\" data-image-description=\"\" data-medium-file=\"https:\/\/i1.wp.com\/nilljunior.com.br\/wp-content\/uploads\/2020\/06\/Vacina.jpg?fit=300%2C191&amp;ssl=1\" data-large-file=\"https:\/\/i1.wp.com\/nilljunior.com.br\/wp-content\/uploads\/2020\/06\/Vacina.jpg?fit=600%2C383&amp;ssl=1\" \/><\/a><span style=\"font-family: arial, helvetica, sans-serif;\">O Centro de Controle e Preven\u00e7\u00e3o de Doen\u00e7as dos Estados Unidos (CDC, na sigla em ingl\u00eas) autorizou hoje o uso da vacina da Pfizer-BioNTech contra o novo coronav\u00edrus em pessoas com mais de 16 anos. Com este \u00faltimo aval, o in\u00edcio da imuniza\u00e7\u00e3o est\u00e1 previsto para hoje (14).<\/span><\/span><\/p>\n<p style=\"text-align: justify;\"><span style=\"font-size: 14pt; font-family: arial, helvetica, sans-serif;\">A autoriza\u00e7\u00e3o foi assinada pelo diretor do CDC, Robert Redfield. A vacina j\u00e1 havia sido aprovada emergencialmente pelo FDA, ag\u00eancia de vigil\u00e2ncia sanit\u00e1ria do pa\u00eds, na \u00faltima sexta (11), mas precisava da chancela do CDC para ser aprovada.<\/span><\/p>\n<p style=\"text-align: justify;\"><span style=\"font-size: 14pt; font-family: arial, helvetica, sans-serif;\">Na avalia\u00e7\u00e3o do CDC, a vacina da Pfizer tem alta efic\u00e1cia em todas as faixas et\u00e1rias, embora a libera\u00e7\u00e3o se d\u00ea apenas para acima dos 16 anos, inclusive para pessoas que j\u00e1 apresentam anticorpos, com evid\u00eancia de infec\u00e7\u00e3o pelo Sars-CoV-2 \u2013 algo que ainda n\u00e3o se sabe sobre a CoronaVac, vacina produzida pela Sinovac em parceria com o Instituto Butantan.<\/span><\/p>\n<p style=\"text-align: justify;\"><span style=\"font-size: 14pt; font-family: arial, helvetica, sans-serif;\">As informa\u00e7\u00f5es s\u00e3o das redes CNN e BBC. Segundo a norte-americana, os primeiros lotes j\u00e1 est\u00e3o sendo distribu\u00eddos da f\u00e1brica da farmac\u00eautica em Michigan para 600 locais do pa\u00eds neste domingo e, em alguns locais, pode come\u00e7ar j\u00e1 na pr\u00f3xima segunda ou ter\u00e7a.<\/span><\/p>\n<p style=\"text-align: justify;\"><span style=\"font-size: 14pt; font-family: arial, helvetica, sans-serif;\">Nos Estados Unidos, a distribui\u00e7\u00e3o ser\u00e1 feita pela rede privada. A companhia de postagem FedEx ser\u00e1 a respons\u00e1vel pelos envios na parte oeste do pa\u00eds enquanto a United Parcel Service distribuir\u00e1 para o leste.<\/span><\/p>\n<p style=\"text-align: justify;\"><span style=\"font-size: 14pt; font-family: arial, helvetica, sans-serif;\"><b>J\u00e1 foi aprovada em outros pa\u00edses<\/b><\/span><\/p>\n<p style=\"text-align: justify;\"><span style=\"font-size: 14pt; font-family: arial, helvetica, sans-serif;\">Os Estados Unidos s\u00e3o o quinto pa\u00eds a liberar o imunizante da Pfizer-BioNTech. Na \u00faltima semana, a vacina j\u00e1 foi aprovada no Reino Unido, no Canad\u00e1 e no Bahrein e, no s\u00e1bado (12), na Ar\u00e1bia Saudita.<\/span><\/p>\n<p style=\"text-align: justify;\"><span style=\"font-size: 14pt; font-family: arial, helvetica, sans-serif;\">Entre eles, a vacina\u00e7\u00e3o em massa s\u00f3 foi iniciada na Inglaterra na \u00faltima ter\u00e7a (8). O primeiro grupo \u00e9 voltado a pessoas acima de 80 anos e profissionais que atuam na \u00e1rea da sa\u00fade e em asilos. A primeira pessoa vacinada foi uma senhora de 90 anos.<\/span><\/p>\n<p style=\"text-align: justify;\"><span style=\"font-size: 14pt; font-family: arial, helvetica, sans-serif;\">No Canad\u00e1, a aprova\u00e7\u00e3o saiu na \u00faltima quarta (9). O pa\u00eds dever\u00e1 receber 249 mil doses da vacina ainda neste m\u00eas, mas n\u00e3o h\u00e1 data oficial para o in\u00edcio da vacina\u00e7\u00e3o. A informa\u00e7\u00e3o \u00e9 do\u00a0<b>UOL.<\/b><\/span><\/p>\n","protected":false},"excerpt":{"rendered":"<p>O Centro de Controle e Preven&ccedil;&atilde;o de Doen&ccedil;as dos Estados Unidos (CDC, na sigla em ingl&ecirc;s) autorizou hoje o uso da vacina da Pfizer-BioNTech contra o novo coronav&iacute;rus em pessoas com mais de 16 anos. Com este &uacute;ltimo aval, o in&iacute;cio da imuniza&ccedil;&atilde;o est&aacute; previsto para hoje (14). A autoriza&ccedil;&atilde;o foi assinada pelo diretor do CDC, Robert Redfield. A vacina j&aacute; havia sido aprovada emergencialmente pelo FDA, ag&ecirc;ncia de vigil&acirc;ncia sanit&aacute;ria do pa&iacute;s, na &uacute;ltima sexta (11), mas precisava da chancela do CDC para ser aprovada. Na avalia&ccedil;&atilde;o do CDC, a vacina da Pfizer tem alta efic&aacute;cia em todas as &#8230; <\/p>\n<p class=\"read-more-container\"><a title=\"Comit\u00ea autoriza vacina da Pfizer nos EUA e vacina\u00e7\u00e3o come\u00e7a hoje\" class=\"read-more button\" href=\"https:\/\/blogdojuniorcavalcanti.com.br\/index.php\/2020\/12\/14\/comite-autoriza-vacina-da-pfizer-nos-eua-e-vacinacao-comeca-hoje\/#more-9127\" aria-label=\"More on Comit\u00ea autoriza vacina da Pfizer nos EUA e vacina\u00e7\u00e3o come\u00e7a hoje\">Leia mais<\/a><\/p>\n","protected":false},"author":2,"featured_media":0,"comment_status":"open","ping_status":"open","sticky":false,"template":"","format":"standard","meta":{"footnotes":""},"categories":[1],"tags":[],"class_list":["post-9127","post","type-post","status-publish","format-standard","hentry","category-sem-categoria"],"_links":{"self":[{"href":"https:\/\/blogdojuniorcavalcanti.com.br\/index.php\/wp-json\/wp\/v2\/posts\/9127","targetHints":{"allow":["GET"]}}],"collection":[{"href":"https:\/\/blogdojuniorcavalcanti.com.br\/index.php\/wp-json\/wp\/v2\/posts"}],"about":[{"href":"https:\/\/blogdojuniorcavalcanti.com.br\/index.php\/wp-json\/wp\/v2\/types\/post"}],"author":[{"embeddable":true,"href":"https:\/\/blogdojuniorcavalcanti.com.br\/index.php\/wp-json\/wp\/v2\/users\/2"}],"replies":[{"embeddable":true,"href":"https:\/\/blogdojuniorcavalcanti.com.br\/index.php\/wp-json\/wp\/v2\/comments?post=9127"}],"version-history":[{"count":1,"href":"https:\/\/blogdojuniorcavalcanti.com.br\/index.php\/wp-json\/wp\/v2\/posts\/9127\/revisions"}],"predecessor-version":[{"id":9128,"href":"https:\/\/blogdojuniorcavalcanti.com.br\/index.php\/wp-json\/wp\/v2\/posts\/9127\/revisions\/9128"}],"wp:attachment":[{"href":"https:\/\/blogdojuniorcavalcanti.com.br\/index.php\/wp-json\/wp\/v2\/media?parent=9127"}],"wp:term":[{"taxonomy":"category","embeddable":true,"href":"https:\/\/blogdojuniorcavalcanti.com.br\/index.php\/wp-json\/wp\/v2\/categories?post=9127"},{"taxonomy":"post_tag","embeddable":true,"href":"https:\/\/blogdojuniorcavalcanti.com.br\/index.php\/wp-json\/wp\/v2\/tags?post=9127"}],"curies":[{"name":"wp","href":"https:\/\/api.w.org\/{rel}","templated":true}]}}